{"id":42513,"date":"2024-05-26T14:38:49","date_gmt":"2024-05-26T17:38:49","guid":{"rendered":"https:\/\/radiorevelacionfm.cl\/?p=42513"},"modified":"2024-05-26T14:38:49","modified_gmt":"2024-05-26T17:38:49","slug":"bienes-nacionales-expondra-patrimonio-documental-institucional-que-registra-la-historia-fundacional-de-aysen","status":"publish","type":"post","link":"https:\/\/radiorevelacionfm.cl\/?p=42513","title":{"rendered":"Bienes Nacionales expondr\u00e1 Patrimonio Documental institucional que registra la historia fundacional de Ays\u00e9n"},"content":{"rendered":"<div class=\"flex_column av_one_full  flex_column_div av-zero-column-padding first  avia-builder-el-0  el_before_av_one_full  avia-builder-el-first  \" style='border-radius:0px; '><div  class='avia-image-container  av-styling-    avia-builder-el-1  avia-builder-el-no-sibling  avia-align-center '  itemprop=\"image\" itemscope=\"itemscope\" itemtype=\"https:\/\/schema.org\/ImageObject\"  ><div class='avia-image-container-inner'><div class='avia-image-overlay-wrap'><img decoding=\"async\" class='wp-image-42514 avia-img-lazy-loading-not-42514 avia_image' src=\"https:\/\/radiorevelacionfm.cl\/wp-content\/uploads\/2024\/05\/WhatsApp-Image-2024-05-26-at-10.38.20-AM-1-1.jpeg\" alt='' title='WhatsApp Image 2024-05-26 at 10.38.20 AM (1) (1)' height=\"600\" width=\"800\"  itemprop=\"thumbnailUrl\" srcset=\"https:\/\/radiorevelacionfm.cl\/wp-content\/uploads\/2024\/05\/WhatsApp-Image-2024-05-26-at-10.38.20-AM-1-1.jpeg 800w, https:\/\/radiorevelacionfm.cl\/wp-content\/uploads\/2024\/05\/WhatsApp-Image-2024-05-26-at-10.38.20-AM-1-1-300x225.jpeg 300w, https:\/\/radiorevelacionfm.cl\/wp-content\/uploads\/2024\/05\/WhatsApp-Image-2024-05-26-at-10.38.20-AM-1-1-768x576.jpeg 768w, https:\/\/radiorevelacionfm.cl\/wp-content\/uploads\/2024\/05\/WhatsApp-Image-2024-05-26-at-10.38.20-AM-1-1-705x529.jpeg 705w, https:\/\/radiorevelacionfm.cl\/wp-content\/uploads\/2024\/05\/WhatsApp-Image-2024-05-26-at-10.38.20-AM-1-1-450x338.jpeg 450w, https:\/\/radiorevelacionfm.cl\/wp-content\/uploads\/2024\/05\/WhatsApp-Image-2024-05-26-at-10.38.20-AM-1-1-600x450.jpeg 600w\" sizes=\"(max-width: 800px) 100vw, 800px\" \/><\/div><\/div><\/div><\/div><div class=\"flex_column av_one_full  flex_column_div av-zero-column-padding first  avia-builder-el-2  el_after_av_one_full  el_before_av_one_full  column-top-margin\" style='border-radius:0px; '><section class=\"av_textblock_section \"  itemscope=\"itemscope\" itemtype=\"https:\/\/schema.org\/BlogPosting\" itemprop=\"blogPost\" ><div class='avia_textblock  '   itemprop=\"text\" ><p style=\"text-align: center;\"><span style=\"font-size: 18pt;\"><strong>Bienes Nacionales expondr\u00e1 Patrimonio Documental institucional que registra la historia fundacional de Ays\u00e9n <\/strong><\/span><\/p>\n<div id=\"gtx-trans\" style=\"position: absolute; left: -50px; top: 4.31534px;\">\n<div class=\"gtx-trans-icon\"><\/div>\n<\/div>\n<\/div><\/section><\/div><div class=\"flex_column av_one_full  flex_column_div av-zero-column-padding first  avia-builder-el-4  el_after_av_one_full  el_before_av_hr  column-top-margin\" style='border-radius:0px; '><section class=\"av_textblock_section \"  itemscope=\"itemscope\" itemtype=\"https:\/\/schema.org\/BlogPosting\" itemprop=\"blogPost\" ><div class='avia_textblock  '   itemprop=\"text\" ><p style=\"text-align: justify;\">Durante toda esta semana la Secretar\u00eda Regional Ministerial de Bienes Nacionales de Ays\u00e9n estar\u00e1 desarrollando actividades por el aniversario del Ministerio que administra la propiedad fiscal y que este a\u00f1o celebra sus 93 a\u00f1os de vida institucional.<\/p>\n<p style=\"text-align: justify;\">En esa l\u00ednea, desde la Seremi informaron de tres actividades centrales que se abrir\u00e1n a la comunidad para dar a conocer la puesta en valor del Patrimonio Documental presente en la instituci\u00f3n y que da cuenta de la historia fundacional de la regi\u00f3n de Ays\u00e9n, trabajo que relev\u00f3 la administraci\u00f3n de Irina Morend Valdebenito, quien resalt\u00f3 el trabajo de funcionarios a cargo del Archivo adem\u00e1s de la participaci\u00f3n del equipo de investigadores del FIC (Fondo de Innovaci\u00f3n para la Competitividad) que con recursos del Gobierno Regional y la Universidad de Ays\u00e9n levantaron el proyecto \u201cHabilitaci\u00f3n del Patrimonio Documental para el Desarrollo de la regi\u00f3n de Ays\u00e9n\u201d, acci\u00f3n que los profesionales del \u00e1rea, Mauricio Osorio, Camila Molettieri, Sebasti\u00e1n Saavedra y Miguel Mu\u00f1oz vienen desarrollando en dependencias de Bienes Nacionales de Ays\u00e9n hace aproximadamente un a\u00f1o y \u00a0entre lo ejecutado han implementado el orden y rescate de documentos en un nuevo dep\u00f3sito dispuesto con recursos sectoriales con la venia de las ministras Javiera Toro (hoy en Desarrollo Social y Familia) y Marcela Sandoval, con el fin de resguardar los registros hist\u00f3ricos que anteriormente eran conservados en bodegas con alto riesgo de deterioro.<\/p>\n<p style=\"text-align: justify;\"><strong>Actividades<\/strong><\/p>\n<p style=\"text-align: justify;\">Sobre el aniversario del Ministerio de Bienes Nacionales, la seremi Irina Morend, refiri\u00f3 que \u201ceste a\u00f1o cumplimos 93 a\u00f1os, antiguamente nos llam\u00e1bamos Ministerio de Tierras y Colonizaci\u00f3n donde nuestra principal tarea era promover la colonizaci\u00f3n del sur de Chile y resguardar el patrimonio del Estado. As\u00ed, esta semana de aniversario les vamos a contar c\u00f3mo nuestro Ministerio ha contribuido a la formaci\u00f3n y consolidaci\u00f3n del territorio de Ays\u00e9n a trav\u00e9s de documentos hist\u00f3ricos e im\u00e1genes del patrimonio documental y tambi\u00e9n a trav\u00e9s de historias y experiencias de antiguos funcionarios\u201d, refiri\u00f3 la autoridad, detallando la invitaci\u00f3n a la comunidad a la realizaci\u00f3n de las actividades, \u201cla primera ser\u00e1 una exposici\u00f3n en el Centro Cultural Coyhaique desde el 27 al 31 de mayo, en el cual se va a exponer el Patrimonio Documental que registra la historia fundacional de la regi\u00f3n de Ays\u00e9n a trav\u00e9s de documentos, im\u00e1genes, equipos y tambi\u00e9n se van a realizar visitas guiadas. La segunda actividad se va a realizar el martes 28 de mayo a las 17 horas tambi\u00e9n en el Centro Cultural Coyhaique, en este caso ser\u00e1 en la sala microcine donde realizaremos un conversatorio con exfuncionarios de la instituci\u00f3n que compartir\u00e1n informaci\u00f3n hist\u00f3rica, experiencias y an\u00e9cdotas del quehacer ministerial en el pasado. Finalmente el viernes 31 de mayo a las 18 horas en el sal\u00f3n auditorio del Museo Regional de Ays\u00e9n, vamos a realizar la ceremonia en la cual vamos a poner en valor el Patrimonio Documental de la Seremi y tambi\u00e9n se har\u00e1 un reconocimiento a las mejores iniciativas y proyectos que se est\u00e9n desarrollando en el patrimonio fiscal\u201d, coment\u00f3, invitando a revisar las redes sociales de la instituci\u00f3n (@aysenbbnn) donde se dar\u00e1 a conocer detalles de estas actividades.<\/p>\n<p style=\"text-align: justify;\">Por otro lado, la seremi coment\u00f3 que actualmente los investigadores del proyecto FIC se encuentran en proceso de digitalizaci\u00f3n de documentos con el fin de disponer del material en un repositorio digital, acci\u00f3n que permitir\u00e1 que los registros hist\u00f3ricos que dan cuenta de la colonizaci\u00f3n y fundaci\u00f3n de territorios durante el otrora Ministerio de Tierras y Colonizaci\u00f3n, sean accesibles para la comunidad con fines educacionales, para investigaci\u00f3n y uso institucional.<\/p>\n<\/div><\/section><\/div><div  style='height:50px' class='hr hr-invisible   avia-builder-el-6  el_after_av_one_full  el_before_av_social_share '><span class='hr-inner ' ><span class='hr-inner-style'><\/span><\/span><\/div><\/p>\n<div  class='av-social-sharing-box  avia-builder-el-7  el_after_av_hr  el_before_av_hr  '><div class='av-share-box'><h5 class='av-share-link-description av-no-toc '>Compartir esta noticia<\/h5><ul class='av-share-box-list noLightbox'><li class='av-share-link av-social-link-facebook' ><a target=\"_blank\" aria-label=\"Compartir en Facebook\" href='https:\/\/www.facebook.com\/sharer.php?u=https:\/\/radiorevelacionfm.cl\/?p=42513&#038;t=Bienes%20Nacionales%20expondr%C3%A1%20Patrimonio%20Documental%20institucional%20que%20registra%20la%20historia%20fundacional%20de%20Ays%C3%A9n' aria-hidden='false' data-av_icon='\ue8f3' data-av_iconfont='entypo-fontello' title='' data-avia-related-tooltip='Compartir en Facebook' rel=\"noopener\"><span class='avia_hidden_link_text'>Compartir en Facebook<\/span><\/a><\/li><li class='av-share-link av-social-link-twitter' ><a target=\"_blank\" aria-label=\"Compartir en Twitter\" href='https:\/\/twitter.com\/share?text=Bienes%20Nacionales%20expondr%C3%A1%20Patrimonio%20Documental%20institucional%20que%20registra%20la%20historia%20fundacional%20de%20Ays%C3%A9n&#038;url=https:\/\/radiorevelacionfm.cl\/?p=42513' aria-hidden='false' data-av_icon='\ue8f1' data-av_iconfont='entypo-fontello' title='' data-avia-related-tooltip='Compartir en Twitter' rel=\"noopener\"><span class='avia_hidden_link_text'>Compartir en Twitter<\/span><\/a><\/li><li class='av-share-link av-social-link-whatsapp' ><a target=\"_blank\" aria-label=\"Compartir en Whatsapp\" href='https:\/\/api.whatsapp.com\/send?text=https:\/\/radiorevelacionfm.cl\/?p=42513' aria-hidden='false' data-av_icon='\uf232' data-av_iconfont='entypo-fontello' title='' data-avia-related-tooltip='Compartir en Whatsapp' rel=\"noopener\"><span class='avia_hidden_link_text'>Compartir en Whatsapp<\/span><\/a><\/li><li class='av-share-link av-social-link-linkedin' ><a target=\"_blank\" aria-label=\"Compartir en LinkedIn\" href='https:\/\/linkedin.com\/shareArticle?mini=true&#038;title=Bienes%20Nacionales%20expondr%C3%A1%20Patrimonio%20Documental%20institucional%20que%20registra%20la%20historia%20fundacional%20de%20Ays%C3%A9n&#038;url=https:\/\/radiorevelacionfm.cl\/?p=42513' aria-hidden='false' data-av_icon='\ue8fc' data-av_iconfont='entypo-fontello' title='' data-avia-related-tooltip='Compartir en LinkedIn' rel=\"noopener\"><span class='avia_hidden_link_text'>Compartir en LinkedIn<\/span><\/a><\/li><li class='av-share-link av-social-link-mail' ><a  aria-label=\"Compartir por correo\" href='mailto:?subject=Bienes%20Nacionales%20expondr%C3%A1%20Patrimonio%20Documental%20institucional%20que%20registra%20la%20historia%20fundacional%20de%20Ays%C3%A9n&#038;body=https:\/\/radiorevelacionfm.cl\/?p=42513' aria-hidden='false' data-av_icon='\ue805' data-av_iconfont='entypo-fontello' title='' data-avia-related-tooltip='Compartir por correo'><span class='avia_hidden_link_text'>Compartir por correo<\/span><\/a><\/li><\/ul><\/div><\/div>\n<div  style='height:50px' class='hr hr-invisible   avia-builder-el-8  el_after_av_social_share  el_before_av_comments_list '><span class='hr-inner ' ><span class='hr-inner-style'><\/span><\/span><\/div>\n<div  class='av-buildercomment  av-blog-meta-html-info-disabled av-blog-meta-tag-disabled  '><\/div>\n","protected":false},"excerpt":{"rendered":"","protected":false},"author":1,"featured_media":42514,"comment_status":"open","ping_status":"open","sticky":false,"template":"","format":"standard","meta":{"footnotes":""},"categories":[38],"tags":[],"class_list":["post-42513","post","type-post","status-publish","format-standard","has-post-thumbnail","hentry","category-regional"],"jetpack_featured_media_url":"https:\/\/radiorevelacionfm.cl\/wp-content\/uploads\/2024\/05\/WhatsApp-Image-2024-05-26-at-10.38.20-AM-1-1.jpeg","_links":{"self":[{"href":"https:\/\/radiorevelacionfm.cl\/index.php?rest_route=\/wp\/v2\/posts\/42513","targetHints":{"allow":["GET"]}}],"collection":[{"href":"https:\/\/radiorevelacionfm.cl\/index.php?rest_route=\/wp\/v2\/posts"}],"about":[{"href":"https:\/\/radiorevelacionfm.cl\/index.php?rest_route=\/wp\/v2\/types\/post"}],"author":[{"embeddable":true,"href":"https:\/\/radiorevelacionfm.cl\/index.php?rest_route=\/wp\/v2\/users\/1"}],"replies":[{"embeddable":true,"href":"https:\/\/radiorevelacionfm.cl\/index.php?rest_route=%2Fwp%2Fv2%2Fcomments&post=42513"}],"version-history":[{"count":1,"href":"https:\/\/radiorevelacionfm.cl\/index.php?rest_route=\/wp\/v2\/posts\/42513\/revisions"}],"predecessor-version":[{"id":42515,"href":"https:\/\/radiorevelacionfm.cl\/index.php?rest_route=\/wp\/v2\/posts\/42513\/revisions\/42515"}],"wp:featuredmedia":[{"embeddable":true,"href":"https:\/\/radiorevelacionfm.cl\/index.php?rest_route=\/wp\/v2\/media\/42514"}],"wp:attachment":[{"href":"https:\/\/radiorevelacionfm.cl\/index.php?rest_route=%2Fwp%2Fv2%2Fmedia&parent=42513"}],"wp:term":[{"taxonomy":"category","embeddable":true,"href":"https:\/\/radiorevelacionfm.cl\/index.php?rest_route=%2Fwp%2Fv2%2Fcategories&post=42513"},{"taxonomy":"post_tag","embeddable":true,"href":"https:\/\/radiorevelacionfm.cl\/index.php?rest_route=%2Fwp%2Fv2%2Ftags&post=42513"}],"curies":[{"name":"wp","href":"https:\/\/api.w.org\/{rel}","templated":true}]}}