{"id":42510,"date":"2024-05-26T14:29:18","date_gmt":"2024-05-26T17:29:18","guid":{"rendered":"https:\/\/radiorevelacionfm.cl\/?p=42510"},"modified":"2024-05-26T14:29:18","modified_gmt":"2024-05-26T17:29:18","slug":"aguas-servidas-en-puerto-guadal-los-episodios-de-malos-olores-y-contaminacion-que-ensucian-la-perla-del-lago","status":"publish","type":"post","link":"https:\/\/radiorevelacionfm.cl\/?p=42510","title":{"rendered":"Aguas servidas en Puerto Guadal: Los episodios de malos olores y contaminaci\u00f3n que ensucian la Perla del Lago"},"content":{"rendered":"<div class=\"flex_column av_one_full  flex_column_div av-zero-column-padding first  avia-builder-el-0  el_before_av_one_full  avia-builder-el-first  \" style='border-radius:0px; '><div  class='avia-image-container  av-styling-    avia-builder-el-1  avia-builder-el-no-sibling  avia-align-center '  itemprop=\"image\" itemscope=\"itemscope\" itemtype=\"https:\/\/schema.org\/ImageObject\"  ><div class='avia-image-container-inner'><div class='avia-image-overlay-wrap'><img decoding=\"async\" class='wp-image-42511 avia-img-lazy-loading-not-42511 avia_image' src=\"https:\/\/radiorevelacionfm.cl\/wp-content\/uploads\/2024\/05\/envio-2023-02-22-20_optimized.31.23-1-1-1.jpg\" alt='' title='env\u00edo-2023-02-22-20_optimized.31.23-(1)-(1) (1)' height=\"600\" width=\"800\"  itemprop=\"thumbnailUrl\" srcset=\"https:\/\/radiorevelacionfm.cl\/wp-content\/uploads\/2024\/05\/envio-2023-02-22-20_optimized.31.23-1-1-1.jpg 800w, https:\/\/radiorevelacionfm.cl\/wp-content\/uploads\/2024\/05\/envio-2023-02-22-20_optimized.31.23-1-1-1-300x225.jpg 300w, https:\/\/radiorevelacionfm.cl\/wp-content\/uploads\/2024\/05\/envio-2023-02-22-20_optimized.31.23-1-1-1-768x576.jpg 768w, https:\/\/radiorevelacionfm.cl\/wp-content\/uploads\/2024\/05\/envio-2023-02-22-20_optimized.31.23-1-1-1-705x529.jpg 705w, https:\/\/radiorevelacionfm.cl\/wp-content\/uploads\/2024\/05\/envio-2023-02-22-20_optimized.31.23-1-1-1-450x338.jpg 450w, https:\/\/radiorevelacionfm.cl\/wp-content\/uploads\/2024\/05\/envio-2023-02-22-20_optimized.31.23-1-1-1-600x450.jpg 600w\" sizes=\"(max-width: 800px) 100vw, 800px\" \/><\/div><\/div><\/div><\/div><div class=\"flex_column av_one_full  flex_column_div av-zero-column-padding first  avia-builder-el-2  el_after_av_one_full  el_before_av_one_full  column-top-margin\" style='border-radius:0px; '><section class=\"av_textblock_section \"  itemscope=\"itemscope\" itemtype=\"https:\/\/schema.org\/BlogPosting\" itemprop=\"blogPost\" ><div class='avia_textblock  '   itemprop=\"text\" ><p style=\"text-align: center;\"><span style=\"font-size: 18pt;\"><b><span lang=\"ES-TRAD\">Aguas servidas en Puerto Guadal: Los episodios de malos olores y contaminaci\u00f3n que ensucian la Perla del Lago<\/span><\/b><\/span><\/p>\n<div id=\"gtx-trans\" style=\"position: absolute; left: -50px; top: 4.31534px;\">\n<div class=\"gtx-trans-icon\"><\/div>\n<\/div>\n<\/div><\/section><\/div><div class=\"flex_column av_one_full  flex_column_div av-zero-column-padding first  avia-builder-el-4  el_after_av_one_full  el_before_av_hr  column-top-margin\" style='border-radius:0px; '><section class=\"av_textblock_section \"  itemscope=\"itemscope\" itemtype=\"https:\/\/schema.org\/BlogPosting\" itemprop=\"blogPost\" ><div class='avia_textblock  '   itemprop=\"text\" ><p class=\"v1gmail-MsoListParagraphCxSpFirst\" style=\"text-align: justify;\"><i><span lang=\"ES-TRAD\">Dirigentes y vecinos de la localidad dan cuenta de un historial de decisiones que terminaron en un sistema que nunca ha funcionado del todo correctamente, y que ocasiona momentos de olor a cloaca, adem\u00e1s de contaminar sectores costeros.<\/span><\/i><\/p>\n<p class=\"v1gmail-MsoListParagraphCxSpLast\" style=\"text-align: justify;\"><i><span lang=\"ES-TRAD\">A pesar de diversas medidas de emergencia implementadas por el Municipio de Chile Chico y el Gobierno Regional de Ays\u00e9n, adem\u00e1s de fiscalizaciones del Ministerio de Salud, no se ha dado soluci\u00f3n definitiva al problema.\u00a0<span class=\"v1gmail-Apple-converted-space\">\u00a0<\/span>Desde 2020 un proyecto de mejoramiento y ampliaci\u00f3n de la infraestructura duerme en el Sistema Nacional de Inversiones, sin que se vea a la fecha una alternativa viable de remediaci\u00f3n.<\/span><\/i><\/p>\n<p class=\"v1MsoNormal\" style=\"text-align: justify;\"><span lang=\"ES-TRAD\">\u00ab<b><i>Con recursos de Emergencia se solucionar\u00e1 problema de alcantarillado<\/i><\/b>\u00ab,<span class=\"v1gmail-Apple-converted-space\">\u00a0<\/span><\/span><a href=\"https:\/\/issuu.com\/diarioaysenpatagonia\/docs\/31072015\/6\" target=\"_blank\" rel=\"noopener noreferrer\"><span lang=\"ES-TRAD\">julio de 2015<\/span><\/a><span lang=\"ES-TRAD\">; \u00ab<b><i>Salud inicia sumario sanitario a planta de tratamiento de aguas servidas<\/i><\/b>\u00ab,<span class=\"v1gmail-Apple-converted-space\">\u00a0<\/span><\/span><a href=\"https:\/\/issuu.com\/diarioaysenpatagonia\/docs\/22122015\/6\" target=\"_blank\" rel=\"noopener noreferrer\"><span lang=\"ES-TRAD\">diciembre 2015<\/span><\/a><span lang=\"ES-TRAD\">; \u00ab<b><i>Tenso debate de autoridades por estado de planta de tratamiento de Puerto Guadal<\/i><\/b>\u00ab,<span class=\"v1gmail-Apple-converted-space\">\u00a0<\/span><\/span><a href=\"https:\/\/issuu.com\/diarioaysenpatagonia\/docs\/19122015\/4\" target=\"_blank\" rel=\"noopener noreferrer\"><span lang=\"ES-TRAD\">diciembre de 2015<\/span><\/a><span class=\"v1gmail-MsoHyperlink\"><span lang=\"ES-TRAD\">;<\/span><\/span><span lang=\"ES-TRAD\"><span class=\"v1gmail-Apple-converted-space\">\u00a0<\/span>\u00ab<b><i>Confirman presencia de coliformes fecales en aguas colindantes a planta de tratamiento en Puerto Guadal<\/i><\/b>\u00ab,<span class=\"v1gmail-Apple-converted-space\">\u00a0<\/span><\/span><a href=\"https:\/\/issuu.com\/diarioaysenpatagonia\/docs\/23022016\/6\" target=\"_blank\" rel=\"noopener noreferrer\"><span lang=\"ES-TRAD\">febrero de 2016<\/span><\/a><span class=\"v1gmail-MsoHyperlink\"><span lang=\"ES-TRAD\">;<\/span><\/span><span lang=\"ES-TRAD\"><span class=\"v1gmail-Apple-converted-space\">\u00a0<\/span>\u00ab<b><i>Municipio de Chile Chico acusa de maniobra pol\u00edtica a seremi de Salud por informe de agua<\/i><\/b>\u00ab,<span class=\"v1gmail-Apple-converted-space\">\u00a0<\/span><\/span><a href=\"https:\/\/www.biobiochile.cl\/noticias\/2016\/02\/25\/municipio-de-chile-chico-acusa-de-maniobra-politica-a-seremi-de-salud-por-informe-de-agua.shtml\" target=\"_blank\" rel=\"noopener noreferrer\"><span lang=\"ES-TRAD\">febrero de 2016<\/span><\/a><span lang=\"ES-TRAD\">.<\/span><\/p>\n<p class=\"v1MsoNormal\" style=\"text-align: justify;\"><span lang=\"ES-TRAD\">Como en la cinta \u00ab<i>El d\u00eda de la marmota<\/i>\u00ab, en que el protagonista est\u00e1 condenado a repetir el mismo d\u00eda (2 de febrero) una y otra vez, los habitantes de Puerto Guadal han debido lidiar con los constantes problemas de operaci\u00f3n del alcantarillado y la planta de tratamiento, construida a principios de la d\u00e9cada del 2000. <span class=\"v1gmail-Apple-converted-space\">E<\/span>n su oportunidad, mediante Declaraci\u00f3n de Impacto Ambiental (DIA) aprobada por Resoluci\u00f3n de Calificaci\u00f3n Ambiental (RCA) favorable de 1999, \u00e9ste signific\u00f3 una soluci\u00f3n para la poblaci\u00f3n local, contemplando una planta de tratamiento de aguas servidas, algo que hace 20 a\u00f1os era todo un hito para la regi\u00f3n.<\/span><\/p>\n<p class=\"v1MsoNormal\" style=\"text-align: justify;\"><span lang=\"ES-TRAD\">Fue hace casi una d\u00e9cada que los problemas de construcci\u00f3n y deficiente operaci\u00f3n, con la consiguiente contaminaci\u00f3n y malos olores, origin\u00f3 titulares y controversias entre autoridades locales y regionales, con una comunidad expectante de contar con soluciones.\u00a0<span class=\"v1gmail-Apple-converted-space\">\u00a0<\/span>Aunque en este tiempo se han realizado algunas acciones, como la<span class=\"v1gmail-Apple-converted-space\">\u00a0<\/span><\/span><a href=\"https:\/\/www.rln.cl\/regional\/52307-core-aprobo-recursos-para-estudio-del-diseno-de-planta-de-tratamiento-en-guadal\/\" target=\"_blank\" rel=\"noopener noreferrer\"><span lang=\"ES-TRAD\">aprobaci\u00f3n del Consejo Regional<\/span><\/a><span lang=\"ES-TRAD\"><span class=\"v1gmail-Apple-converted-space\">\u00a0<\/span>en 2018 de un proyecto para mejorar la planta de tratamiento, que se<span class=\"v1gmail-Apple-converted-space\">\u00a0<\/span><\/span><a href=\"https:\/\/www.rln.cl\/regional\/58857-se-inician-obras-de-mantencion-a-planta-de-tratamiento-y-alcantarillado-de-guadal\/\" target=\"_blank\" rel=\"noopener noreferrer\"><span lang=\"ES-TRAD\">materializ\u00f3<\/span><\/a><span lang=\"ES-TRAD\"><span class=\"v1gmail-Apple-converted-space\">\u00a0<\/span>en 2019 por Aguas Patagonia, lo cierto es que los problemas no han terminado. M\u00e1s a\u00fan, la presi\u00f3n sobre el alcantarillado no ha terminado de crecer, como cuando en 2021<span class=\"v1gmail-Apple-converted-space\">\u00a0<\/span><\/span><a href=\"https:\/\/www.rln.cl\/destacado\/83295-entregan-terreno-para-conectar-al-alcantarillado-dos-calles-de-puerto-guadal\/\" target=\"_blank\" rel=\"noopener noreferrer\"><span lang=\"ES-TRAD\">se entregaron terrenos<\/span><\/a><span lang=\"ES-TRAD\"><span class=\"v1gmail-Apple-converted-space\">\u00a0<\/span>para conectar dos nuevas calles de la localidad al alcantarillado.<\/span><\/p>\n<p class=\"v1MsoNormal\" style=\"text-align: justify;\"><span lang=\"ES-TRAD\">Durante los \u00faltimos a\u00f1os, la situaci\u00f3n se ha hecho insostenible.\u00a0<span class=\"v1gmail-Apple-converted-space\">\u00a0<\/span>En los grupos de whatsapp de Puerto Guadal los reclamos se acumulan: \u00ab<i>Mucho olor a caca por la salida de Chile Chico, pasado a cloaca en la costa<\/i>\u00ab; \u00ab<i>llevamos a\u00f1os con una planta de tratamiento que no funciona al 100 %<\/i>\u00ab; \u00ab<i>ese olor insoportable de la playa en la entrada del pueblo, parece que la planta de tratamiento no funciona para nada<\/i>\u00ab; \u00ab<i>la escuelita huele a caca cuando la planta est\u00e1 colapsada<\/i>\u00ab. Algo no muy distinto de lo que hace diez a\u00f1os<span class=\"v1gmail-Apple-converted-space\">\u00a0<\/span><\/span><a href=\"https:\/\/issuu.com\/diarioaysenpatagonia\/docs\/18122015\/4\" target=\"_blank\" rel=\"noopener noreferrer\"><span lang=\"ES-TRAD\">expresaran algunas pobladoras<\/span><\/a><span lang=\"ES-TRAD\">: \u00ab<i>Nosotros somos vecinas al frente de la planta, el olor no se aguanta, hay peces muertos en el arroyo, el desag\u00fce va directo al arroyo que va directo al lago<\/i>\u00ab. Algo que, pasado el tiempo, en opini\u00f3n de parte de la comunidad no ha variado mucho.<\/span><\/p>\n<p class=\"v1MsoNormal\" style=\"text-align: justify;\"><b><span lang=\"ES-TRAD\">La historia<\/span><\/b><\/p>\n<p class=\"v1MsoNormal\" style=\"text-align: justify;\"><span lang=\"ES-TRAD\">En 1998, durante la gesti\u00f3n el alcalde (DC) Miguel Gatica Saigg,<span class=\"v1gmail-Apple-converted-space\">\u00a0<\/span><\/span><a href=\"https:\/\/seia.sea.gob.cl\/expediente\/ficha\/fichaPrincipal.php?modo=normal&amp;id_expediente=1535\" target=\"_blank\" rel=\"noopener noreferrer\"><span lang=\"ES-TRAD\">se present\u00f3<\/span><\/a><span lang=\"ES-TRAD\"><span class=\"v1gmail-Apple-converted-space\">\u00a0<\/span>la DIA \u00ab<i>Instalaci\u00f3n Sistema de Alcantarillado de Puerto Guadal Comuna de Chile Chico<\/i>\u00ab, que contrat\u00f3 la Empresa de Servicios Sanitarios de Ays\u00e9n EMSSA S.A. a la consultora Figueiredo Ferraz Ltda. La declaraci\u00f3n fue aprobada en 1999, contemplando 213 uniones domiciliarias, ampliable a 363 en 2027.\u00a0<span class=\"v1gmail-Apple-converted-space\">\u00a0<\/span>Adem\u00e1s de los colectores,<span class=\"v1gmail-Apple-converted-space\">\u00a0<\/span><\/span><a href=\"https:\/\/seia.sea.gob.cl\/archivos\/DIA\/2014050801\/DIA_1535_DOC_2129458925.pdf\" target=\"_blank\" rel=\"noopener noreferrer\"><span lang=\"ES-TRAD\">contemplaba<\/span><\/a><span lang=\"ES-TRAD\"><span class=\"v1gmail-Apple-converted-space\">\u00a0<\/span>la \u00ab<i>construcci\u00f3n de dos plantas elevadoras de aguas servidas, que permitir\u00edan conducir las aguas hasta la planta de tratamiento. Se emplazar\u00e1 un pozo de aspiraci\u00f3n de cada planta elevadora en una c\u00e1mara de hormig\u00f3n armado enterrada, de 2 x 2,56 x 5,71 m3 aproximadamente<\/i>\u00ab.\u00a0<\/span><span lang=\"ES-TRAD\">Y la planta de tratamiento involucrar\u00eda \u00ab<i>proceso de lodos activados con aireaci\u00f3n extendida en modalidad de zanja de oxidaci\u00f3n, y desinfecci\u00f3n mediante cloraci\u00f3n con hipoclorito de calcio<\/i>\u00ab.<\/span><\/p>\n<p class=\"v1MsoNormal\" style=\"text-align: justify;\"><span lang=\"ES-TRAD\">Para el a\u00f1o 2000 se calculaba un caudal medio anual de aguas servidas de 0,67 l\/s, mientras que al 2028 se contemplaban 1,36 l\/s. Y los lodos generados ser\u00edan, luego del proceso<span class=\"v1gmail-Apple-converted-space\">\u00a0<\/span>\u00a0de deshidrataci\u00f3n, de 21 m3 en el a\u00f1o 2000 y 36 m3 en el 2027.<\/span><\/p>\n<p class=\"v1MsoNormal\" style=\"text-align: justify;\"><span lang=\"ES-TRAD\">En el papel, era un buen proyecto. Sin embargo, diversas decisiones en el camino fueron materializando una obra que hasta hoy genera graves problemas.<\/span><\/p>\n<p class=\"v1MsoNormal\" style=\"text-align: justify;\"><span lang=\"ES-TRAD\">Como recuerda el ex consejero regional y ex presidente de la Junta de Vecinos N8,<span class=\"v1gmail-Apple-converted-space\">\u00a0<\/span><b>Fernando Solar Mard\u00f3nez<\/b>, desde un principio no se avanz\u00f3 correctamente.\u00a0<span class=\"v1gmail-Apple-converted-space\">\u00a0<\/span>\u00a0\u00a0<\/span><\/p>\n<p class=\"v1MsoNormal\" style=\"text-align: justify;\"><span lang=\"ES-TRAD\">Desde que se obtuvo la RCA en 1999 \u00ab<i>empieza un largo peregrinar, con reuniones, selecci\u00f3n de las familias beneficiarias y todo lo relacionado con la parte t\u00e9cnica del proyecto. Ese es un periodo largo, despu\u00e9s empiezan a generar las postulaciones de los beneficiarios y la participaci\u00f3n ciudadana<\/i>\u00bb rememora Solar.\u00a0<span class=\"v1gmail-Apple-converted-space\">\u00a0<\/span>Una vez concluido, se inicia el proceso de adecuaci\u00f3n t\u00e9cnica y la asignaci\u00f3n de recursos por parte del Programa de Mejoramiento de Barrios. La unidad t\u00e9cnica ser\u00eda la Municipalidad de Chile Chico.<\/span><\/p>\n<p class=\"v1MsoNormal\" style=\"text-align: justify;\"><span lang=\"ES-TRAD\">El proyecto comenz\u00f3 su ejecuci\u00f3n a mediados de la d\u00e9cada del 2000, pasados m\u00e1s de cinco a\u00f1os desde que se aprobara la RCA. Un<span class=\"v1gmail-Apple-converted-space\">\u00a0<\/span><a href=\"https:\/\/www.goreaysen.cl\/controls\/neochannels\/neo_ch96\/appinstances\/media205\/PROPIR_2007.pdf\" target=\"_blank\" rel=\"noopener noreferrer\">documento de 2006<\/a><span class=\"v1gmail-Apple-converted-space\">\u00a0<\/span>del Gobierno Regional de Ays\u00e9n (PROPIR 2007) se\u00f1alaba que \u00ab<i>los proyectos del Programa Mejoramiento de Barrios, esto es, la &#8216;Construcci\u00f3n de alcantarillado y casetas en Puerto Guadal y Puerto Ib\u00e1\u00f1ez&#8217;, son las \u00fanicas iniciativas comunales desarrolladas en el \u00e1mbito del programa, y han respondido a la necesidad inmediata en las localidades. Se encuentra, particularmente el primero de ellos, en su etapa de prueba mientras que el segundo, a las puertas de su finalizaci\u00f3n. No obstante, muestran ambos un atraso importante en la fecha de finalizaci\u00f3n estimada<\/i>\u00ab. Hab\u00eda poco menos de una d\u00e9cada desde que la DIA fuera aprobada y la construcci\u00f3n del proyecto a\u00fan no conclu\u00eda completamente. En diciembre de 2004 dej\u00f3 sus funciones Gatica, asumiendo Luperciano Mu\u00f1oz Gonz\u00e1lez (PPD).<\/span><\/p>\n<p class=\"v1MsoNormal\" style=\"text-align: justify;\"><span lang=\"ES-TRAD\">Durante su ejecuci\u00f3n las obras tuvieron varias modificaciones que cambiaron la iniciativa original. \u00ab<i>El proyecto original consideraba tener un equipo energ\u00e9tico de soporte, una automatizaci\u00f3n en el tema de las plantas elevadoras con control desde la planta, ten\u00eda cancha de secado y un sinn\u00famero de cosas que fueron observadas como un ajuste econ\u00f3mico. Porque siempre en la obra algo sobrepasa el monto original, lo que ten\u00eda presupuestado.\u00a0<span class=\"v1gmail-Apple-converted-space\">\u00a0<\/span>Y empiezan a recortar partidas<\/i>\u00ab, explica el ex dirigente vecinal.<\/span><\/p>\n<p class=\"v1MsoNormal\" style=\"text-align: justify;\"><span lang=\"ES-TRAD\">\u00ab<i>No se preocuparon si \u00e9stas iban a entorpecer, o no facilitar, el funcionamiento de la planta. Y as\u00ed se ejecut\u00f3. Las plantas no quedaron conectadas en esta automatizaci\u00f3n, as\u00ed es que cuando \u00e9stas se colmataban las alarmas sonaban. Y como no hab\u00eda una operaci\u00f3n autom\u00e1tica, hab\u00eda que echarlas a andar en forma manual<\/i>\u00bb acota.<\/span><\/p>\n<p class=\"v1MsoNormal\" style=\"text-align: justify;\"><span lang=\"ES-TRAD\">\u00ab<i>Hubo varios cambios en la cuota de los presupuestos, sobre la cantidad de ba\u00f1os que se iban a instalar en las casas. Se aumentaban para alcanzar la cuota que se ped\u00eda. Y por otro lado, hab\u00eda rebajas en otros \u00edtem<\/i>\u00bb recuerda la ex vicepresidenta de la Junta de Vecinos N8, Alicia Vera Gatica.<\/span><\/p>\n<p class=\"v1MsoNormal\" style=\"text-align: justify;\"><span lang=\"ES-TRAD\">La administraci\u00f3n de la planta de tratamiento corresponde a la Municipalidad de Chile Chico, pero en sus inicios no ten\u00eda un encargado en la planta.\u00a0<span class=\"v1gmail-Apple-converted-space\">\u00a0<\/span>Por ello, las bombas elevadoras se quemaron en m\u00faltiples ocasiones, generando diversos inconvenientes, como por ejemplo el colapso del alcantarillado. \u00a0Los dirigentes explican que luego se contrat\u00f3 a un encargado, un vecino de la localidad, quien aunque cuenta con bastante voluntad no necesariamente posee los conocimientos t\u00e9cnicos requeridos para una labor cr\u00edtica de este tipo. Por lo dem\u00e1s, el problema ser\u00eda estructural m\u00e1s que de s\u00f3lo operaci\u00f3n.<\/span><\/p>\n<p class=\"v1MsoNormal\" style=\"text-align: justify;\"><span lang=\"ES-TRAD\">Alicia Vera recuerda que los problemas se comenzaron a notar durante la primera gesti\u00f3n de Luperciano Mu\u00f1oz, que fue a quien correspondi\u00f3 echar a andar el proyecto. \u00ab<i>Al principio<\/i><span class=\"v1gmail-Apple-converted-space\">\u00a0<\/span><i>hab\u00eda una chicharrita que indicaba el funcionamiento de la bomba: avisaba cu\u00e1ndo necesitaba mantenci\u00f3n y cu\u00e1ndo no. Pero esa chicharrita se elimin\u00f3 de la planta, y de ah\u00ed hacia adelante empezaron los problemas de la contaminaci\u00f3n, del descontrol de los desechos, las aguas sal\u00edan muy negras<\/i>\u00bb rememora.<span class=\"v1gmail-Apple-converted-space\">\u00a0<\/span><\/span><\/p>\n<p class=\"v1MsoNormal\" style=\"text-align: justify;\"><span lang=\"ES-TRAD\">En ese momento, en 2015, se comenz\u00f3 a requerir una soluci\u00f3n \u00ab<i>porque se estaba contaminando la playa, se estaba llenando de algas, de musgo, el arroyo estaba irrespirable y hab\u00eda vecinos que estaban reclamando mucho en esa \u00e9poca<\/i>\u00ab.<span class=\"v1gmail-Apple-converted-space\">\u00a0<\/span><\/span><\/p>\n<p class=\"v1MsoNormal\" style=\"text-align: justify;\"><span lang=\"ES-TRAD\">Por aquel per\u00edodo se ampli\u00f3 el sistema de piletas de secado, ya que las que hab\u00eda no eran suficientes. Y, a pesar de ello, siguen sin serlo. La playa que recibe las aguas tratadas y que antes era concurrida por la comunidad se ha transformado, producto de la eutrofizaci\u00f3n (exceso de nutrientes en aguas sin escorrent\u00eda suficiente), en un \u00e1rea pantanosa. Una mini zona de sacrificio.<\/span><\/p>\n<p class=\"v1MsoNormal\" style=\"text-align: justify;\"><span lang=\"ES-TRAD\">Sin embargo, Alicia Vera no s\u00f3lo responsabiliza al aparato p\u00fablico. \u00ab<i>Hay tambi\u00e9n muchas consecuencias por lo que la gente bota. No s\u00e9 por qu\u00e9 raz\u00f3n ni c\u00f3mo lo hacen, pero botan cosas a la red de alcantarillado, cosas que no deber\u00edan ser.\u00a0<span class=\"v1gmail-Apple-converted-space\">\u00a0<\/span>Todo eso aporta a que las bombas finalmente colapsen. Ya hace pocos d\u00edas atr\u00e1s nuevamente colapsaron las bombas, lo cual hace tambi\u00e9n que se quemen<\/i>\u00ab.<span class=\"v1gmail-Apple-converted-space\">\u00a0<\/span><\/span><\/p>\n<p class=\"v1MsoNormal\" style=\"text-align: justify;\"><span lang=\"ES-TRAD\">\u00a0<\/span><\/p>\n<p class=\"v1MsoNormal\" style=\"text-align: justify;\"><b><span lang=\"ES-TRAD\">La soluci\u00f3n definitiva<\/span><\/b><\/p>\n<p class=\"v1MsoNormal\" style=\"text-align: justify;\"><span lang=\"ES-TRAD\">Fue en diciembre de 2020 que el municipio, bajo la conducci\u00f3n de Ricardo Ibarra Valdebenito (DC), present\u00f3 al Servicio de Evaluaci\u00f3n Ambiental una<span class=\"v1gmail-Apple-converted-space\">\u00a0<\/span><\/span><a href=\"https:\/\/pertinencia.sea.gob.cl\/proceso\/pertinencias\/obtener\/PERTI-2020-20784#\/\" target=\"_blank\" rel=\"noopener noreferrer\"><span lang=\"ES-TRAD\">consulta de pertinencia<\/span><\/a><span lang=\"ES-TRAD\"><span class=\"v1gmail-Apple-converted-space\">\u00a0<\/span>para resolver si el proyecto de mejoramiento de alcantarillado y ampliaci\u00f3n del sistema de tratamiento de aguas servidas requer\u00eda ingresar al Sistema de Evaluaci\u00f3n de Impacto Ambiental (SEIA). En febrero de 2021 el director Claudio Aguirre Ram\u00edrez resuelve que el proyecto de ampliaci\u00f3n no requer\u00eda ser evaluado ambientalmente.<span class=\"v1gmail-Apple-converted-space\">\u00a0<\/span><\/span><\/p>\n<p class=\"v1MsoNormal\" style=\"text-align: justify;\"><span lang=\"ES-TRAD\">Desde ese mismo a\u00f1o el proyecto se encuentra en el Sistema Nacional de Inversiones (SNI), por un monto de poco m\u00e1s de $ 2.000 millones. Hasta ahora, se mantiene s\u00f3lo en etapa de perfil con un RATE (Resultado de An\u00e1lisis T\u00e9cnico Econ\u00f3mico) del tipo FI (falto de informaci\u00f3n).<\/span><\/p>\n<p class=\"v1MsoNormal\" style=\"text-align: justify;\"><span lang=\"ES-TRAD\">\u00ab<i>La Municipalidad de Chile Chico se encuentra desarrollando una soluci\u00f3n integral para el saneamiento sanitario de Puerto Guadal, de modo de cumplir las normativas sectoriales vigentes y permitir un uso del sistema de alcantarillado que no genere inconvenientes para los residentes y visitantes del sector<\/i>\u00bb se explica en la ficha respectiva.<\/span><\/p>\n<p class=\"v1MsoNormal\" style=\"text-align: justify;\"><span lang=\"ES-TRAD\">Entre las medidas se se\u00f1ala que \u00ab<i>se ampliar\u00e1 la capacidad de tratamiento de aguas servidas con una nueva planta&#8230; con sus correspondientes c\u00e1maras de elevaci\u00f3n, de v\u00e1lvulas de desbaste de s\u00f3lidos y de acumulaci\u00f3n, con una nueva cancha de secado y su respectiva descarga al estero El Sauce<\/i>\u00ab. Esto, entre otras acciones como ampliarla hacia sectores a\u00fan no cubiertos.<\/span><\/p>\n<p class=\"v1MsoNormal\" style=\"text-align: justify;\"><span lang=\"ES-TRAD\">Desde el Ministerio de Desarrollo Social, el an\u00e1lisis t\u00e9cnico determin\u00f3 que era necesario \u00ab<i>mejorar la redacci\u00f3n en la definici\u00f3n del problema en base a la necesidad de las personas y el servicio que se pretende resolver\u00bb, adem\u00e1s de \u00abdetallar equipamientos o equipos que se instalar\u00e1n por partida<\/i>\u00bb entre otros alcances.<\/span><\/p>\n<p class=\"v1MsoNormal\" style=\"text-align: justify;\"><span lang=\"ES-TRAD\">Hasta hoy y luego de tres a\u00f1os, en el SIN no se consigna mayor movimiento del proyecto.<\/span><\/p>\n<p class=\"v1MsoNormal\" style=\"text-align: justify;\"><span lang=\"ES-TRAD\">En este tiempo han sido m\u00faltiples las fiscalizaciones que la seremi de Salud ha realizado, iniciando los sumarios correspondientes. Tal fue el origen de la disputa en 2015. Lo parad\u00f3jico es que al contar el sistema de alcantarillado con una RCA aprobatoria (mediante Resoluci\u00f3n Exenta 039 del 21 de septiembre de 1999), es sujeto de supervigilancia de la Superintendencia del Medio Ambiente. <span class=\"v1gmail-Apple-converted-space\">\u00a0<\/span><\/span><\/p>\n<p class=\"v1MsoNormal\" style=\"text-align: justify;\"><span lang=\"ES-TRAD\">Sin embargo, en todos estos a\u00f1os -y a pesar de la notoriedad de la discusi\u00f3n y las diversas cartas enviadas por los vecinos- en el<span class=\"v1gmail-Apple-converted-space\">\u00a0<\/span><a href=\"https:\/\/snifa.sma.gob.cl\/UnidadFiscalizable\/Ficha\/3113\" target=\"_blank\" rel=\"noopener noreferrer\">Catastro de Unidades Fiscalizables del organismo<\/a><span class=\"v1gmail-Apple-converted-space\">\u00a0<\/span>no existe ninguna fiscalizaci\u00f3n, medidas provisionales ni procedimientos sancionatorios instruidos.<\/span><\/p>\n<p class=\"v1MsoNormal\" style=\"text-align: justify;\"><b><span lang=\"ES-TRAD\">La visi\u00f3n actual de los vecinos<\/span><\/b><\/p>\n<p class=\"v1MsoNormal\" style=\"text-align: justify;\"><span lang=\"ES-TRAD\">Para el presidente actual de la Junta de Vecinos N8 de Puerto Guadal, Felipe Christensen Arteaga, la situaci\u00f3n es cr\u00edtica y emerge constantemente en las reuniones y asambleas de la organizaci\u00f3n. \u00ab<i>Este tema es cr\u00edtico, al igual que el del basural que est\u00e1 cerrado y colapsado. El pueblo ha ido creciendo, llega mucha gente en verano y, como se aprecia, hubo una incorrecta implementaci\u00f3n con recursos p\u00fablicos, y los que viven las consecuencias son los vecinos<\/i>\u00bb se\u00f1ala.<\/span><\/p>\n<p class=\"v1MsoNormal\" style=\"text-align: justify;\"><span lang=\"ES-TRAD\">Esto queda refrendado en que, seg\u00fan la consulta de pertinencia de 2020, en 2017 se alcanz\u00f3 ya el volumen de descarga proyectado originalmente para 2028.<\/span><\/p>\n<p class=\"v1MsoNormal\" style=\"text-align: justify;\"><span lang=\"ES-TRAD\">\u00ab<i>Estamos en proceso pre eleccionario y sabemos que llegar\u00e1n propuestas de todo tipo. Esperamos, en eso, que \u00e9stas se dirijan a los problemas y necesidades estructurales de la poblaci\u00f3n, relacionada con la calidad de vida y, en especial, la calidad de las aguas, ya que los esteros donde se evac\u00faan las aguas servidas supuestamente tratadas terminan en el lago General Carrera, que es el agua que ac\u00e1 todos bebemos<\/i>\u00bb explica. Incluso, el humedal que conecta ese curso fluvial con el lago est\u00e1 completamente contaminado y ha afectado no s\u00f3lo el paisaje sino que la vegetaci\u00f3n y biodiversidad local. Y pareciera ser que ninguna autoridad toma cartas en el asunto.<\/span><\/p>\n<p class=\"v1MsoNormal\" style=\"text-align: justify;\"><span lang=\"ES-TRAD\">Es uno de los dilemas que hoy vive la localidad. Un problema que se arrastra desde hace d\u00e9cadas y que ha cruzado diversas administraciones locales y regionales. Muchas de las cuales, en modo electoral, entre 2024 y 2025 se acercar\u00e1n al poblado por una nueva oportunidad. <span class=\"v1gmail-Apple-converted-space\">\u00a0<\/span>\u00a0<\/span><\/p>\n<p class=\"v1MsoNormal\" style=\"text-align: justify;\"><span lang=\"ES-TRAD\">En el pueblo muchos esperan que en esta ocasi\u00f3n tengan claro cu\u00e1l es uno de los desaf\u00edos que debe ser prioridad.<\/span><\/p>\n<\/div><\/section><\/div><div  style='height:50px' class='hr hr-invisible   avia-builder-el-6  el_after_av_one_full  el_before_av_social_share '><span class='hr-inner ' ><span class='hr-inner-style'><\/span><\/span><\/div><\/p>\n<div  class='av-social-sharing-box  avia-builder-el-7  el_after_av_hr  el_before_av_hr  '><div class='av-share-box'><h5 class='av-share-link-description av-no-toc '>Compartir esta noticia<\/h5><ul class='av-share-box-list noLightbox'><li class='av-share-link av-social-link-facebook' ><a target=\"_blank\" aria-label=\"Compartir en Facebook\" href='https:\/\/www.facebook.com\/sharer.php?u=https:\/\/radiorevelacionfm.cl\/?p=42510&#038;t=Aguas%20servidas%20en%20Puerto%20Guadal%3A%20Los%20episodios%20de%20malos%20olores%20y%20contaminaci%C3%B3n%20que%20ensucian%20la%20Perla%20del%20Lago' aria-hidden='false' data-av_icon='\ue8f3' data-av_iconfont='entypo-fontello' title='' data-avia-related-tooltip='Compartir en Facebook' rel=\"noopener\"><span class='avia_hidden_link_text'>Compartir en Facebook<\/span><\/a><\/li><li class='av-share-link av-social-link-twitter' ><a target=\"_blank\" aria-label=\"Compartir en Twitter\" href='https:\/\/twitter.com\/share?text=Aguas%20servidas%20en%20Puerto%20Guadal%3A%20Los%20episodios%20de%20malos%20olores%20y%20contaminaci%C3%B3n%20que%20ensucian%20la%20Perla%20del%20Lago&#038;url=https:\/\/radiorevelacionfm.cl\/?p=42510' aria-hidden='false' data-av_icon='\ue8f1' data-av_iconfont='entypo-fontello' title='' data-avia-related-tooltip='Compartir en Twitter' rel=\"noopener\"><span class='avia_hidden_link_text'>Compartir en Twitter<\/span><\/a><\/li><li class='av-share-link av-social-link-whatsapp' ><a target=\"_blank\" aria-label=\"Compartir en Whatsapp\" href='https:\/\/api.whatsapp.com\/send?text=https:\/\/radiorevelacionfm.cl\/?p=42510' aria-hidden='false' data-av_icon='\uf232' data-av_iconfont='entypo-fontello' title='' data-avia-related-tooltip='Compartir en Whatsapp' rel=\"noopener\"><span class='avia_hidden_link_text'>Compartir en Whatsapp<\/span><\/a><\/li><li class='av-share-link av-social-link-linkedin' ><a target=\"_blank\" aria-label=\"Compartir en LinkedIn\" href='https:\/\/linkedin.com\/shareArticle?mini=true&#038;title=Aguas%20servidas%20en%20Puerto%20Guadal%3A%20Los%20episodios%20de%20malos%20olores%20y%20contaminaci%C3%B3n%20que%20ensucian%20la%20Perla%20del%20Lago&#038;url=https:\/\/radiorevelacionfm.cl\/?p=42510' aria-hidden='false' data-av_icon='\ue8fc' data-av_iconfont='entypo-fontello' title='' data-avia-related-tooltip='Compartir en LinkedIn' rel=\"noopener\"><span class='avia_hidden_link_text'>Compartir en LinkedIn<\/span><\/a><\/li><li class='av-share-link av-social-link-mail' ><a  aria-label=\"Compartir por correo\" href='mailto:?subject=Aguas%20servidas%20en%20Puerto%20Guadal%3A%20Los%20episodios%20de%20malos%20olores%20y%20contaminaci%C3%B3n%20que%20ensucian%20la%20Perla%20del%20Lago&#038;body=https:\/\/radiorevelacionfm.cl\/?p=42510' aria-hidden='false' data-av_icon='\ue805' data-av_iconfont='entypo-fontello' title='' data-avia-related-tooltip='Compartir por correo'><span class='avia_hidden_link_text'>Compartir por correo<\/span><\/a><\/li><\/ul><\/div><\/div>\n<div  style='height:50px' class='hr hr-invisible   avia-builder-el-8  el_after_av_social_share  el_before_av_comments_list '><span class='hr-inner ' ><span class='hr-inner-style'><\/span><\/span><\/div>\n<div  class='av-buildercomment  av-blog-meta-html-info-disabled av-blog-meta-tag-disabled  '><\/div>\n","protected":false},"excerpt":{"rendered":"","protected":false},"author":1,"featured_media":42511,"comment_status":"open","ping_status":"open","sticky":false,"template":"","format":"standard","meta":{"footnotes":""},"categories":[38],"tags":[],"class_list":["post-42510","post","type-post","status-publish","format-standard","has-post-thumbnail","hentry","category-regional"],"jetpack_featured_media_url":"https:\/\/radiorevelacionfm.cl\/wp-content\/uploads\/2024\/05\/envio-2023-02-22-20_optimized.31.23-1-1-1.jpg","_links":{"self":[{"href":"https:\/\/radiorevelacionfm.cl\/index.php?rest_route=\/wp\/v2\/posts\/42510","targetHints":{"allow":["GET"]}}],"collection":[{"href":"https:\/\/radiorevelacionfm.cl\/index.php?rest_route=\/wp\/v2\/posts"}],"about":[{"href":"https:\/\/radiorevelacionfm.cl\/index.php?rest_route=\/wp\/v2\/types\/post"}],"author":[{"embeddable":true,"href":"https:\/\/radiorevelacionfm.cl\/index.php?rest_route=\/wp\/v2\/users\/1"}],"replies":[{"embeddable":true,"href":"https:\/\/radiorevelacionfm.cl\/index.php?rest_route=%2Fwp%2Fv2%2Fcomments&post=42510"}],"version-history":[{"count":1,"href":"https:\/\/radiorevelacionfm.cl\/index.php?rest_route=\/wp\/v2\/posts\/42510\/revisions"}],"predecessor-version":[{"id":42512,"href":"https:\/\/radiorevelacionfm.cl\/index.php?rest_route=\/wp\/v2\/posts\/42510\/revisions\/42512"}],"wp:featuredmedia":[{"embeddable":true,"href":"https:\/\/radiorevelacionfm.cl\/index.php?rest_route=\/wp\/v2\/media\/42511"}],"wp:attachment":[{"href":"https:\/\/radiorevelacionfm.cl\/index.php?rest_route=%2Fwp%2Fv2%2Fmedia&parent=42510"}],"wp:term":[{"taxonomy":"category","embeddable":true,"href":"https:\/\/radiorevelacionfm.cl\/index.php?rest_route=%2Fwp%2Fv2%2Fcategories&post=42510"},{"taxonomy":"post_tag","embeddable":true,"href":"https:\/\/radiorevelacionfm.cl\/index.php?rest_route=%2Fwp%2Fv2%2Ftags&post=42510"}],"curies":[{"name":"wp","href":"https:\/\/api.w.org\/{rel}","templated":true}]}}