{"id":4251,"date":"2021-05-18T15:53:16","date_gmt":"2021-05-18T18:53:16","guid":{"rendered":"https:\/\/radiorevelacionfm.cl\/?p=4251"},"modified":"2021-05-18T15:57:37","modified_gmt":"2021-05-18T18:57:37","slug":"queda-poco-postulaciones-para-programa-lena-mas-seca-especial-maquinarias-finalizan-este-29-de-mayo","status":"publish","type":"post","link":"https:\/\/radiorevelacionfm.cl\/?p=4251","title":{"rendered":"\u00a1Queda poco! Postulaciones para programa \u201cLe\u00f1a M\u00e1s Seca Especial Maquinarias\u201d finalizan este 29 de mayo"},"content":{"rendered":"<div class=\"flex_column av_one_full  flex_column_div av-zero-column-padding first  avia-builder-el-0  el_before_av_one_full  avia-builder-el-first  \" style='border-radius:0px; '><div  class='avia-image-container  av-styling-    avia-builder-el-1  avia-builder-el-no-sibling  avia-align-center '  itemprop=\"image\" itemscope=\"itemscope\" itemtype=\"https:\/\/schema.org\/ImageObject\"  ><div class='avia-image-container-inner'><div class='avia-image-overlay-wrap'><img decoding=\"async\" class='wp-image-0 avia-img-lazy-loading-not-0 avia_image' src=\"https:\/\/radiorevelacionfm.cl\/wp-content\/uploads\/2021\/05\/WhatsApp-Image-2021-05-18-at-12.29.40-2.jpeg\" alt='' title=''   itemprop=\"thumbnailUrl\"  \/><\/div><\/div><\/div><\/div><div class=\"flex_column av_one_full  flex_column_div av-zero-column-padding first  avia-builder-el-2  el_after_av_one_full  el_before_av_one_full  column-top-margin\" style='border-radius:0px; '><section class=\"av_textblock_section \"  itemscope=\"itemscope\" itemtype=\"https:\/\/schema.org\/BlogPosting\" itemprop=\"blogPost\" ><div class='avia_textblock  '   itemprop=\"text\" ><p style=\"text-align: center;\"><strong><span style=\"font-size: 18pt;\">\u00a1Queda poco! Postulaciones para programa \u201cLe\u00f1a M\u00e1s Seca Especial Maquinarias\u201d finalizan este 29 de mayo<\/span><\/strong><\/p>\n<div id=\"gtx-trans\" style=\"position: absolute; left: -50px; top: 4.31534px;\">\n<div class=\"gtx-trans-icon\"><\/div>\n<\/div>\n<\/div><\/section><\/div><div class=\"flex_column av_one_full  flex_column_div av-zero-column-padding first  avia-builder-el-4  el_after_av_one_full  el_before_av_hr  column-top-margin\" style='border-radius:0px; '><section class=\"av_textblock_section \"  itemscope=\"itemscope\" itemtype=\"https:\/\/schema.org\/BlogPosting\" itemprop=\"blogPost\" ><div class='avia_textblock  '   itemprop=\"text\" ><p style=\"text-align: justify;\">Este a\u00f1o el Programa del Ministerio de Energ\u00eda y la Agencia de Sostenibilidad Energ\u00e9tica, se adecu\u00f3 al contexto econ\u00f3mico y social actual, buscando desarrollar un proceso r\u00e1pido que contrarreste la falta de mano de obra presente en el rubro (intensificada a causa de la crisis sanitaria) y que permita adem\u00e1s contar con le\u00f1a procesada de manera eficiente, acelerando el proceso de secado.<\/p>\n<p style=\"text-align: justify;\">Al respecto el Seremi de Energ\u00eda de Ays\u00e9n, Juan Luis Amen\u00e1bar, indic\u00f3 que \u201ceste programa representa una importante oportunidad para los postulantes, ya que podr\u00e1n mejorar sus procesos productivos, y por ende mejorar la calidad de la le\u00f1a ofertada. Esto representa un beneficio para toda la comunidad, al contar con un energ\u00e9tico de mejor calidad que ayude a disminuir los \u00edndices de contaminaci\u00f3n de nuestras ciudades\u201d recalc\u00f3 la primera autoridad regional de Energ\u00eda.<\/p>\n<p style=\"text-align: justify;\">En esta oportunidad para postular no ser\u00e1 obligatorio el inicio de actividades, con el objetivo de que aquellos productores y comerciantes que hoy realizan la actividad de manera informal puedan acceder al programa, se capaciten, se comprometan con la producci\u00f3n de le\u00f1a de calidad y formalicen su condici\u00f3n. Todo lo anterior con el apoyo del Ministerio de Energ\u00eda y la Agencia de Sostenibilidad Energ\u00e9tica.<\/p>\n<p style=\"text-align: justify;\">Adem\u00e1s, al igual que en a\u00f1os anteriores, el fondo contar\u00e1 con enfoque de g\u00e9nero en su evaluaci\u00f3n, bonificando con puntaje adicional a las postulaciones presentadas por mujeres. Con esta medida se busca fortalecer las capacidades de las mujeres en el \u00e1mbito energ\u00e9tico y disminuir posibles brechas. Tambi\u00e9n se considera un puntaje adicional para aquellos postulantes que cuenten con el Sello Calidad de Le\u00f1a o hayan aprobado su evaluaci\u00f3n de terreno.<\/p>\n<p style=\"text-align: justify;\">Marcelo Reyes, beneficiario del Programa Le\u00f1a M\u00e1s Seca 2019, se\u00f1al\u00f3 que \u201cestoy muy feliz y contento ya que gracias al programa Le\u00f1a M\u00e1s Seca del Ministerio de Energ\u00eda, pude adquirir una trozadora y una partidora, que son de gran ayuda para poder alivianar el trabajo de la le\u00f1a. Adem\u00e1s, esta maquinaria me ha permitido entregar un producto de calidad al consumidor, es decir le\u00f1a seca y de la medida exacta que se requiere. Por eso quiero invitar a todos los amigos le\u00f1eros, productores de le\u00f1a y comerciantes a que postulen al programa Le\u00f1a M\u00e1s Seca, les va a ir s\u00faper bien y van a poder mejorar sus procesos productivos\u201d.<\/p>\n<p style=\"text-align: justify;\">Finalmente el Seremi Amen\u00e1bar recalc\u00f3 que \u201clas postulaciones estar\u00e1n abiertas hasta el mediod\u00eda del 29 de mayo de este a\u00f1o. Quedan s\u00f3lo 10 d\u00edas, por ello queremos invitar y motivar a todos los productores y comercializadores de le\u00f1a de nuestra regi\u00f3n que no hayan sido beneficiarios de este programa con anterioridad, a que postulen a esta importante iniciativa que les permitir\u00e1 mejorar sus procesos productivos mediante la tecnificaci\u00f3n en su modelo de trabajo, lo que es esencial para lograr un secado eficiente y un producto acorde a los est\u00e1ndares que hoy exige el mercado\u201d.<\/p>\n<p style=\"text-align: justify;\">Las postulaciones ser\u00e1n de manera digital a trav\u00e9s del sitio web <a href=\"http:\/\/www.lenamasseca.cl\">www.lenamasseca.cl<\/a> (bases e informaci\u00f3n extra en esta misma p\u00e1gina web), o de manera presencial en la Seremi de Energ\u00eda de Ays\u00e9n, ubicada en calle Baquedano #310 interior, Coyhaique. Ah\u00ed los postulantes podr\u00e1n hacer preguntas, solicitar informaci\u00f3n, y\/o entregar su postulaci\u00f3n en un sobre cerrado. En caso de dudas o consultas comunicarse con el mail <a href=\"mailto:maracena@minenergia.cl\">maracena@minenergia.cl<\/a> o al tel\u00e9fono 56 2 23656656.<\/p>\n<\/div><\/section><\/div><div  style='height:50px' class='hr hr-invisible   avia-builder-el-6  el_after_av_one_full  el_before_av_social_share '><span class='hr-inner ' ><span class='hr-inner-style'><\/span><\/span><\/div><\/p>\n<div  class='av-social-sharing-box  avia-builder-el-7  el_after_av_hr  el_before_av_hr  '><div class='av-share-box'><h5 class='av-share-link-description av-no-toc '>Compartir esta noticia<\/h5><ul class='av-share-box-list noLightbox'><li class='av-share-link av-social-link-facebook' ><a target=\"_blank\" aria-label=\"Compartir en Facebook\" href='https:\/\/www.facebook.com\/sharer.php?u=https:\/\/radiorevelacionfm.cl\/?p=4251&#038;t=%C2%A1Queda%20poco%21%20Postulaciones%20para%20programa%20%E2%80%9CLe%C3%B1a%20M%C3%A1s%20Seca%20Especial%20Maquinarias%E2%80%9D%20finalizan%20este%2029%20de%20mayo' aria-hidden='false' data-av_icon='\ue8f3' data-av_iconfont='entypo-fontello' title='' data-avia-related-tooltip='Compartir en Facebook' rel=\"noopener\"><span class='avia_hidden_link_text'>Compartir en Facebook<\/span><\/a><\/li><li class='av-share-link av-social-link-twitter' ><a target=\"_blank\" aria-label=\"Compartir en Twitter\" href='https:\/\/twitter.com\/share?text=%C2%A1Queda%20poco%21%20Postulaciones%20para%20programa%20%E2%80%9CLe%C3%B1a%20M%C3%A1s%20Seca%20Especial%20Maquinarias%E2%80%9D%20finalizan%20este%2029%20de%20mayo&#038;url=https:\/\/radiorevelacionfm.cl\/?p=4251' aria-hidden='false' data-av_icon='\ue8f1' data-av_iconfont='entypo-fontello' title='' data-avia-related-tooltip='Compartir en Twitter' rel=\"noopener\"><span class='avia_hidden_link_text'>Compartir en Twitter<\/span><\/a><\/li><li class='av-share-link av-social-link-whatsapp' ><a target=\"_blank\" aria-label=\"Compartir en Whatsapp\" href='https:\/\/api.whatsapp.com\/send?text=https:\/\/radiorevelacionfm.cl\/?p=4251' aria-hidden='false' data-av_icon='\uf232' data-av_iconfont='entypo-fontello' title='' data-avia-related-tooltip='Compartir en Whatsapp' rel=\"noopener\"><span class='avia_hidden_link_text'>Compartir en Whatsapp<\/span><\/a><\/li><li class='av-share-link av-social-link-linkedin' ><a target=\"_blank\" aria-label=\"Compartir en LinkedIn\" href='https:\/\/linkedin.com\/shareArticle?mini=true&#038;title=%C2%A1Queda%20poco%21%20Postulaciones%20para%20programa%20%E2%80%9CLe%C3%B1a%20M%C3%A1s%20Seca%20Especial%20Maquinarias%E2%80%9D%20finalizan%20este%2029%20de%20mayo&#038;url=https:\/\/radiorevelacionfm.cl\/?p=4251' aria-hidden='false' data-av_icon='\ue8fc' data-av_iconfont='entypo-fontello' title='' data-avia-related-tooltip='Compartir en LinkedIn' rel=\"noopener\"><span class='avia_hidden_link_text'>Compartir en LinkedIn<\/span><\/a><\/li><li class='av-share-link av-social-link-mail' ><a  aria-label=\"Compartir por correo\" href='mailto:?subject=%C2%A1Queda%20poco%21%20Postulaciones%20para%20programa%20%E2%80%9CLe%C3%B1a%20M%C3%A1s%20Seca%20Especial%20Maquinarias%E2%80%9D%20finalizan%20este%2029%20de%20mayo&#038;body=https:\/\/radiorevelacionfm.cl\/?p=4251' aria-hidden='false' data-av_icon='\ue805' data-av_iconfont='entypo-fontello' title='' data-avia-related-tooltip='Compartir por correo'><span class='avia_hidden_link_text'>Compartir por correo<\/span><\/a><\/li><\/ul><\/div><\/div>\n<div  style='height:50px' class='hr hr-invisible   avia-builder-el-8  el_after_av_social_share  el_before_av_comments_list '><span class='hr-inner ' ><span class='hr-inner-style'><\/span><\/span><\/div>\n<div  class='av-buildercomment  av-blog-meta-html-info-disabled av-blog-meta-tag-disabled  '><\/div>\n","protected":false},"excerpt":{"rendered":"","protected":false},"author":1,"featured_media":4255,"comment_status":"open","ping_status":"open","sticky":false,"template":"","format":"standard","meta":{"footnotes":""},"categories":[39],"tags":[],"class_list":["post-4251","post","type-post","status-publish","format-standard","has-post-thumbnail","hentry","category-medio-ambiente"],"jetpack_featured_media_url":"https:\/\/radiorevelacionfm.cl\/wp-content\/uploads\/2021\/05\/WhatsApp-Image-2021-05-18-at-12.29.40-3-1.jpg","_links":{"self":[{"href":"https:\/\/radiorevelacionfm.cl\/index.php?rest_route=\/wp\/v2\/posts\/4251","targetHints":{"allow":["GET"]}}],"collection":[{"href":"https:\/\/radiorevelacionfm.cl\/index.php?rest_route=\/wp\/v2\/posts"}],"about":[{"href":"https:\/\/radiorevelacionfm.cl\/index.php?rest_route=\/wp\/v2\/types\/post"}],"author":[{"embeddable":true,"href":"https:\/\/radiorevelacionfm.cl\/index.php?rest_route=\/wp\/v2\/users\/1"}],"replies":[{"embeddable":true,"href":"https:\/\/radiorevelacionfm.cl\/index.php?rest_route=%2Fwp%2Fv2%2Fcomments&post=4251"}],"version-history":[{"count":1,"href":"https:\/\/radiorevelacionfm.cl\/index.php?rest_route=\/wp\/v2\/posts\/4251\/revisions"}],"predecessor-version":[{"id":4253,"href":"https:\/\/radiorevelacionfm.cl\/index.php?rest_route=\/wp\/v2\/posts\/4251\/revisions\/4253"}],"wp:featuredmedia":[{"embeddable":true,"href":"https:\/\/radiorevelacionfm.cl\/index.php?rest_route=\/wp\/v2\/media\/4255"}],"wp:attachment":[{"href":"https:\/\/radiorevelacionfm.cl\/index.php?rest_route=%2Fwp%2Fv2%2Fmedia&parent=4251"}],"wp:term":[{"taxonomy":"category","embeddable":true,"href":"https:\/\/radiorevelacionfm.cl\/index.php?rest_route=%2Fwp%2Fv2%2Fcategories&post=4251"},{"taxonomy":"post_tag","embeddable":true,"href":"https:\/\/radiorevelacionfm.cl\/index.php?rest_route=%2Fwp%2Fv2%2Ftags&post=4251"}],"curies":[{"name":"wp","href":"https:\/\/api.w.org\/{rel}","templated":true}]}}