{"id":42494,"date":"2024-05-26T00:06:06","date_gmt":"2024-05-26T03:06:06","guid":{"rendered":"https:\/\/radiorevelacionfm.cl\/?p=42494"},"modified":"2024-05-26T00:06:06","modified_gmt":"2024-05-26T03:06:06","slug":"sernapesca-realizo-su-cuenta-publica-participativa-2024-mostrando-avances-en-la-fiscalizacion-y-el-trabajo-con-enfoque-de-genero","status":"publish","type":"post","link":"https:\/\/radiorevelacionfm.cl\/?p=42494","title":{"rendered":"Sernapesca realiz\u00f3 su Cuenta P\u00fablica Participativa 2024, mostrando avances en la fiscalizaci\u00f3n y el trabajo con enfoque de g\u00e9nero"},"content":{"rendered":"<div class=\"flex_column av_one_full  flex_column_div av-zero-column-padding first  avia-builder-el-0  el_before_av_one_full  avia-builder-el-first  \" style='border-radius:0px; '><div  class='avia-image-container  av-styling-    avia-builder-el-1  avia-builder-el-no-sibling  avia-align-center '  itemprop=\"image\" itemscope=\"itemscope\" itemtype=\"https:\/\/schema.org\/ImageObject\"  ><div class='avia-image-container-inner'><div class='avia-image-overlay-wrap'><img decoding=\"async\" class='wp-image-42495 avia-img-lazy-loading-not-42495 avia_image' src=\"https:\/\/radiorevelacionfm.cl\/wp-content\/uploads\/2024\/05\/cuentapublicasnp1-1-1.jpg\" alt='' title='cuentapublicasnp1 (1) (1)' height=\"600\" width=\"800\"  itemprop=\"thumbnailUrl\" srcset=\"https:\/\/radiorevelacionfm.cl\/wp-content\/uploads\/2024\/05\/cuentapublicasnp1-1-1.jpg 800w, https:\/\/radiorevelacionfm.cl\/wp-content\/uploads\/2024\/05\/cuentapublicasnp1-1-1-300x225.jpg 300w, https:\/\/radiorevelacionfm.cl\/wp-content\/uploads\/2024\/05\/cuentapublicasnp1-1-1-768x576.jpg 768w, https:\/\/radiorevelacionfm.cl\/wp-content\/uploads\/2024\/05\/cuentapublicasnp1-1-1-705x529.jpg 705w, https:\/\/radiorevelacionfm.cl\/wp-content\/uploads\/2024\/05\/cuentapublicasnp1-1-1-450x338.jpg 450w, https:\/\/radiorevelacionfm.cl\/wp-content\/uploads\/2024\/05\/cuentapublicasnp1-1-1-600x450.jpg 600w\" sizes=\"(max-width: 800px) 100vw, 800px\" \/><\/div><\/div><\/div><\/div><div class=\"flex_column av_one_full  flex_column_div av-zero-column-padding first  avia-builder-el-2  el_after_av_one_full  el_before_av_one_full  column-top-margin\" style='border-radius:0px; '><section class=\"av_textblock_section \"  itemscope=\"itemscope\" itemtype=\"https:\/\/schema.org\/BlogPosting\" itemprop=\"blogPost\" ><div class='avia_textblock  '   itemprop=\"text\" ><p style=\"text-align: center;\"><strong><span style=\"font-size: 18pt;\">Sernapesca realiz\u00f3 su Cuenta P\u00fablica Participativa 2024, mostrando avances en la fiscalizaci\u00f3n y el trabajo con enfoque de g\u00e9nero<\/span><\/strong><\/p>\n<div id=\"gtx-trans\" style=\"position: absolute; left: -50px; top: 4.31534px;\">\n<div class=\"gtx-trans-icon\"><\/div>\n<\/div>\n<\/div><\/section><\/div><div class=\"flex_column av_one_full  flex_column_div av-zero-column-padding first  avia-builder-el-4  el_after_av_one_full  el_before_av_hr  column-top-margin\" style='border-radius:0px; '><section class=\"av_textblock_section \"  itemscope=\"itemscope\" itemtype=\"https:\/\/schema.org\/BlogPosting\" itemprop=\"blogPost\" ><div class='avia_textblock  '   itemprop=\"text\" ><p dir=\"ltr\" style=\"text-align: justify;\">Con un marcado \u00e9nfasis en el fortalecimiento de la fiscalizaci\u00f3n pesquera y acu\u00edcola, reforzada a trav\u00e9s de las alianzas estrat\u00e9gicas con diversas instituciones y la participaci\u00f3n activa de la ciudadan\u00eda; y el trabajo en el sector pesquero con enfoque de g\u00e9nero, el Servicio Nacional de Pesca y Acuicultura (Sernapesca) realiz\u00f3 su Cuenta P\u00fablica Participativa 2024.<\/p>\n<p dir=\"ltr\" style=\"text-align: justify;\">El acto fue presidido por la Directora Nacional de Sernapesca, Soledad Tapia Almonacid, quien destac\u00f3 la importancia de esta actividad para el Servicio y sus funcionarios y funcionarias. \u201cEs importante poder dar cuenta como servicio p\u00fablico de las acciones de fiscalizaci\u00f3n y de otras acciones que hemos realizado como Servicio Nacional de Pesca y Acuicultura, con foco principalmente en la sustentabilidad de los recursos pesqueros y acu\u00edcolas; y con el reconocimiento al trabajo que hacemos como funcionarios y funcionarias a lo largo de todo Chile\u201d, manifest\u00f3.<\/p>\n<p dir=\"ltr\" style=\"text-align: justify;\">En su exposici\u00f3n, Tapia dio cuenta de los resultados de las labores de fiscalizaci\u00f3n efectuadas en el 2023, con un \u00e9nfasis especial en el trabajo colaborativo que se hace con las instituciones que componen la Red Sustenta: \u201cEl a\u00f1o pasado se realizaron 2.885 operativos conjuntos de fiscalizaci\u00f3n en todo el pa\u00eds, lo que signific\u00f3 un aumento del 46,9% en comparaci\u00f3n con el a\u00f1o pasado, con foco especial en recursos como la merluza com\u00fan y las algas\u201d, coment\u00f3.<\/p>\n<p dir=\"ltr\" style=\"text-align: justify;\">La autoridad agreg\u00f3 que \u201ceste trabajo se ha visto reforzado en los \u00faltimos a\u00f1os con el uso de tecnolog\u00eda avanzada en las labores fiscalizadoras, como los veh\u00edculos de operaci\u00f3n remota (ROV) submarinos en inspecciones de fondo marino en acuicultura, los drones para el sobrevuelo en zonas de pesca y detectar posibles infracciones, las c\u00e1maras en naves industriales para el control del descarte de la pesca, el uso de inteligencia artificial aplicada al control del desembarque y el uso de sistemas de posicionamiento satelital para el control de pesca en 94 naves industriales y 401 embarcaciones artesanales\u201d.<\/p>\n<p dir=\"ltr\" style=\"text-align: justify;\">Adem\u00e1s, el a\u00f1o 2023 el Servicio inici\u00f3 una l\u00ednea de trabajo coordinado con el Consejo Nacional Contra el Crimen Organizado con foco en el sector de la pesca y acuicultura, reforzando el trabajo interinstitucional y creando una unidad interna especializada.<\/p>\n<p dir=\"ltr\" style=\"text-align: justify;\">ENFOQUE DE G\u00c9NERO<\/p>\n<p dir=\"ltr\" style=\"text-align: justify;\">Otro de los ejes de trabajo que tuvieron un especial enfoque en la Cuenta P\u00fablica, es la aplicaci\u00f3n del enfoque de g\u00e9nero en las labores pesqueras a trav\u00e9s de diversos planes y programas. \u201cA modo de ejemplo, en el Registro de Actividades Conexas a la Pesca Artesanal, implementado el a\u00f1o pasado, se han inscrito 2.720 personas, de las cuales el 70% son mujeres. A ello se suman las capacitaciones realizadas con el fin de disminuir las brechas de acceso a la informaci\u00f3n para el desarrollo de sus actividades\u201d, explic\u00f3 Soledad Tapia.<\/p>\n<p dir=\"ltr\" style=\"text-align: justify;\">A nivel interno de Sernapesca, a\u00f1adi\u00f3 la Directora, \u201ceste enfoque se tradujo en la creaci\u00f3n y formalizaci\u00f3n de la Pol\u00edtica de G\u00e9nero y Conciliaci\u00f3n de la Vida Laboral, Familiar y Personal, en un proceso participativo que fue acompa\u00f1ado de la actualizaci\u00f3n de los procedimientos de denuncia de maltrato, acoso laboral y sexual que pueden ocurrir dentro de la instituci\u00f3n; la consolidaci\u00f3n del horario flexible de entrada y la mantenci\u00f3n del trabajo remoto\u201d.<\/p>\n<p dir=\"ltr\" style=\"text-align: justify;\">Finalmente, Soledad Tapia expres\u00f3 que \u201clos desaf\u00edos que nos hemos impuesto para este a\u00f1o est\u00e1n marcados por el fortalecimiento de la estrategia institucional para mejorar la efectividad de la fiscalizaci\u00f3n y vigilancia de las actividades de pesca ilegal, la generaci\u00f3n de estrategias de control focalizada en las actividades de salmonicultura que se realizan en \u00e1reas silvestres protegidas y sus alrededores; consolidar el proceso de modernizaci\u00f3n de la instituci\u00f3n para facilitar el cumplimiento normativo de nuestros usuarios y usuarias en toda la cadena de valor con un modelo de atenci\u00f3n integral\u201d.<\/p>\n<p dir=\"ltr\" style=\"text-align: justify;\">\u201cTambi\u00e9n queremos para este a\u00f1o fortalecer las alianzas con la ciudadan\u00eda en el cuidado de los recursos del mar, as\u00ed como tambi\u00e9n fomentar la coordinaci\u00f3n con otras instituciones para la agilizaci\u00f3n de implementaci\u00f3n de pol\u00edticas p\u00fablicas; y transversalizar el enfoque de g\u00e9nero en la gesti\u00f3n de personas\u201d, manifest\u00f3.<\/p>\n<\/div><\/section><\/div><div  style='height:50px' class='hr hr-invisible   avia-builder-el-6  el_after_av_one_full  el_before_av_social_share '><span class='hr-inner ' ><span class='hr-inner-style'><\/span><\/span><\/div><\/p>\n<div  class='av-social-sharing-box  avia-builder-el-7  el_after_av_hr  el_before_av_hr  '><div class='av-share-box'><h5 class='av-share-link-description av-no-toc '>Compartir esta noticia<\/h5><ul class='av-share-box-list noLightbox'><li class='av-share-link av-social-link-facebook' ><a target=\"_blank\" aria-label=\"Compartir en Facebook\" href='https:\/\/www.facebook.com\/sharer.php?u=https:\/\/radiorevelacionfm.cl\/?p=42494&#038;t=Sernapesca%20realiz%C3%B3%20su%20Cuenta%20P%C3%BAblica%20Participativa%202024%2C%20mostrando%20avances%20en%20la%20fiscalizaci%C3%B3n%20y%20el%20trabajo%20con%20enfoque%20de%20g%C3%A9nero' aria-hidden='false' data-av_icon='\ue8f3' data-av_iconfont='entypo-fontello' title='' data-avia-related-tooltip='Compartir en Facebook' rel=\"noopener\"><span class='avia_hidden_link_text'>Compartir en Facebook<\/span><\/a><\/li><li class='av-share-link av-social-link-twitter' ><a target=\"_blank\" aria-label=\"Compartir en Twitter\" href='https:\/\/twitter.com\/share?text=Sernapesca%20realiz%C3%B3%20su%20Cuenta%20P%C3%BAblica%20Participativa%202024%2C%20mostrando%20avances%20en%20la%20fiscalizaci%C3%B3n%20y%20el%20trabajo%20con%20enfoque%20de%20g%C3%A9nero&#038;url=https:\/\/radiorevelacionfm.cl\/?p=42494' aria-hidden='false' data-av_icon='\ue8f1' data-av_iconfont='entypo-fontello' title='' data-avia-related-tooltip='Compartir en Twitter' rel=\"noopener\"><span class='avia_hidden_link_text'>Compartir en Twitter<\/span><\/a><\/li><li class='av-share-link av-social-link-whatsapp' ><a target=\"_blank\" aria-label=\"Compartir en Whatsapp\" href='https:\/\/api.whatsapp.com\/send?text=https:\/\/radiorevelacionfm.cl\/?p=42494' aria-hidden='false' data-av_icon='\uf232' data-av_iconfont='entypo-fontello' title='' data-avia-related-tooltip='Compartir en Whatsapp' rel=\"noopener\"><span class='avia_hidden_link_text'>Compartir en Whatsapp<\/span><\/a><\/li><li class='av-share-link av-social-link-linkedin' ><a target=\"_blank\" aria-label=\"Compartir en LinkedIn\" href='https:\/\/linkedin.com\/shareArticle?mini=true&#038;title=Sernapesca%20realiz%C3%B3%20su%20Cuenta%20P%C3%BAblica%20Participativa%202024%2C%20mostrando%20avances%20en%20la%20fiscalizaci%C3%B3n%20y%20el%20trabajo%20con%20enfoque%20de%20g%C3%A9nero&#038;url=https:\/\/radiorevelacionfm.cl\/?p=42494' aria-hidden='false' data-av_icon='\ue8fc' data-av_iconfont='entypo-fontello' title='' data-avia-related-tooltip='Compartir en LinkedIn' rel=\"noopener\"><span class='avia_hidden_link_text'>Compartir en LinkedIn<\/span><\/a><\/li><li class='av-share-link av-social-link-mail' ><a  aria-label=\"Compartir por correo\" href='mailto:?subject=Sernapesca%20realiz%C3%B3%20su%20Cuenta%20P%C3%BAblica%20Participativa%202024%2C%20mostrando%20avances%20en%20la%20fiscalizaci%C3%B3n%20y%20el%20trabajo%20con%20enfoque%20de%20g%C3%A9nero&#038;body=https:\/\/radiorevelacionfm.cl\/?p=42494' aria-hidden='false' data-av_icon='\ue805' data-av_iconfont='entypo-fontello' title='' data-avia-related-tooltip='Compartir por correo'><span class='avia_hidden_link_text'>Compartir por correo<\/span><\/a><\/li><\/ul><\/div><\/div>\n<div  style='height:50px' class='hr hr-invisible   avia-builder-el-8  el_after_av_social_share  el_before_av_comments_list '><span class='hr-inner ' ><span class='hr-inner-style'><\/span><\/span><\/div>\n<div  class='av-buildercomment  av-blog-meta-html-info-disabled av-blog-meta-tag-disabled  '><\/div>\n","protected":false},"excerpt":{"rendered":"","protected":false},"author":1,"featured_media":42495,"comment_status":"open","ping_status":"open","sticky":false,"template":"","format":"standard","meta":{"footnotes":""},"categories":[60],"tags":[],"class_list":["post-42494","post","type-post","status-publish","format-standard","has-post-thumbnail","hentry","category-pesca"],"jetpack_featured_media_url":"https:\/\/radiorevelacionfm.cl\/wp-content\/uploads\/2024\/05\/cuentapublicasnp1-1-1.jpg","_links":{"self":[{"href":"https:\/\/radiorevelacionfm.cl\/index.php?rest_route=\/wp\/v2\/posts\/42494","targetHints":{"allow":["GET"]}}],"collection":[{"href":"https:\/\/radiorevelacionfm.cl\/index.php?rest_route=\/wp\/v2\/posts"}],"about":[{"href":"https:\/\/radiorevelacionfm.cl\/index.php?rest_route=\/wp\/v2\/types\/post"}],"author":[{"embeddable":true,"href":"https:\/\/radiorevelacionfm.cl\/index.php?rest_route=\/wp\/v2\/users\/1"}],"replies":[{"embeddable":true,"href":"https:\/\/radiorevelacionfm.cl\/index.php?rest_route=%2Fwp%2Fv2%2Fcomments&post=42494"}],"version-history":[{"count":1,"href":"https:\/\/radiorevelacionfm.cl\/index.php?rest_route=\/wp\/v2\/posts\/42494\/revisions"}],"predecessor-version":[{"id":42496,"href":"https:\/\/radiorevelacionfm.cl\/index.php?rest_route=\/wp\/v2\/posts\/42494\/revisions\/42496"}],"wp:featuredmedia":[{"embeddable":true,"href":"https:\/\/radiorevelacionfm.cl\/index.php?rest_route=\/wp\/v2\/media\/42495"}],"wp:attachment":[{"href":"https:\/\/radiorevelacionfm.cl\/index.php?rest_route=%2Fwp%2Fv2%2Fmedia&parent=42494"}],"wp:term":[{"taxonomy":"category","embeddable":true,"href":"https:\/\/radiorevelacionfm.cl\/index.php?rest_route=%2Fwp%2Fv2%2Fcategories&post=42494"},{"taxonomy":"post_tag","embeddable":true,"href":"https:\/\/radiorevelacionfm.cl\/index.php?rest_route=%2Fwp%2Fv2%2Ftags&post=42494"}],"curies":[{"name":"wp","href":"https:\/\/api.w.org\/{rel}","templated":true}]}}