{"id":42489,"date":"2024-05-27T16:00:47","date_gmt":"2024-05-27T19:00:47","guid":{"rendered":"https:\/\/radiorevelacionfm.cl\/?p=42489"},"modified":"2024-05-27T16:00:47","modified_gmt":"2024-05-27T19:00:47","slug":"presentan-cartilla-para-promover-la-convivencia-desde-la-primera-infancia","status":"publish","type":"post","link":"https:\/\/radiorevelacionfm.cl\/?p=42489","title":{"rendered":"Presentan cartilla para promover la convivencia desde la primera infancia"},"content":{"rendered":"<div class=\"flex_column av_one_full  flex_column_div av-zero-column-padding first  avia-builder-el-0  el_before_av_one_full  avia-builder-el-first  \" style='border-radius:0px; '><div  class='avia-image-container  av-styling-    avia-builder-el-1  avia-builder-el-no-sibling  avia-align-center '  itemprop=\"image\" itemscope=\"itemscope\" itemtype=\"https:\/\/schema.org\/ImageObject\"  ><div class='avia-image-container-inner'><div class='avia-image-overlay-wrap'><img decoding=\"async\" class='wp-image-42491 avia-img-lazy-loading-not-42491 avia_image' src=\"https:\/\/radiorevelacionfm.cl\/wp-content\/uploads\/2024\/05\/WhatsApp-Image-2024-05-24-at-09.12.18-1-1-1.jpeg\" alt='' title='WhatsApp Image 2024-05-24 at 09.12.18 (1) (1) (1)' height=\"600\" width=\"800\"  itemprop=\"thumbnailUrl\" srcset=\"https:\/\/radiorevelacionfm.cl\/wp-content\/uploads\/2024\/05\/WhatsApp-Image-2024-05-24-at-09.12.18-1-1-1.jpeg 800w, https:\/\/radiorevelacionfm.cl\/wp-content\/uploads\/2024\/05\/WhatsApp-Image-2024-05-24-at-09.12.18-1-1-1-300x225.jpeg 300w, https:\/\/radiorevelacionfm.cl\/wp-content\/uploads\/2024\/05\/WhatsApp-Image-2024-05-24-at-09.12.18-1-1-1-768x576.jpeg 768w, https:\/\/radiorevelacionfm.cl\/wp-content\/uploads\/2024\/05\/WhatsApp-Image-2024-05-24-at-09.12.18-1-1-1-705x529.jpeg 705w, https:\/\/radiorevelacionfm.cl\/wp-content\/uploads\/2024\/05\/WhatsApp-Image-2024-05-24-at-09.12.18-1-1-1-450x338.jpeg 450w, https:\/\/radiorevelacionfm.cl\/wp-content\/uploads\/2024\/05\/WhatsApp-Image-2024-05-24-at-09.12.18-1-1-1-600x450.jpeg 600w\" sizes=\"(max-width: 800px) 100vw, 800px\" \/><\/div><\/div><\/div><\/div><div class=\"flex_column av_one_full  flex_column_div av-zero-column-padding first  avia-builder-el-2  el_after_av_one_full  el_before_av_one_full  column-top-margin\" style='border-radius:0px; '><section class=\"av_textblock_section \"  itemscope=\"itemscope\" itemtype=\"https:\/\/schema.org\/BlogPosting\" itemprop=\"blogPost\" ><div class='avia_textblock  '   itemprop=\"text\" ><p style=\"text-align: center;\"><strong><span style=\"font-size: 18pt;\">Presentan cartilla para promover la convivencia desde la primera infancia<\/span><\/strong><\/p>\n<div id=\"gtx-trans\" style=\"position: absolute; left: -50px; top: 4.31534px;\">\n<div class=\"gtx-trans-icon\"><\/div>\n<\/div>\n<\/div><\/section><\/div><div class=\"flex_column av_one_full  flex_column_div av-zero-column-padding first  avia-builder-el-4  el_after_av_one_full  el_before_av_hr  column-top-margin\" style='border-radius:0px; '><section class=\"av_textblock_section \"  itemscope=\"itemscope\" itemtype=\"https:\/\/schema.org\/BlogPosting\" itemprop=\"blogPost\" ><div class='avia_textblock  '   itemprop=\"text\" ><p class=\"v1MsoNormal\" style=\"text-align: justify;\">Junto a la comunidad educativa de la escuela Elo\u00edsa D\u00edaz de Conchal\u00ed, la subsecretaria de Educaci\u00f3n Parvularia, Claudia Lagos, lider\u00f3 esta ma\u00f1ana la presentaci\u00f3n de la cartilla:\u00a0<a href=\"https:\/\/parvularia.mineduc.cl\/recursos\/cartilla-3-pnce-a-convivir-se-aprende-desde-la-primera-infancia\/\" target=\"_blank\" rel=\"noopener noreferrer\"><b>A convivir se aprende desde la primera infancia<\/b><\/a>, recurso que forma parte de la\u00a0<a href=\"https:\/\/convivenciaparaciudadania.mineduc.cl\/\" target=\"_blank\" rel=\"noopener noreferrer\">Pol\u00edtica Nacional para la Convivencia Educativa 2024-2030<\/a>\u00a0y cuyo objetivo es valorar la convivencia como un proceso din\u00e1mico que se ense\u00f1a y aprende en comunidad desde la educaci\u00f3n inicial.<\/p>\n<p class=\"v1MsoNormal\" style=\"text-align: justify;\">\u201cEste recurso que estamos presentando hoy es muy importante, pues es justamente en el nivel de Educaci\u00f3n Parvularia donde ni\u00f1as y ni\u00f1os naturalmente se encuentran con toda la disposici\u00f3n para convivir, y aprender a convivir con otras personas. Por esto, el desarrollo y bienestar socioemocional en ni\u00f1os y ni\u00f1as de 0 a 8 a\u00f1os es fundamental, pues sienta las bases para las relaciones interpersonales, los aprendizajes y el bienestar integral durante su trayectoria vital y educativa\u201d, destac\u00f3 la subsecretaria de Educaci\u00f3n Parvularia, Claudia Lagos.<\/p>\n<p class=\"v1MsoNormal\" style=\"text-align: justify;\">La cartilla: A convivir se aprende desde la primera infancia, permite avanzar desde un enfoque de derechos, clarificando el abordaje de la convivencia en el nivel, analizando ciertos mitos y creencias al respecto, adem\u00e1s de entregar una serie de recursos disponibles para las comunidades educativas.<\/p>\n<p class=\"v1MsoNormal\" style=\"text-align: justify;\">En la actividad de presentaci\u00f3n participaron tambi\u00e9n el alcalde de Conchal\u00ed, Ren\u00e9 de la Vega, el director ejecutivo de Fundaci\u00f3n Integra, Carlos Gonz\u00e1lez, la directora ejecutiva del SLEP Los Libertadores, Oriele Rossel, adem\u00e1s de directoras y directores de jardines infantiles y escuelas de la comuna.<\/p>\n<p class=\"v1MsoNormal\" style=\"text-align: justify;\">En la instancia, y como parte de su relevancia para la convivencia y bienestar de ni\u00f1as y ni\u00f1os, la Subsecretar\u00eda de Educaci\u00f3n Parvularia present\u00f3 tambi\u00e9n las:\u00a0<a href=\"https:\/\/parvularia.mineduc.cl\/recursos\/orientaciones-transiciones-ep\/\" target=\"_blank\" rel=\"noopener noreferrer\"><b>Orientaciones para transiciones educativas en Educaci\u00f3n Parvularia<\/b><\/a>, que invita a las comunidades a identificar los intereses y necesidades de las ni\u00f1as y ni\u00f1os, plasm\u00e1ndolos en estrategias pedag\u00f3gicas que acompa\u00f1en las transiciones entre niveles y ciclos. Este insumo busca posibilitar los derechos participatorios de ni\u00f1as y ni\u00f1os, garantizando la expresi\u00f3n de sus opiniones y posibilit\u00e1ndoles ejercer acciones en aquellos asuntos que los involucren, ayudando adem\u00e1s a relevar su voz.<\/p>\n<p class=\"v1MsoNormal\" style=\"text-align: justify;\"><span lang=\"ES-MX\">\u00a0<\/span><\/p>\n<\/div><\/section><\/div><div  style='height:50px' class='hr hr-invisible   avia-builder-el-6  el_after_av_one_full  el_before_av_social_share '><span class='hr-inner ' ><span class='hr-inner-style'><\/span><\/span><\/div><\/p>\n<div  class='av-social-sharing-box  avia-builder-el-7  el_after_av_hr  el_before_av_hr  '><div class='av-share-box'><h5 class='av-share-link-description av-no-toc '>Compartir esta noticia<\/h5><ul class='av-share-box-list noLightbox'><li class='av-share-link av-social-link-facebook' ><a target=\"_blank\" aria-label=\"Compartir en Facebook\" href='https:\/\/www.facebook.com\/sharer.php?u=https:\/\/radiorevelacionfm.cl\/?p=42489&#038;t=Presentan%20cartilla%20para%20promover%20la%20convivencia%20desde%20la%20primera%20infancia' aria-hidden='false' data-av_icon='\ue8f3' data-av_iconfont='entypo-fontello' title='' data-avia-related-tooltip='Compartir en Facebook' rel=\"noopener\"><span class='avia_hidden_link_text'>Compartir en Facebook<\/span><\/a><\/li><li class='av-share-link av-social-link-twitter' ><a target=\"_blank\" aria-label=\"Compartir en Twitter\" href='https:\/\/twitter.com\/share?text=Presentan%20cartilla%20para%20promover%20la%20convivencia%20desde%20la%20primera%20infancia&#038;url=https:\/\/radiorevelacionfm.cl\/?p=42489' aria-hidden='false' data-av_icon='\ue8f1' data-av_iconfont='entypo-fontello' title='' data-avia-related-tooltip='Compartir en Twitter' rel=\"noopener\"><span class='avia_hidden_link_text'>Compartir en Twitter<\/span><\/a><\/li><li class='av-share-link av-social-link-whatsapp' ><a target=\"_blank\" aria-label=\"Compartir en Whatsapp\" href='https:\/\/api.whatsapp.com\/send?text=https:\/\/radiorevelacionfm.cl\/?p=42489' aria-hidden='false' data-av_icon='\uf232' data-av_iconfont='entypo-fontello' title='' data-avia-related-tooltip='Compartir en Whatsapp' rel=\"noopener\"><span class='avia_hidden_link_text'>Compartir en Whatsapp<\/span><\/a><\/li><li class='av-share-link av-social-link-linkedin' ><a target=\"_blank\" aria-label=\"Compartir en LinkedIn\" href='https:\/\/linkedin.com\/shareArticle?mini=true&#038;title=Presentan%20cartilla%20para%20promover%20la%20convivencia%20desde%20la%20primera%20infancia&#038;url=https:\/\/radiorevelacionfm.cl\/?p=42489' aria-hidden='false' data-av_icon='\ue8fc' data-av_iconfont='entypo-fontello' title='' data-avia-related-tooltip='Compartir en LinkedIn' rel=\"noopener\"><span class='avia_hidden_link_text'>Compartir en LinkedIn<\/span><\/a><\/li><li class='av-share-link av-social-link-mail' ><a  aria-label=\"Compartir por correo\" href='mailto:?subject=Presentan%20cartilla%20para%20promover%20la%20convivencia%20desde%20la%20primera%20infancia&#038;body=https:\/\/radiorevelacionfm.cl\/?p=42489' aria-hidden='false' data-av_icon='\ue805' data-av_iconfont='entypo-fontello' title='' data-avia-related-tooltip='Compartir por correo'><span class='avia_hidden_link_text'>Compartir por correo<\/span><\/a><\/li><\/ul><\/div><\/div>\n<div  style='height:50px' class='hr hr-invisible   avia-builder-el-8  el_after_av_social_share  el_before_av_comments_list '><span class='hr-inner ' ><span class='hr-inner-style'><\/span><\/span><\/div>\n<div  class='av-buildercomment  av-blog-meta-html-info-disabled av-blog-meta-tag-disabled  '><\/div>\n","protected":false},"excerpt":{"rendered":"","protected":false},"author":1,"featured_media":42491,"comment_status":"open","ping_status":"open","sticky":false,"template":"","format":"standard","meta":{"footnotes":""},"categories":[61],"tags":[],"class_list":["post-42489","post","type-post","status-publish","format-standard","has-post-thumbnail","hentry","category-nacional"],"jetpack_featured_media_url":"https:\/\/radiorevelacionfm.cl\/wp-content\/uploads\/2024\/05\/WhatsApp-Image-2024-05-24-at-09.12.18-1-1-1.jpeg","_links":{"self":[{"href":"https:\/\/radiorevelacionfm.cl\/index.php?rest_route=\/wp\/v2\/posts\/42489","targetHints":{"allow":["GET"]}}],"collection":[{"href":"https:\/\/radiorevelacionfm.cl\/index.php?rest_route=\/wp\/v2\/posts"}],"about":[{"href":"https:\/\/radiorevelacionfm.cl\/index.php?rest_route=\/wp\/v2\/types\/post"}],"author":[{"embeddable":true,"href":"https:\/\/radiorevelacionfm.cl\/index.php?rest_route=\/wp\/v2\/users\/1"}],"replies":[{"embeddable":true,"href":"https:\/\/radiorevelacionfm.cl\/index.php?rest_route=%2Fwp%2Fv2%2Fcomments&post=42489"}],"version-history":[{"count":1,"href":"https:\/\/radiorevelacionfm.cl\/index.php?rest_route=\/wp\/v2\/posts\/42489\/revisions"}],"predecessor-version":[{"id":42492,"href":"https:\/\/radiorevelacionfm.cl\/index.php?rest_route=\/wp\/v2\/posts\/42489\/revisions\/42492"}],"wp:featuredmedia":[{"embeddable":true,"href":"https:\/\/radiorevelacionfm.cl\/index.php?rest_route=\/wp\/v2\/media\/42491"}],"wp:attachment":[{"href":"https:\/\/radiorevelacionfm.cl\/index.php?rest_route=%2Fwp%2Fv2%2Fmedia&parent=42489"}],"wp:term":[{"taxonomy":"category","embeddable":true,"href":"https:\/\/radiorevelacionfm.cl\/index.php?rest_route=%2Fwp%2Fv2%2Fcategories&post=42489"},{"taxonomy":"post_tag","embeddable":true,"href":"https:\/\/radiorevelacionfm.cl\/index.php?rest_route=%2Fwp%2Fv2%2Ftags&post=42489"}],"curies":[{"name":"wp","href":"https:\/\/api.w.org\/{rel}","templated":true}]}}