{"id":42486,"date":"2024-05-24T21:42:55","date_gmt":"2024-05-25T00:42:55","guid":{"rendered":"https:\/\/radiorevelacionfm.cl\/?p=42486"},"modified":"2024-05-24T21:42:55","modified_gmt":"2024-05-25T00:42:55","slug":"chile-chico-retoma-tradicional-desfile-en-honor-a-las-glorias-navales","status":"publish","type":"post","link":"https:\/\/radiorevelacionfm.cl\/?p=42486","title":{"rendered":"Chile Chico retoma tradicional desfile en honor a las Glorias Navales"},"content":{"rendered":"<div class=\"flex_column av_one_full  flex_column_div av-zero-column-padding first  avia-builder-el-0  el_before_av_one_full  avia-builder-el-first  \" style='border-radius:0px; '><div  class='avia-image-container  av-styling-    avia-builder-el-1  avia-builder-el-no-sibling  avia-align-center '  itemprop=\"image\" itemscope=\"itemscope\" itemtype=\"https:\/\/schema.org\/ImageObject\"  ><div class='avia-image-container-inner'><div class='avia-image-overlay-wrap'><img decoding=\"async\" class='wp-image-42487 avia-img-lazy-loading-not-42487 avia_image' src=\"https:\/\/radiorevelacionfm.cl\/wp-content\/uploads\/2024\/05\/desfile3-1-1.jpg\" alt='' title='desfile3 (1) (1)' height=\"600\" width=\"1067\"  itemprop=\"thumbnailUrl\" srcset=\"https:\/\/radiorevelacionfm.cl\/wp-content\/uploads\/2024\/05\/desfile3-1-1.jpg 1067w, https:\/\/radiorevelacionfm.cl\/wp-content\/uploads\/2024\/05\/desfile3-1-1-300x169.jpg 300w, https:\/\/radiorevelacionfm.cl\/wp-content\/uploads\/2024\/05\/desfile3-1-1-1030x579.jpg 1030w, https:\/\/radiorevelacionfm.cl\/wp-content\/uploads\/2024\/05\/desfile3-1-1-768x432.jpg 768w, https:\/\/radiorevelacionfm.cl\/wp-content\/uploads\/2024\/05\/desfile3-1-1-705x396.jpg 705w, https:\/\/radiorevelacionfm.cl\/wp-content\/uploads\/2024\/05\/desfile3-1-1-450x253.jpg 450w, https:\/\/radiorevelacionfm.cl\/wp-content\/uploads\/2024\/05\/desfile3-1-1-600x337.jpg 600w\" sizes=\"(max-width: 1067px) 100vw, 1067px\" \/><\/div><\/div><\/div><\/div><div class=\"flex_column av_one_full  flex_column_div av-zero-column-padding first  avia-builder-el-2  el_after_av_one_full  el_before_av_one_full  column-top-margin\" style='border-radius:0px; '><section class=\"av_textblock_section \"  itemscope=\"itemscope\" itemtype=\"https:\/\/schema.org\/BlogPosting\" itemprop=\"blogPost\" ><div class='avia_textblock  '   itemprop=\"text\" ><p style=\"text-align: center;\"><span style=\"font-size: 18pt;\"><strong>Chile Chico retoma tradicional desfile en honor a las Glorias Navales<\/strong><\/span><\/p>\n<div id=\"gtx-trans\" style=\"position: absolute; left: -50px; top: 4.31534px;\">\n<div class=\"gtx-trans-icon\"><\/div>\n<\/div>\n<\/div><\/section><\/div><div class=\"flex_column av_one_full  flex_column_div av-zero-column-padding first  avia-builder-el-4  el_after_av_one_full  el_before_av_hr  column-top-margin\" style='border-radius:0px; '><section class=\"av_textblock_section \"  itemscope=\"itemscope\" itemtype=\"https:\/\/schema.org\/BlogPosting\" itemprop=\"blogPost\" ><div class='avia_textblock  '   itemprop=\"text\" ><p style=\"text-align: justify;\"><em>Pese a ubicarse a las orillas de un lago binacional, desde antes de la pandemia no se llevaba a cabo el importante acto c\u00edvico en Chile Chico, por lo que desde la Delegaci\u00f3n Presidencial Provincial de General Carrera en conjunto con la Armada de Chile, a trav\u00e9s de la Capitan\u00eda de Puerto Lago General Carrera, se pusieron manos a la obra para retomar esta tradici\u00f3n ciudadana.<\/em><\/p>\n<p style=\"text-align: justify;\">Al mediod\u00eda del 22 de mayo comenz\u00f3 el acto que conmemora el aniversario n\u00famero 145 de la gesta heroica del Combate Naval de Iquique y el Combate Naval de Punta Gruesa. Ni el fr\u00edo, ni el hecho de que este desfile llevaba, al menos, cinco a\u00f1os sin realizarse impidi\u00f3 que vecinos y vecinas de Chile Chico se acercaran a contemplar este acto que resalta nuestros valores patrios.<\/p>\n<p style=\"text-align: justify;\">Con la entrada del Delegado Presidencial Provincial de General Carrera, Crist\u00f3bal Barcel\u00f3 Veas, acompa\u00f1ado del Capit\u00e1n de Puerto Lago General Carrera, Capit\u00e1n de Corbeta Litoral Camilo Cifuentes Garc\u00eda, se dio inicio a la ceremonia.<\/p>\n<p style=\"text-align: justify;\">Con la in\u00e9dita presencia del Orfe\u00f3n de Carabineros de la Prefectura Ays\u00e9n en la Ciudad del Sol, se llev\u00f3 a cabo, por cerca de 30 minutos, impecablemente, la solemne ceremonia en honor a Prat y su tripulaci\u00f3n, en el que se resalt\u00f3 nuestra historia, nuestros valores patrios y c\u00f3mo estos hechos ocurridos hace m\u00e1s de un siglo, siguen siendo significativos para nuestro desarrollo como naci\u00f3n mar\u00edtima.<\/p>\n<p style=\"text-align: justify;\">Posteriormente, se llev\u00f3 a cabo el tradicional desfile. Si en Valpara\u00edso cada 21 de mayo \u00a0todo el peso del desfile recae en las Fuerzas Armadas y de Orden, en las distintas provincias de Chile esta responsabilidad es compartida con la Sociedad Civil, generando un sentido de pertenencia propio en cada territorio.<\/p>\n<p style=\"text-align: justify;\">De esta manera, en el desfile, adem\u00e1s de Carabineros, se pudo ver a Bomberos, escolares y liceanos; clubes deportivos y folkl\u00f3ricos que llenaron de colores la avenida principal de Chile Chico, pasando frente al busto de Arturo Prat que se encuentra en la Plaza Principal de la ciudad, al ritmo de tambores, platillos, tubas y trompetas del orfe\u00f3n.<\/p>\n<p style=\"text-align: justify;\">Respecto a este acto se refiri\u00f3 el Delegado Presidencial Provincial de General Carrera, Crist\u00f3bal Barcel\u00f3 Veas \u201cPara nosotros fue un honor haber sido part\u00edcipe de retomar esta actividad, esta tradici\u00f3n\u00a0\u00a0ciudadana de reconocimiento a la Armada de Chile y, muy en especial, por la labor que hacen en nuestro lago General Carrera\u201d.<\/p>\n<p style=\"text-align: justify;\">De esta forma se realiz\u00f3 la \u00faltima actividad p\u00fablica en el marco del mes del mar en la provincia de General Carrera, las que continuar\u00e1n para la Armada de Chile en un pr\u00f3ximo desfile en Cochrane antes de fin de mes.<\/p>\n<\/div><\/section><\/div><div  style='height:50px' class='hr hr-invisible   avia-builder-el-6  el_after_av_one_full  el_before_av_social_share '><span class='hr-inner ' ><span class='hr-inner-style'><\/span><\/span><\/div><\/p>\n<div  class='av-social-sharing-box  avia-builder-el-7  el_after_av_hr  el_before_av_hr  '><div class='av-share-box'><h5 class='av-share-link-description av-no-toc '>Compartir esta noticia<\/h5><ul class='av-share-box-list noLightbox'><li class='av-share-link av-social-link-facebook' ><a target=\"_blank\" aria-label=\"Compartir en Facebook\" href='https:\/\/www.facebook.com\/sharer.php?u=https:\/\/radiorevelacionfm.cl\/?p=42486&#038;t=Chile%20Chico%20retoma%20tradicional%20desfile%20en%20honor%20a%20las%20Glorias%20Navales' aria-hidden='false' data-av_icon='\ue8f3' data-av_iconfont='entypo-fontello' title='' data-avia-related-tooltip='Compartir en Facebook' rel=\"noopener\"><span class='avia_hidden_link_text'>Compartir en Facebook<\/span><\/a><\/li><li class='av-share-link av-social-link-twitter' ><a target=\"_blank\" aria-label=\"Compartir en Twitter\" href='https:\/\/twitter.com\/share?text=Chile%20Chico%20retoma%20tradicional%20desfile%20en%20honor%20a%20las%20Glorias%20Navales&#038;url=https:\/\/radiorevelacionfm.cl\/?p=42486' aria-hidden='false' data-av_icon='\ue8f1' data-av_iconfont='entypo-fontello' title='' data-avia-related-tooltip='Compartir en Twitter' rel=\"noopener\"><span class='avia_hidden_link_text'>Compartir en Twitter<\/span><\/a><\/li><li class='av-share-link av-social-link-whatsapp' ><a target=\"_blank\" aria-label=\"Compartir en Whatsapp\" href='https:\/\/api.whatsapp.com\/send?text=https:\/\/radiorevelacionfm.cl\/?p=42486' aria-hidden='false' data-av_icon='\uf232' data-av_iconfont='entypo-fontello' title='' data-avia-related-tooltip='Compartir en Whatsapp' rel=\"noopener\"><span class='avia_hidden_link_text'>Compartir en Whatsapp<\/span><\/a><\/li><li class='av-share-link av-social-link-linkedin' ><a target=\"_blank\" aria-label=\"Compartir en LinkedIn\" href='https:\/\/linkedin.com\/shareArticle?mini=true&#038;title=Chile%20Chico%20retoma%20tradicional%20desfile%20en%20honor%20a%20las%20Glorias%20Navales&#038;url=https:\/\/radiorevelacionfm.cl\/?p=42486' aria-hidden='false' data-av_icon='\ue8fc' data-av_iconfont='entypo-fontello' title='' data-avia-related-tooltip='Compartir en LinkedIn' rel=\"noopener\"><span class='avia_hidden_link_text'>Compartir en LinkedIn<\/span><\/a><\/li><li class='av-share-link av-social-link-mail' ><a  aria-label=\"Compartir por correo\" href='mailto:?subject=Chile%20Chico%20retoma%20tradicional%20desfile%20en%20honor%20a%20las%20Glorias%20Navales&#038;body=https:\/\/radiorevelacionfm.cl\/?p=42486' aria-hidden='false' data-av_icon='\ue805' data-av_iconfont='entypo-fontello' title='' data-avia-related-tooltip='Compartir por correo'><span class='avia_hidden_link_text'>Compartir por correo<\/span><\/a><\/li><\/ul><\/div><\/div>\n<div  style='height:50px' class='hr hr-invisible   avia-builder-el-8  el_after_av_social_share  el_before_av_comments_list '><span class='hr-inner ' ><span class='hr-inner-style'><\/span><\/span><\/div>\n<div  class='av-buildercomment  av-blog-meta-html-info-disabled av-blog-meta-tag-disabled  '><\/div>\n","protected":false},"excerpt":{"rendered":"","protected":false},"author":1,"featured_media":42487,"comment_status":"open","ping_status":"open","sticky":false,"template":"","format":"standard","meta":{"footnotes":""},"categories":[38],"tags":[],"class_list":["post-42486","post","type-post","status-publish","format-standard","has-post-thumbnail","hentry","category-regional"],"jetpack_featured_media_url":"https:\/\/radiorevelacionfm.cl\/wp-content\/uploads\/2024\/05\/desfile3-1-1.jpg","_links":{"self":[{"href":"https:\/\/radiorevelacionfm.cl\/index.php?rest_route=\/wp\/v2\/posts\/42486","targetHints":{"allow":["GET"]}}],"collection":[{"href":"https:\/\/radiorevelacionfm.cl\/index.php?rest_route=\/wp\/v2\/posts"}],"about":[{"href":"https:\/\/radiorevelacionfm.cl\/index.php?rest_route=\/wp\/v2\/types\/post"}],"author":[{"embeddable":true,"href":"https:\/\/radiorevelacionfm.cl\/index.php?rest_route=\/wp\/v2\/users\/1"}],"replies":[{"embeddable":true,"href":"https:\/\/radiorevelacionfm.cl\/index.php?rest_route=%2Fwp%2Fv2%2Fcomments&post=42486"}],"version-history":[{"count":1,"href":"https:\/\/radiorevelacionfm.cl\/index.php?rest_route=\/wp\/v2\/posts\/42486\/revisions"}],"predecessor-version":[{"id":42488,"href":"https:\/\/radiorevelacionfm.cl\/index.php?rest_route=\/wp\/v2\/posts\/42486\/revisions\/42488"}],"wp:featuredmedia":[{"embeddable":true,"href":"https:\/\/radiorevelacionfm.cl\/index.php?rest_route=\/wp\/v2\/media\/42487"}],"wp:attachment":[{"href":"https:\/\/radiorevelacionfm.cl\/index.php?rest_route=%2Fwp%2Fv2%2Fmedia&parent=42486"}],"wp:term":[{"taxonomy":"category","embeddable":true,"href":"https:\/\/radiorevelacionfm.cl\/index.php?rest_route=%2Fwp%2Fv2%2Fcategories&post=42486"},{"taxonomy":"post_tag","embeddable":true,"href":"https:\/\/radiorevelacionfm.cl\/index.php?rest_route=%2Fwp%2Fv2%2Ftags&post=42486"}],"curies":[{"name":"wp","href":"https:\/\/api.w.org\/{rel}","templated":true}]}}