{"id":42483,"date":"2024-05-24T21:20:04","date_gmt":"2024-05-25T00:20:04","guid":{"rendered":"https:\/\/radiorevelacionfm.cl\/?p=42483"},"modified":"2024-05-24T21:20:42","modified_gmt":"2024-05-25T00:20:42","slug":"estudiante-tecnico-agricola-de-inacap-representara-a-la-region-en-las-world-ovimpiadas-2024-en-francia","status":"publish","type":"post","link":"https:\/\/radiorevelacionfm.cl\/?p=42483","title":{"rendered":"Estudiante T\u00e9cnico Agr\u00edcola de Inacap, representar\u00e1 a la regi\u00f3n en las World Ovimpiadas 2024 en Francia"},"content":{"rendered":"<div class=\"flex_column av_one_full  flex_column_div av-zero-column-padding first  avia-builder-el-0  el_before_av_one_full  avia-builder-el-first  \" style='border-radius:0px; '><div  class='avia-image-container  av-styling-    avia-builder-el-1  avia-builder-el-no-sibling  avia-align-center '  itemprop=\"image\" itemscope=\"itemscope\" itemtype=\"https:\/\/schema.org\/ImageObject\"  ><div class='avia-image-container-inner'><div class='avia-image-overlay-wrap'><img decoding=\"async\" class='wp-image-42484 avia-img-lazy-loading-not-42484 avia_image' src=\"https:\/\/radiorevelacionfm.cl\/wp-content\/uploads\/2024\/05\/2e23b84c-f2aa-4e70-93d4-bb79d649dc52-1-1.jpg\" alt='' title='2e23b84c-f2aa-4e70-93d4-bb79d649dc52 (1) (1)' height=\"600\" width=\"950\"  itemprop=\"thumbnailUrl\" srcset=\"https:\/\/radiorevelacionfm.cl\/wp-content\/uploads\/2024\/05\/2e23b84c-f2aa-4e70-93d4-bb79d649dc52-1-1.jpg 950w, https:\/\/radiorevelacionfm.cl\/wp-content\/uploads\/2024\/05\/2e23b84c-f2aa-4e70-93d4-bb79d649dc52-1-1-300x189.jpg 300w, https:\/\/radiorevelacionfm.cl\/wp-content\/uploads\/2024\/05\/2e23b84c-f2aa-4e70-93d4-bb79d649dc52-1-1-768x485.jpg 768w, https:\/\/radiorevelacionfm.cl\/wp-content\/uploads\/2024\/05\/2e23b84c-f2aa-4e70-93d4-bb79d649dc52-1-1-705x445.jpg 705w, https:\/\/radiorevelacionfm.cl\/wp-content\/uploads\/2024\/05\/2e23b84c-f2aa-4e70-93d4-bb79d649dc52-1-1-450x284.jpg 450w, https:\/\/radiorevelacionfm.cl\/wp-content\/uploads\/2024\/05\/2e23b84c-f2aa-4e70-93d4-bb79d649dc52-1-1-600x379.jpg 600w\" sizes=\"(max-width: 950px) 100vw, 950px\" \/><\/div><\/div><\/div><\/div><div class=\"flex_column av_one_full  flex_column_div av-zero-column-padding first  avia-builder-el-2  el_after_av_one_full  el_before_av_one_full  column-top-margin\" style='border-radius:0px; '><section class=\"av_textblock_section \"  itemscope=\"itemscope\" itemtype=\"https:\/\/schema.org\/BlogPosting\" itemprop=\"blogPost\" ><div class='avia_textblock  '   itemprop=\"text\" ><p style=\"text-align: center;\"><strong><span style=\"font-size: 18pt;\">Estudiante T\u00e9cnico Agr\u00edcola de Inacap, representar\u00e1 a la regi\u00f3n en las World Ovimpiadas 2024 en Francia<\/span><\/strong><\/p>\n<div id=\"gtx-trans\" style=\"position: absolute; left: -50px; top: 4.31534px;\">\n<div class=\"gtx-trans-icon\"><\/div>\n<\/div>\n<\/div><\/section><\/div><div class=\"flex_column av_one_full  flex_column_div av-zero-column-padding first  avia-builder-el-4  el_after_av_one_full  el_before_av_hr  column-top-margin\" style='border-radius:0px; '><section class=\"av_textblock_section \"  itemscope=\"itemscope\" itemtype=\"https:\/\/schema.org\/BlogPosting\" itemprop=\"blogPost\" ><div class='avia_textblock  '   itemprop=\"text\" ><p style=\"text-align: justify;\">Estamos encantados de anunciar la participaci\u00f3n de nuestro alumno Manuel Navarrete en el prestigioso Campeonato Mundial de J\u00f3venes Pastores, OVIMPIADAS 2024, que se celebrar\u00e1 en Francia. Este evento de renombre internacional, organizado por la Interprofesional del ovino franc\u00e9s, congregar\u00e1 a j\u00f3venes talentosos de todo el mundo para competir por el t\u00edtulo de \u00abMejor Joven Pastor del Mundo\u00bb.<\/p>\n<p style=\"text-align: justify;\">Manuel Navarrete, nativo de nuestra amada Regi\u00f3n de Ays\u00e9n, la m\u00e1s austral que participa en estas competencias, se enfrentar\u00e1 a una serie de desaf\u00edos durante una semana de intensa competici\u00f3n. Desde pruebas de esquilado de ovejas hasta el testeo de la salud animal, pasando por manejos podales y conducci\u00f3n de reba\u00f1os, Manuel demostrar\u00e1 su destreza y dedicaci\u00f3n en el manejo ovino.<\/p>\n<p style=\"text-align: justify;\">Con tan solo 18 a\u00f1os y siendo estudiante de T\u00e9cnico Agr\u00edcola en INACAP Sede Coyhaique, Manuel representa un verdadero ejemplo de perseverancia y determinaci\u00f3n. Originario de la localidad de La Tapera, Alto R\u00edo Cisnes, ha demostrado un compromiso inquebrantable con su pasi\u00f3n por la ganader\u00eda pastoral.<\/p>\n<p style=\"text-align: justify;\">El viaje de Manuel a Francia no solo constituye una oportunidad para demostrar su habilidad y talento, sino tambi\u00e9n para fomentar el intercambio entre j\u00f3venes y promover la creaci\u00f3n de redes en la industria ganadera a nivel mundial.<\/p>\n<p style=\"text-align: justify;\">Manuel, lleno de entusiasmo y nerviosismo ante esta emocionante experiencia, comparte un mensaje inspirador para sus compa\u00f1eros: \u00abQue nunca se rindan, que cumplan sus sue\u00f1os y que crean en ellos mismos\u00bb.<\/p>\n<p style=\"text-align: justify;\">INACAP se enorgullece de contar con Manuel Navarrete como su representante en las OVIMPIADAS 2024 y le desea todo el \u00e9xito en esta aventura \u00fanica. Su dedicaci\u00f3n y valent\u00eda son un verdadero reflejo del esp\u00edritu Inacapino que nos impulsa a alcanzar nuevas alturas.<\/p>\n<\/div><\/section><\/div><div  style='height:50px' class='hr hr-invisible   avia-builder-el-6  el_after_av_one_full  el_before_av_social_share '><span class='hr-inner ' ><span class='hr-inner-style'><\/span><\/span><\/div><\/p>\n<div  class='av-social-sharing-box  avia-builder-el-7  el_after_av_hr  el_before_av_hr  '><div class='av-share-box'><h5 class='av-share-link-description av-no-toc '>Compartir esta noticia<\/h5><ul class='av-share-box-list noLightbox'><li class='av-share-link av-social-link-facebook' ><a target=\"_blank\" aria-label=\"Compartir en Facebook\" href='https:\/\/www.facebook.com\/sharer.php?u=https:\/\/radiorevelacionfm.cl\/?p=42483&#038;t=Estudiante%20T%C3%A9cnico%20Agr%C3%ADcola%20de%20Inacap%2C%20representar%C3%A1%20a%20la%20regi%C3%B3n%20en%20las%20World%20Ovimpiadas%202024%20en%20Francia' aria-hidden='false' data-av_icon='\ue8f3' data-av_iconfont='entypo-fontello' title='' data-avia-related-tooltip='Compartir en Facebook' rel=\"noopener\"><span class='avia_hidden_link_text'>Compartir en Facebook<\/span><\/a><\/li><li class='av-share-link av-social-link-twitter' ><a target=\"_blank\" aria-label=\"Compartir en Twitter\" href='https:\/\/twitter.com\/share?text=Estudiante%20T%C3%A9cnico%20Agr%C3%ADcola%20de%20Inacap%2C%20representar%C3%A1%20a%20la%20regi%C3%B3n%20en%20las%20World%20Ovimpiadas%202024%20en%20Francia&#038;url=https:\/\/radiorevelacionfm.cl\/?p=42483' aria-hidden='false' data-av_icon='\ue8f1' data-av_iconfont='entypo-fontello' title='' data-avia-related-tooltip='Compartir en Twitter' rel=\"noopener\"><span class='avia_hidden_link_text'>Compartir en Twitter<\/span><\/a><\/li><li class='av-share-link av-social-link-whatsapp' ><a target=\"_blank\" aria-label=\"Compartir en Whatsapp\" href='https:\/\/api.whatsapp.com\/send?text=https:\/\/radiorevelacionfm.cl\/?p=42483' aria-hidden='false' data-av_icon='\uf232' data-av_iconfont='entypo-fontello' title='' data-avia-related-tooltip='Compartir en Whatsapp' rel=\"noopener\"><span class='avia_hidden_link_text'>Compartir en Whatsapp<\/span><\/a><\/li><li class='av-share-link av-social-link-linkedin' ><a target=\"_blank\" aria-label=\"Compartir en LinkedIn\" href='https:\/\/linkedin.com\/shareArticle?mini=true&#038;title=Estudiante%20T%C3%A9cnico%20Agr%C3%ADcola%20de%20Inacap%2C%20representar%C3%A1%20a%20la%20regi%C3%B3n%20en%20las%20World%20Ovimpiadas%202024%20en%20Francia&#038;url=https:\/\/radiorevelacionfm.cl\/?p=42483' aria-hidden='false' data-av_icon='\ue8fc' data-av_iconfont='entypo-fontello' title='' data-avia-related-tooltip='Compartir en LinkedIn' rel=\"noopener\"><span class='avia_hidden_link_text'>Compartir en LinkedIn<\/span><\/a><\/li><li class='av-share-link av-social-link-mail' ><a  aria-label=\"Compartir por correo\" href='mailto:?subject=Estudiante%20T%C3%A9cnico%20Agr%C3%ADcola%20de%20Inacap%2C%20representar%C3%A1%20a%20la%20regi%C3%B3n%20en%20las%20World%20Ovimpiadas%202024%20en%20Francia&#038;body=https:\/\/radiorevelacionfm.cl\/?p=42483' aria-hidden='false' data-av_icon='\ue805' data-av_iconfont='entypo-fontello' title='' data-avia-related-tooltip='Compartir por correo'><span class='avia_hidden_link_text'>Compartir por correo<\/span><\/a><\/li><\/ul><\/div><\/div>\n<div  style='height:50px' class='hr hr-invisible   avia-builder-el-8  el_after_av_social_share  el_before_av_comments_list '><span class='hr-inner ' ><span class='hr-inner-style'><\/span><\/span><\/div>\n<div  class='av-buildercomment  av-blog-meta-html-info-disabled av-blog-meta-tag-disabled  '><\/div>\n","protected":false},"excerpt":{"rendered":"","protected":false},"author":1,"featured_media":42484,"comment_status":"open","ping_status":"open","sticky":false,"template":"","format":"standard","meta":{"footnotes":""},"categories":[49],"tags":[],"class_list":["post-42483","post","type-post","status-publish","format-standard","has-post-thumbnail","hentry","category-educacion"],"jetpack_featured_media_url":"https:\/\/radiorevelacionfm.cl\/wp-content\/uploads\/2024\/05\/2e23b84c-f2aa-4e70-93d4-bb79d649dc52-1-1.jpg","_links":{"self":[{"href":"https:\/\/radiorevelacionfm.cl\/index.php?rest_route=\/wp\/v2\/posts\/42483","targetHints":{"allow":["GET"]}}],"collection":[{"href":"https:\/\/radiorevelacionfm.cl\/index.php?rest_route=\/wp\/v2\/posts"}],"about":[{"href":"https:\/\/radiorevelacionfm.cl\/index.php?rest_route=\/wp\/v2\/types\/post"}],"author":[{"embeddable":true,"href":"https:\/\/radiorevelacionfm.cl\/index.php?rest_route=\/wp\/v2\/users\/1"}],"replies":[{"embeddable":true,"href":"https:\/\/radiorevelacionfm.cl\/index.php?rest_route=%2Fwp%2Fv2%2Fcomments&post=42483"}],"version-history":[{"count":1,"href":"https:\/\/radiorevelacionfm.cl\/index.php?rest_route=\/wp\/v2\/posts\/42483\/revisions"}],"predecessor-version":[{"id":42485,"href":"https:\/\/radiorevelacionfm.cl\/index.php?rest_route=\/wp\/v2\/posts\/42483\/revisions\/42485"}],"wp:featuredmedia":[{"embeddable":true,"href":"https:\/\/radiorevelacionfm.cl\/index.php?rest_route=\/wp\/v2\/media\/42484"}],"wp:attachment":[{"href":"https:\/\/radiorevelacionfm.cl\/index.php?rest_route=%2Fwp%2Fv2%2Fmedia&parent=42483"}],"wp:term":[{"taxonomy":"category","embeddable":true,"href":"https:\/\/radiorevelacionfm.cl\/index.php?rest_route=%2Fwp%2Fv2%2Fcategories&post=42483"},{"taxonomy":"post_tag","embeddable":true,"href":"https:\/\/radiorevelacionfm.cl\/index.php?rest_route=%2Fwp%2Fv2%2Ftags&post=42483"}],"curies":[{"name":"wp","href":"https:\/\/api.w.org\/{rel}","templated":true}]}}