{"id":42480,"date":"2024-05-24T21:03:41","date_gmt":"2024-05-25T00:03:41","guid":{"rendered":"https:\/\/radiorevelacionfm.cl\/?p=42480"},"modified":"2024-05-24T21:03:41","modified_gmt":"2024-05-25T00:03:41","slug":"adjudican-diseno-para-construir-feria-horticola-en-puerto-aysen","status":"publish","type":"post","link":"https:\/\/radiorevelacionfm.cl\/?p=42480","title":{"rendered":"Adjudican dise\u00f1o para construir feria hort\u00edcola en Puerto Ays\u00e9n"},"content":{"rendered":"<div class=\"flex_column av_one_full  flex_column_div av-zero-column-padding first  avia-builder-el-0  el_before_av_one_full  avia-builder-el-first  \" style='border-radius:0px; '><div  class='avia-image-container  av-styling-    avia-builder-el-1  avia-builder-el-no-sibling  avia-align-center '  itemprop=\"image\" itemscope=\"itemscope\" itemtype=\"https:\/\/schema.org\/ImageObject\"  ><div class='avia-image-container-inner'><div class='avia-image-overlay-wrap'><img decoding=\"async\" class='wp-image-42481 avia-img-lazy-loading-not-42481 avia_image' src=\"https:\/\/radiorevelacionfm.cl\/wp-content\/uploads\/2024\/05\/lamina-5-Feria-Horticola-1-1.jpg\" alt='' title='lamina-5-Feria-Horticola (1) (1)' height=\"600\" width=\"850\"  itemprop=\"thumbnailUrl\" srcset=\"https:\/\/radiorevelacionfm.cl\/wp-content\/uploads\/2024\/05\/lamina-5-Feria-Horticola-1-1.jpg 850w, https:\/\/radiorevelacionfm.cl\/wp-content\/uploads\/2024\/05\/lamina-5-Feria-Horticola-1-1-300x212.jpg 300w, https:\/\/radiorevelacionfm.cl\/wp-content\/uploads\/2024\/05\/lamina-5-Feria-Horticola-1-1-768x542.jpg 768w, https:\/\/radiorevelacionfm.cl\/wp-content\/uploads\/2024\/05\/lamina-5-Feria-Horticola-1-1-260x185.jpg 260w, https:\/\/radiorevelacionfm.cl\/wp-content\/uploads\/2024\/05\/lamina-5-Feria-Horticola-1-1-705x498.jpg 705w, https:\/\/radiorevelacionfm.cl\/wp-content\/uploads\/2024\/05\/lamina-5-Feria-Horticola-1-1-450x318.jpg 450w, https:\/\/radiorevelacionfm.cl\/wp-content\/uploads\/2024\/05\/lamina-5-Feria-Horticola-1-1-600x424.jpg 600w\" sizes=\"(max-width: 850px) 100vw, 850px\" \/><\/div><\/div><\/div><\/div><div class=\"flex_column av_one_full  flex_column_div av-zero-column-padding first  avia-builder-el-2  el_after_av_one_full  el_before_av_one_full  column-top-margin\" style='border-radius:0px; '><section class=\"av_textblock_section \"  itemscope=\"itemscope\" itemtype=\"https:\/\/schema.org\/BlogPosting\" itemprop=\"blogPost\" ><div class='avia_textblock  '   itemprop=\"text\" ><p style=\"text-align: center;\"><strong><span style=\"font-size: 18pt;\">Adjudican dise\u00f1o para construir feria hort\u00edcola en Puerto Ays\u00e9n<\/span><\/strong><\/p>\n<div id=\"gtx-trans\" style=\"position: absolute; left: -50px; top: 4.31534px;\">\n<div class=\"gtx-trans-icon\"><\/div>\n<\/div>\n<\/div><\/section><\/div><div class=\"flex_column av_one_full  flex_column_div av-zero-column-padding first  avia-builder-el-4  el_after_av_one_full  el_before_av_hr  column-top-margin\" style='border-radius:0px; '><section class=\"av_textblock_section \"  itemscope=\"itemscope\" itemtype=\"https:\/\/schema.org\/BlogPosting\" itemprop=\"blogPost\" ><div class='avia_textblock  '   itemprop=\"text\" ><p style=\"text-align: justify;\"><em>Este s\u00e1bado 25 mayo equipo de la Direcci\u00f3n Regional de Arquitectura del MOP se reunir\u00e1 con el Comit\u00e9 Hort\u00edcola de Puerto Ays\u00e9n para darles a conocer alcances de este proyecto.<\/em><\/p>\n<p style=\"text-align: justify;\">Nuestros campesinos y campesinas son de vital importancia para el gobierno del presidente Gabriel Boric Font, por esta raz\u00f3n el Secretario Regional Ministerial de Obras P\u00fablicas Patricio Sanhueza Ulloa junto a la Directora Regional de Arquitectura MOP Paola Az\u00f3car Betancur informaron que el pr\u00f3ximo s\u00e1bado 25 de mayo un equipo de la Direcci\u00f3n Regional de Arquitectura se reunir\u00e1 con los integrantes del Comit\u00e9 Hort\u00edcola de Puerto Ays\u00e9n para darles a conocer detalles de lo que ser\u00e1 el recientemente adjudicado proyecto de Dise\u00f1o de especialidades para construir una Feria Hort\u00edcola en Puerto Ays\u00e9n.<\/p>\n<p style=\"text-align: justify;\">\u201cRecientemente se realizaron las aperturas de las Ofertas T\u00e9cnicas y Econ\u00f3micas del Dise\u00f1o de Especialidades del proyecto de Feria Hort\u00edcola en Puerto Ays\u00e9n, las que dieron un positivo resultado por cuanto\u00a0 ya podemos informar que contamos con la empresa Consultora Doering y Pardo Arquitectos Ltda, que se ajusta al presupuesto estimado para concretar este importante dise\u00f1o, el que beneficiar\u00e1 a los y las socios que integran el Comit\u00e9 Hort\u00edcola de Puerto Ays\u00e9n y a trav\u00e9s de su gesti\u00f3n a toda la comuna. Este es un espacio que generar\u00e1 mejores condiciones para las personas que se dedican a la actividad productiva, as\u00ed como tambi\u00e9n a quienes los visitan, fomentando la asociatividad e impulsando el desarrollo de la productividad y econom\u00eda familiar y local. De esta forma, con este Dise\u00f1o y posterior construcci\u00f3n queremos mejorar las actuales condiciones del recinto en donde se realizar\u00e1 la venta de sus productos, generando un ambiente seguro, moderno, con equipamiento acorde a las necesidades del sector, que los proteja frente a condiciones clim\u00e1ticas adversas, y que considere accesibilidad universal y en general un mayor confort\u201d, destac\u00f3 Patricio Sanhueza.<\/p>\n<p style=\"text-align: justify;\">De acuerdo a la Direcci\u00f3n de Arquitectura del MOP este proyecto de Dise\u00f1o de especialidades, considera una edificaci\u00f3n de un nivel ubicada en calle Moraleda N\u00b05-A en Puerto Ays\u00e9n, con una superficie de 135 m2 aproximadamente, en materialidad de hormig\u00f3n, acero y madera; considera circulaciones que facilitan el desplazamiento y accesibilidad universal. El programa arquitectonico contempla sala de ventas, sala de reuniones, sala de procesos (cocina) y dos servicios higi\u00e9nicos. El dise\u00f1o de especialidades se materializar\u00e1 durante este a\u00f1o en un plazo de 150 d\u00edas (5 meses) y acto seguido se proceder\u00e1 a licitar la construcci\u00f3n de la edificaci\u00f3n, la que cuenta con un presupuesto estimado de $256 millones de inversi\u00f3n provenientes del Gobierno Regional de Ays\u00e9n y su Consejo.<\/p>\n<p style=\"text-align: justify;\">\u201cComo gobierno estamos muy conformes, porque en el marco de la reactivaci\u00f3n econ\u00f3mica, creemos que esta Feria es un anhelado sue\u00f1o para los y las ayseninas y se convertir\u00e1 en un centro de producci\u00f3n hort\u00edcola, que contribuir\u00e1 positivamente a la econom\u00eda de las familias; as\u00ed que para avanzar en este Dise\u00f1o queremos trabajar mancomunadamente con la comunidad, y este s\u00e1bado 25 de mayo realizaremos una reuni\u00f3n informativa con dirigentes y dirigentas en la que se presentaran los plazos y etapas de este contrato, que considera realizar dos participaciones ciudadanas en los meses de junio y otra a fines de octubre. Con ello, se finalizar\u00e1n los dise\u00f1os y se podr\u00e1 proceder a la licitaci\u00f3n de las obras\u201d, concluy\u00f3 el SEREMI del MOP.<\/p>\n<\/div><\/section><\/div><div  style='height:50px' class='hr hr-invisible   avia-builder-el-6  el_after_av_one_full  el_before_av_social_share '><span class='hr-inner ' ><span class='hr-inner-style'><\/span><\/span><\/div><\/p>\n<div  class='av-social-sharing-box  avia-builder-el-7  el_after_av_hr  el_before_av_hr  '><div class='av-share-box'><h5 class='av-share-link-description av-no-toc '>Compartir esta noticia<\/h5><ul class='av-share-box-list noLightbox'><li class='av-share-link av-social-link-facebook' ><a target=\"_blank\" aria-label=\"Compartir en Facebook\" href='https:\/\/www.facebook.com\/sharer.php?u=https:\/\/radiorevelacionfm.cl\/?p=42480&#038;t=Adjudican%20dise%C3%B1o%20para%20construir%20feria%20hort%C3%ADcola%20en%20Puerto%20Ays%C3%A9n' aria-hidden='false' data-av_icon='\ue8f3' data-av_iconfont='entypo-fontello' title='' data-avia-related-tooltip='Compartir en Facebook' rel=\"noopener\"><span class='avia_hidden_link_text'>Compartir en Facebook<\/span><\/a><\/li><li class='av-share-link av-social-link-twitter' ><a target=\"_blank\" aria-label=\"Compartir en Twitter\" href='https:\/\/twitter.com\/share?text=Adjudican%20dise%C3%B1o%20para%20construir%20feria%20hort%C3%ADcola%20en%20Puerto%20Ays%C3%A9n&#038;url=https:\/\/radiorevelacionfm.cl\/?p=42480' aria-hidden='false' data-av_icon='\ue8f1' data-av_iconfont='entypo-fontello' title='' data-avia-related-tooltip='Compartir en Twitter' rel=\"noopener\"><span class='avia_hidden_link_text'>Compartir en Twitter<\/span><\/a><\/li><li class='av-share-link av-social-link-whatsapp' ><a target=\"_blank\" aria-label=\"Compartir en Whatsapp\" href='https:\/\/api.whatsapp.com\/send?text=https:\/\/radiorevelacionfm.cl\/?p=42480' aria-hidden='false' data-av_icon='\uf232' data-av_iconfont='entypo-fontello' title='' data-avia-related-tooltip='Compartir en Whatsapp' rel=\"noopener\"><span class='avia_hidden_link_text'>Compartir en Whatsapp<\/span><\/a><\/li><li class='av-share-link av-social-link-linkedin' ><a target=\"_blank\" aria-label=\"Compartir en LinkedIn\" href='https:\/\/linkedin.com\/shareArticle?mini=true&#038;title=Adjudican%20dise%C3%B1o%20para%20construir%20feria%20hort%C3%ADcola%20en%20Puerto%20Ays%C3%A9n&#038;url=https:\/\/radiorevelacionfm.cl\/?p=42480' aria-hidden='false' data-av_icon='\ue8fc' data-av_iconfont='entypo-fontello' title='' data-avia-related-tooltip='Compartir en LinkedIn' rel=\"noopener\"><span class='avia_hidden_link_text'>Compartir en LinkedIn<\/span><\/a><\/li><li class='av-share-link av-social-link-mail' ><a  aria-label=\"Compartir por correo\" href='mailto:?subject=Adjudican%20dise%C3%B1o%20para%20construir%20feria%20hort%C3%ADcola%20en%20Puerto%20Ays%C3%A9n&#038;body=https:\/\/radiorevelacionfm.cl\/?p=42480' aria-hidden='false' data-av_icon='\ue805' data-av_iconfont='entypo-fontello' title='' data-avia-related-tooltip='Compartir por correo'><span class='avia_hidden_link_text'>Compartir por correo<\/span><\/a><\/li><\/ul><\/div><\/div>\n<div  style='height:50px' class='hr hr-invisible   avia-builder-el-8  el_after_av_social_share  el_before_av_comments_list '><span class='hr-inner ' ><span class='hr-inner-style'><\/span><\/span><\/div>\n<div  class='av-buildercomment  av-blog-meta-html-info-disabled av-blog-meta-tag-disabled  '><\/div>\n","protected":false},"excerpt":{"rendered":"","protected":false},"author":1,"featured_media":42481,"comment_status":"open","ping_status":"open","sticky":false,"template":"","format":"standard","meta":{"footnotes":""},"categories":[38],"tags":[],"class_list":["post-42480","post","type-post","status-publish","format-standard","has-post-thumbnail","hentry","category-regional"],"jetpack_featured_media_url":"https:\/\/radiorevelacionfm.cl\/wp-content\/uploads\/2024\/05\/lamina-5-Feria-Horticola-1-1.jpg","_links":{"self":[{"href":"https:\/\/radiorevelacionfm.cl\/index.php?rest_route=\/wp\/v2\/posts\/42480","targetHints":{"allow":["GET"]}}],"collection":[{"href":"https:\/\/radiorevelacionfm.cl\/index.php?rest_route=\/wp\/v2\/posts"}],"about":[{"href":"https:\/\/radiorevelacionfm.cl\/index.php?rest_route=\/wp\/v2\/types\/post"}],"author":[{"embeddable":true,"href":"https:\/\/radiorevelacionfm.cl\/index.php?rest_route=\/wp\/v2\/users\/1"}],"replies":[{"embeddable":true,"href":"https:\/\/radiorevelacionfm.cl\/index.php?rest_route=%2Fwp%2Fv2%2Fcomments&post=42480"}],"version-history":[{"count":1,"href":"https:\/\/radiorevelacionfm.cl\/index.php?rest_route=\/wp\/v2\/posts\/42480\/revisions"}],"predecessor-version":[{"id":42482,"href":"https:\/\/radiorevelacionfm.cl\/index.php?rest_route=\/wp\/v2\/posts\/42480\/revisions\/42482"}],"wp:featuredmedia":[{"embeddable":true,"href":"https:\/\/radiorevelacionfm.cl\/index.php?rest_route=\/wp\/v2\/media\/42481"}],"wp:attachment":[{"href":"https:\/\/radiorevelacionfm.cl\/index.php?rest_route=%2Fwp%2Fv2%2Fmedia&parent=42480"}],"wp:term":[{"taxonomy":"category","embeddable":true,"href":"https:\/\/radiorevelacionfm.cl\/index.php?rest_route=%2Fwp%2Fv2%2Fcategories&post=42480"},{"taxonomy":"post_tag","embeddable":true,"href":"https:\/\/radiorevelacionfm.cl\/index.php?rest_route=%2Fwp%2Fv2%2Ftags&post=42480"}],"curies":[{"name":"wp","href":"https:\/\/api.w.org\/{rel}","templated":true}]}}