{"id":42467,"date":"2024-05-24T13:34:21","date_gmt":"2024-05-24T16:34:21","guid":{"rendered":"https:\/\/radiorevelacionfm.cl\/?p=42467"},"modified":"2024-05-24T13:34:21","modified_gmt":"2024-05-24T16:34:21","slug":"programa-piloto-de-reciclaje-domiciliario-amplia-su-cobertura-en-puerto-aysen-y-chacabuco","status":"publish","type":"post","link":"https:\/\/radiorevelacionfm.cl\/?p=42467","title":{"rendered":"Programa piloto de Reciclaje domiciliario ampl\u00eda su cobertura en Puerto Ays\u00e9n y Chacabuco"},"content":{"rendered":"<div class=\"flex_column av_one_full  flex_column_div av-zero-column-padding first  avia-builder-el-0  el_before_av_one_full  avia-builder-el-first  \" style='border-radius:0px; '><div  class='avia-image-container  av-styling-    avia-builder-el-1  avia-builder-el-no-sibling  avia-align-center '  itemprop=\"image\" itemscope=\"itemscope\" itemtype=\"https:\/\/schema.org\/ImageObject\"  ><div class='avia-image-container-inner'><div class='avia-image-overlay-wrap'><img decoding=\"async\" class='wp-image-42468 avia-img-lazy-loading-not-42468 avia_image' src=\"https:\/\/radiorevelacionfm.cl\/wp-content\/uploads\/2024\/05\/img-trespuntosBH3-1-1.jpeg\" alt='' title='img-trespuntosBH3 (1) (1)' height=\"600\" width=\"800\"  itemprop=\"thumbnailUrl\" srcset=\"https:\/\/radiorevelacionfm.cl\/wp-content\/uploads\/2024\/05\/img-trespuntosBH3-1-1.jpeg 800w, https:\/\/radiorevelacionfm.cl\/wp-content\/uploads\/2024\/05\/img-trespuntosBH3-1-1-300x225.jpeg 300w, https:\/\/radiorevelacionfm.cl\/wp-content\/uploads\/2024\/05\/img-trespuntosBH3-1-1-768x576.jpeg 768w, https:\/\/radiorevelacionfm.cl\/wp-content\/uploads\/2024\/05\/img-trespuntosBH3-1-1-705x529.jpeg 705w, https:\/\/radiorevelacionfm.cl\/wp-content\/uploads\/2024\/05\/img-trespuntosBH3-1-1-450x338.jpeg 450w, https:\/\/radiorevelacionfm.cl\/wp-content\/uploads\/2024\/05\/img-trespuntosBH3-1-1-600x450.jpeg 600w\" sizes=\"(max-width: 800px) 100vw, 800px\" \/><\/div><\/div><\/div><\/div><div class=\"flex_column av_one_full  flex_column_div av-zero-column-padding first  avia-builder-el-2  el_after_av_one_full  el_before_av_one_full  column-top-margin\" style='border-radius:0px; '><section class=\"av_textblock_section \"  itemscope=\"itemscope\" itemtype=\"https:\/\/schema.org\/BlogPosting\" itemprop=\"blogPost\" ><div class='avia_textblock  '   itemprop=\"text\" ><p style=\"text-align: center;\"><strong><span style=\"font-size: 18pt;\">Programa piloto de Reciclaje domiciliario ampl\u00eda su cobertura en Puerto Ays\u00e9n y Chacabuco<\/span><\/strong><\/p>\n<div id=\"gtx-trans\" style=\"position: absolute; left: -50px; top: 4.31534px;\">\n<div class=\"gtx-trans-icon\"><\/div>\n<\/div>\n<\/div><\/section><\/div><div class=\"flex_column av_one_full  flex_column_div av-zero-column-padding first  avia-builder-el-4  el_after_av_one_full  el_before_av_hr  column-top-margin\" style='border-radius:0px; '><section class=\"av_textblock_section \"  itemscope=\"itemscope\" itemtype=\"https:\/\/schema.org\/BlogPosting\" itemprop=\"blogPost\" ><div class='avia_textblock  '   itemprop=\"text\" ><p style=\"text-align: justify;\">El programa piloto de reciclaje domiciliario a gran escala \u201cPuntos Verdes\u201d de Empresas Bahamonde sum\u00f3 tres nuevos espacios gracias a distintos convenios de colaboraci\u00f3n suscritos con: La Escuela Almirante Simpson, el Hospital de Puerto Ays\u00e9n y el Programa de Recuperaci\u00f3n de Barrios y Espacios P\u00fablicos, Quiero Mi Barrio del Ministerio de Vivienda y Urbanismo que ejecuta la Ilustre Municipalidad de Ays\u00e9n. Esto se suma a la red instalada y que posee una log\u00edstica diferenciada de la recolecci\u00f3n tradicional de residuos s\u00f3lidos domiciliarios que posee la empresa aysenina.<\/p>\n<p style=\"text-align: justify;\">En este sentido, con las distintas instituciones se realizar\u00e1 un trabajo colaborativo para una gesti\u00f3n de residuos eficiente. En todos los espacios se montaron contenedores abiertos al p\u00fablico para la disposici\u00f3n adecuadas de Pilas sumando a la iniciativa \u201cPatagonia Ponte las Pilas de Edelays\u00e9n\u201d y de Tapas de pl\u00e1stico para contribuir con la campa\u00f1a que llevan adelante las Damas de Caf\u00e9 en favor de las familias que deben enfrentar el C\u00e1ncer.<\/p>\n<p style=\"text-align: justify;\">Sobre el desarrollo de estas acciones, la encargada de Vinculaci\u00f3n con el Medio de la empresa local, Daniela Garriga, resalt\u00f3 que \u201cComo Empresas Bahamonde estamos felices de que nuestros vecinos se sumen a estas iniciativas. Aqu\u00ed vemos con mucha emoci\u00f3n que la Escuela Almirante Simpson en Puerto Chacabuco, el Hospital de Puerto Ays\u00e9n y el Quiero Mi Barrio en el sector de Las Villas de Ays\u00e9n ser\u00e1n nuevos Puntos Verdes para el programa piloto de reciclaje domiciliario que estamos impulsando. En estos tres espacios tambi\u00e9n existir\u00e1n contendores para las pilas y las tapitas de pl\u00e1stico que estar\u00e1n abiertos a la comunidad. Invitamos a que quienes se quieran sumar puedan escribirnos al correo <a href=\"mailto:dgarriga@empresasbahamonde.cl\">dgarriga@empresasbahamonde.cl<\/a>\u201d.<\/p>\n<p style=\"text-align: justify;\">En tanto, desde la Escuela Almirante Simpson, el encargado de la brigada ecol\u00f3gica del establecimiento, Nelson Contreras, abord\u00f3 que su comunidad educativa lleva un vasto trabajo en favor del ambiente. Por lo que, agradeci\u00f3 la contribuci\u00f3n efectuada por Empresas Bahamonde con los nuevos contenedores para el reciclaje de botellas pl\u00e1sticas, cartones y latas. Sum\u00e1ndose de igual manera al programa de Pilas y Tapitas.<\/p>\n<p style=\"text-align: justify;\">Por su parte, el director (s) del Hospital de Puerto Ays\u00e9n, Dr. Gabriel Rab\u00ed Rab\u00ed declar\u00f3 entender la cantidad de residuos que se generan en \u00e1reas estrat\u00e9gicas del recinto sanitario como lo es abastecimiento. Ante esto, los embalajes y otros elementos que no se encuentran con material biol\u00f3gico tendr\u00e1n \u201cun mejor destino\u201d explic\u00f3 tras el convenio de colaboraci\u00f3n con Empresas Bahamonde. En este caso el reciclaje comenzar\u00e1 con el cart\u00f3n y las botellas de pl\u00e1stico junto a la disposici\u00f3n de contenedores para funcionarios y vecinos para las campa\u00f1as de Pilas y Tapitas. \u201cEste tipo de convenio nos favorecen a nosotros, pero favorecen tambi\u00e9n a toda nuestra comunidad y nuestros usuarios\u201d puntualiz\u00f3.<\/p>\n<p style=\"text-align: justify;\">Finalmente, Paola Alvarado, gestora social del programa Quiero Mi Barrio en \u201cLas Villas de Ays\u00e9n\u201d enfatiz\u00f3 que como programa \u201cestamos reci\u00e9n iniciando y tuvimos esta gran colaboraci\u00f3n de Empresas Bahamonde para comenzar con un punto limpio y generar conciencia ecol\u00f3gica ac\u00e1 en este barrio As\u00ed es que, invitamos a todos los vecinos y vecinas a que se sumen porque estamos recibiendo por ahora cartones, latas y botellas pl\u00e1sticas. La idea es mantener los espacios limpios y tambi\u00e9n disminuir la cantidad de residuos domiciliarios que se generan\u201d, sentenci\u00f3 la trabajadora municipal.<\/p>\n<\/div><\/section><\/div><div  style='height:50px' class='hr hr-invisible   avia-builder-el-6  el_after_av_one_full  el_before_av_social_share '><span class='hr-inner ' ><span class='hr-inner-style'><\/span><\/span><\/div><\/p>\n<div  class='av-social-sharing-box  avia-builder-el-7  el_after_av_hr  el_before_av_hr  '><div class='av-share-box'><h5 class='av-share-link-description av-no-toc '>Compartir esta noticia<\/h5><ul class='av-share-box-list noLightbox'><li class='av-share-link av-social-link-facebook' ><a target=\"_blank\" aria-label=\"Compartir en Facebook\" href='https:\/\/www.facebook.com\/sharer.php?u=https:\/\/radiorevelacionfm.cl\/?p=42467&#038;t=Programa%20piloto%20de%20Reciclaje%20domiciliario%20ampl%C3%ADa%20su%20cobertura%20en%20Puerto%20Ays%C3%A9n%20y%20Chacabuco' aria-hidden='false' data-av_icon='\ue8f3' data-av_iconfont='entypo-fontello' title='' data-avia-related-tooltip='Compartir en Facebook' rel=\"noopener\"><span class='avia_hidden_link_text'>Compartir en Facebook<\/span><\/a><\/li><li class='av-share-link av-social-link-twitter' ><a target=\"_blank\" aria-label=\"Compartir en Twitter\" href='https:\/\/twitter.com\/share?text=Programa%20piloto%20de%20Reciclaje%20domiciliario%20ampl%C3%ADa%20su%20cobertura%20en%20Puerto%20Ays%C3%A9n%20y%20Chacabuco&#038;url=https:\/\/radiorevelacionfm.cl\/?p=42467' aria-hidden='false' data-av_icon='\ue8f1' data-av_iconfont='entypo-fontello' title='' data-avia-related-tooltip='Compartir en Twitter' rel=\"noopener\"><span class='avia_hidden_link_text'>Compartir en Twitter<\/span><\/a><\/li><li class='av-share-link av-social-link-whatsapp' ><a target=\"_blank\" aria-label=\"Compartir en Whatsapp\" href='https:\/\/api.whatsapp.com\/send?text=https:\/\/radiorevelacionfm.cl\/?p=42467' aria-hidden='false' data-av_icon='\uf232' data-av_iconfont='entypo-fontello' title='' data-avia-related-tooltip='Compartir en Whatsapp' rel=\"noopener\"><span class='avia_hidden_link_text'>Compartir en Whatsapp<\/span><\/a><\/li><li class='av-share-link av-social-link-linkedin' ><a target=\"_blank\" aria-label=\"Compartir en LinkedIn\" href='https:\/\/linkedin.com\/shareArticle?mini=true&#038;title=Programa%20piloto%20de%20Reciclaje%20domiciliario%20ampl%C3%ADa%20su%20cobertura%20en%20Puerto%20Ays%C3%A9n%20y%20Chacabuco&#038;url=https:\/\/radiorevelacionfm.cl\/?p=42467' aria-hidden='false' data-av_icon='\ue8fc' data-av_iconfont='entypo-fontello' title='' data-avia-related-tooltip='Compartir en LinkedIn' rel=\"noopener\"><span class='avia_hidden_link_text'>Compartir en LinkedIn<\/span><\/a><\/li><li class='av-share-link av-social-link-mail' ><a  aria-label=\"Compartir por correo\" href='mailto:?subject=Programa%20piloto%20de%20Reciclaje%20domiciliario%20ampl%C3%ADa%20su%20cobertura%20en%20Puerto%20Ays%C3%A9n%20y%20Chacabuco&#038;body=https:\/\/radiorevelacionfm.cl\/?p=42467' aria-hidden='false' data-av_icon='\ue805' data-av_iconfont='entypo-fontello' title='' data-avia-related-tooltip='Compartir por correo'><span class='avia_hidden_link_text'>Compartir por correo<\/span><\/a><\/li><\/ul><\/div><\/div>\n<div  style='height:50px' class='hr hr-invisible   avia-builder-el-8  el_after_av_social_share  el_before_av_comments_list '><span class='hr-inner ' ><span class='hr-inner-style'><\/span><\/span><\/div>\n<div  class='av-buildercomment  av-blog-meta-html-info-disabled av-blog-meta-tag-disabled  '><\/div>\n","protected":false},"excerpt":{"rendered":"","protected":false},"author":1,"featured_media":42468,"comment_status":"open","ping_status":"open","sticky":false,"template":"","format":"standard","meta":{"footnotes":""},"categories":[38],"tags":[],"class_list":["post-42467","post","type-post","status-publish","format-standard","has-post-thumbnail","hentry","category-regional"],"jetpack_featured_media_url":"https:\/\/radiorevelacionfm.cl\/wp-content\/uploads\/2024\/05\/img-trespuntosBH3-1-1.jpeg","_links":{"self":[{"href":"https:\/\/radiorevelacionfm.cl\/index.php?rest_route=\/wp\/v2\/posts\/42467","targetHints":{"allow":["GET"]}}],"collection":[{"href":"https:\/\/radiorevelacionfm.cl\/index.php?rest_route=\/wp\/v2\/posts"}],"about":[{"href":"https:\/\/radiorevelacionfm.cl\/index.php?rest_route=\/wp\/v2\/types\/post"}],"author":[{"embeddable":true,"href":"https:\/\/radiorevelacionfm.cl\/index.php?rest_route=\/wp\/v2\/users\/1"}],"replies":[{"embeddable":true,"href":"https:\/\/radiorevelacionfm.cl\/index.php?rest_route=%2Fwp%2Fv2%2Fcomments&post=42467"}],"version-history":[{"count":1,"href":"https:\/\/radiorevelacionfm.cl\/index.php?rest_route=\/wp\/v2\/posts\/42467\/revisions"}],"predecessor-version":[{"id":42469,"href":"https:\/\/radiorevelacionfm.cl\/index.php?rest_route=\/wp\/v2\/posts\/42467\/revisions\/42469"}],"wp:featuredmedia":[{"embeddable":true,"href":"https:\/\/radiorevelacionfm.cl\/index.php?rest_route=\/wp\/v2\/media\/42468"}],"wp:attachment":[{"href":"https:\/\/radiorevelacionfm.cl\/index.php?rest_route=%2Fwp%2Fv2%2Fmedia&parent=42467"}],"wp:term":[{"taxonomy":"category","embeddable":true,"href":"https:\/\/radiorevelacionfm.cl\/index.php?rest_route=%2Fwp%2Fv2%2Fcategories&post=42467"},{"taxonomy":"post_tag","embeddable":true,"href":"https:\/\/radiorevelacionfm.cl\/index.php?rest_route=%2Fwp%2Fv2%2Ftags&post=42467"}],"curies":[{"name":"wp","href":"https:\/\/api.w.org\/{rel}","templated":true}]}}