{"id":42463,"date":"2024-05-24T13:55:27","date_gmt":"2024-05-24T16:55:27","guid":{"rendered":"https:\/\/radiorevelacionfm.cl\/?p=42463"},"modified":"2024-05-24T13:55:53","modified_gmt":"2024-05-24T16:55:53","slug":"consejeros-regionales-dialogan-con-comunidades-de-islas-huichas-y-cuestionan-ausencia-del-seremi-de-transportes","status":"publish","type":"post","link":"https:\/\/radiorevelacionfm.cl\/?p=42463","title":{"rendered":"Consejeros Regionales dialogan con comunidades de Islas Huichas y cuestionan ausencia del Seremi de Transportes"},"content":{"rendered":"<div class=\"flex_column av_one_full  flex_column_div av-zero-column-padding first  avia-builder-el-0  el_before_av_one_full  avia-builder-el-first  \" style='border-radius:0px; '><div  class='avia-image-container  av-styling-    avia-builder-el-1  avia-builder-el-no-sibling  avia-align-center '  itemprop=\"image\" itemscope=\"itemscope\" itemtype=\"https:\/\/schema.org\/ImageObject\"  ><div class='avia-image-container-inner'><div class='avia-image-overlay-wrap'><img decoding=\"async\" class='wp-image-42464 avia-img-lazy-loading-not-42464 avia_image' src=\"https:\/\/radiorevelacionfm.cl\/wp-content\/uploads\/2024\/05\/huichas-1-1_optimized-1.jpg\" alt='' title='huichas-1-(1)_optimized (1)' height=\"600\" width=\"1138\"  itemprop=\"thumbnailUrl\" srcset=\"https:\/\/radiorevelacionfm.cl\/wp-content\/uploads\/2024\/05\/huichas-1-1_optimized-1.jpg 1138w, https:\/\/radiorevelacionfm.cl\/wp-content\/uploads\/2024\/05\/huichas-1-1_optimized-1-300x158.jpg 300w, https:\/\/radiorevelacionfm.cl\/wp-content\/uploads\/2024\/05\/huichas-1-1_optimized-1-1030x543.jpg 1030w, https:\/\/radiorevelacionfm.cl\/wp-content\/uploads\/2024\/05\/huichas-1-1_optimized-1-768x405.jpg 768w, https:\/\/radiorevelacionfm.cl\/wp-content\/uploads\/2024\/05\/huichas-1-1_optimized-1-710x375.jpg 710w, https:\/\/radiorevelacionfm.cl\/wp-content\/uploads\/2024\/05\/huichas-1-1_optimized-1-705x372.jpg 705w, https:\/\/radiorevelacionfm.cl\/wp-content\/uploads\/2024\/05\/huichas-1-1_optimized-1-450x237.jpg 450w, https:\/\/radiorevelacionfm.cl\/wp-content\/uploads\/2024\/05\/huichas-1-1_optimized-1-600x316.jpg 600w\" sizes=\"(max-width: 1138px) 100vw, 1138px\" \/><\/div><\/div><\/div><\/div><div class=\"flex_column av_one_full  flex_column_div av-zero-column-padding first  avia-builder-el-2  el_after_av_one_full  el_before_av_one_full  column-top-margin\" style='border-radius:0px; '><section class=\"av_textblock_section \"  itemscope=\"itemscope\" itemtype=\"https:\/\/schema.org\/BlogPosting\" itemprop=\"blogPost\" ><div class='avia_textblock  '   itemprop=\"text\" ><p style=\"text-align: center;\"><strong><span style=\"font-size: 18pt;\">Consejeros Regionales dialogan con comunidades de Islas Huichas y cuestionan ausencia del Seremi de Transportes<\/span><\/strong><\/p>\n<div id=\"gtx-trans\" style=\"position: absolute; left: -50px; top: 4.31534px;\">\n<div class=\"gtx-trans-icon\"><\/div>\n<\/div>\n<\/div><\/section><\/div><div class=\"flex_column av_one_full  flex_column_div av-zero-column-padding first  avia-builder-el-4  el_after_av_one_full  el_before_av_hr  column-top-margin\" style='border-radius:0px; '><section class=\"av_textblock_section \"  itemscope=\"itemscope\" itemtype=\"https:\/\/schema.org\/BlogPosting\" itemprop=\"blogPost\" ><div class='avia_textblock  '   itemprop=\"text\" ><p style=\"text-align: justify;\"><em>Los Consejeros Regionales se reunieron con las comunidades de Islas Huichas en la localidad de Puerto Aguirre, destacando la presencia de funcionarios municipales y cuestionando la ausencia del Seremi de Transportes. Durante la visita, se llevaron a cabo sesiones de comisiones del Consejo Regional y se inspeccionaron diversas instalaciones y proyectos en la zona.<\/em><\/p>\n<p style=\"text-align: justify;\">Entre los sitios visitados, se incluyen las instalaciones del proyecto La Poza de CONAF, el recinto de la cancha del estadio y el sistema de agua potable. Los consejeros destacaron el compromiso local que ha permitido la implementaci\u00f3n del Parque La Poza, un parque urbano financiado principalmente por el Gobierno Regional de Ays\u00e9n en colaboraci\u00f3n con CONAF y la comunidad local. Este espacio natural se ha convertido en un gran atractivo para visitantes y residentes. No obstante, los consejeros se\u00f1alaron la necesidad de superar las restricciones presupuestarias impuestas por el gobierno regional para continuar avanzando en el proyecto.<\/p>\n<p style=\"text-align: justify;\">En compa\u00f1\u00eda de la comunidad y funcionarios municipales, los consejeros conocieron el estado de avance de iniciativas clave, como el sistema de alcantarillado para Puerto Aguirre, Estero Copa y Caleta Andrade, as\u00ed como un proyecto para un nuevo recinto deportivo con cancha sint\u00e9tica. Ambas iniciativas est\u00e1n en etapa de prefactibilidad, por lo que la comunidad ha solicitado acelerar los procesos para su implementaci\u00f3n. Tambi\u00e9n se anunci\u00f3 el retorno de la radio municipal en el mediano plazo.<\/p>\n<p style=\"text-align: justify;\">La comunidad expres\u00f3 su frustraci\u00f3n por la falta de atenci\u00f3n a sus demandas y consultas por parte del Seremi de Transportes, quien hab\u00eda comprometido su asistencia pero no se present\u00f3. Adem\u00e1s, surgieron muchas inquietudes en materia de educaci\u00f3n y salud. En particular, se plantearon problemas con el funcionamiento de la escuela y liceo bajo la gesti\u00f3n del Servicio Local de Educaci\u00f3n P\u00fablica (SLEP) y la necesidad de profesionales para el sistema de salud en Islas Huichas. Se enfatiz\u00f3 la urgencia de implementar un servicio de urgencia permanente en lugar del actual sistema de atenci\u00f3n de llamada.<\/p>\n<p style=\"text-align: justify;\">Los Consejeros Regionales calificaron la instancia como positiva, permitiendo un di\u00e1logo directo con la comunidad y la inspecci\u00f3n de programas e infraestructura financiados por el Gobierno Regional. Se comprometieron a llevar las inquietudes y necesidades planteadas ante las autoridades correspondientes para buscar soluciones adecuadas.<\/p>\n<\/div><\/section><\/div><div  style='height:50px' class='hr hr-invisible   avia-builder-el-6  el_after_av_one_full  el_before_av_social_share '><span class='hr-inner ' ><span class='hr-inner-style'><\/span><\/span><\/div><\/p>\n<div  class='av-social-sharing-box  avia-builder-el-7  el_after_av_hr  el_before_av_hr  '><div class='av-share-box'><h5 class='av-share-link-description av-no-toc '>Compartir esta noticia<\/h5><ul class='av-share-box-list noLightbox'><li class='av-share-link av-social-link-facebook' ><a target=\"_blank\" aria-label=\"Compartir en Facebook\" href='https:\/\/www.facebook.com\/sharer.php?u=https:\/\/radiorevelacionfm.cl\/?p=42463&#038;t=Consejeros%20Regionales%20dialogan%20con%20comunidades%20de%20Islas%20Huichas%20y%20cuestionan%20ausencia%20del%20Seremi%20de%20Transportes' aria-hidden='false' data-av_icon='\ue8f3' data-av_iconfont='entypo-fontello' title='' data-avia-related-tooltip='Compartir en Facebook' rel=\"noopener\"><span class='avia_hidden_link_text'>Compartir en Facebook<\/span><\/a><\/li><li class='av-share-link av-social-link-twitter' ><a target=\"_blank\" aria-label=\"Compartir en Twitter\" href='https:\/\/twitter.com\/share?text=Consejeros%20Regionales%20dialogan%20con%20comunidades%20de%20Islas%20Huichas%20y%20cuestionan%20ausencia%20del%20Seremi%20de%20Transportes&#038;url=https:\/\/radiorevelacionfm.cl\/?p=42463' aria-hidden='false' data-av_icon='\ue8f1' data-av_iconfont='entypo-fontello' title='' data-avia-related-tooltip='Compartir en Twitter' rel=\"noopener\"><span class='avia_hidden_link_text'>Compartir en Twitter<\/span><\/a><\/li><li class='av-share-link av-social-link-whatsapp' ><a target=\"_blank\" aria-label=\"Compartir en Whatsapp\" href='https:\/\/api.whatsapp.com\/send?text=https:\/\/radiorevelacionfm.cl\/?p=42463' aria-hidden='false' data-av_icon='\uf232' data-av_iconfont='entypo-fontello' title='' data-avia-related-tooltip='Compartir en Whatsapp' rel=\"noopener\"><span class='avia_hidden_link_text'>Compartir en Whatsapp<\/span><\/a><\/li><li class='av-share-link av-social-link-linkedin' ><a target=\"_blank\" aria-label=\"Compartir en LinkedIn\" href='https:\/\/linkedin.com\/shareArticle?mini=true&#038;title=Consejeros%20Regionales%20dialogan%20con%20comunidades%20de%20Islas%20Huichas%20y%20cuestionan%20ausencia%20del%20Seremi%20de%20Transportes&#038;url=https:\/\/radiorevelacionfm.cl\/?p=42463' aria-hidden='false' data-av_icon='\ue8fc' data-av_iconfont='entypo-fontello' title='' data-avia-related-tooltip='Compartir en LinkedIn' rel=\"noopener\"><span class='avia_hidden_link_text'>Compartir en LinkedIn<\/span><\/a><\/li><li class='av-share-link av-social-link-mail' ><a  aria-label=\"Compartir por correo\" href='mailto:?subject=Consejeros%20Regionales%20dialogan%20con%20comunidades%20de%20Islas%20Huichas%20y%20cuestionan%20ausencia%20del%20Seremi%20de%20Transportes&#038;body=https:\/\/radiorevelacionfm.cl\/?p=42463' aria-hidden='false' data-av_icon='\ue805' data-av_iconfont='entypo-fontello' title='' data-avia-related-tooltip='Compartir por correo'><span class='avia_hidden_link_text'>Compartir por correo<\/span><\/a><\/li><\/ul><\/div><\/div>\n<div  style='height:50px' class='hr hr-invisible   avia-builder-el-8  el_after_av_social_share  el_before_av_comments_list '><span class='hr-inner ' ><span class='hr-inner-style'><\/span><\/span><\/div>\n<div  class='av-buildercomment  av-blog-meta-html-info-disabled av-blog-meta-tag-disabled  '><\/div>\n","protected":false},"excerpt":{"rendered":"","protected":false},"author":1,"featured_media":42464,"comment_status":"open","ping_status":"open","sticky":false,"template":"","format":"standard","meta":{"footnotes":""},"categories":[38],"tags":[],"class_list":["post-42463","post","type-post","status-publish","format-standard","has-post-thumbnail","hentry","category-regional"],"jetpack_featured_media_url":"https:\/\/radiorevelacionfm.cl\/wp-content\/uploads\/2024\/05\/huichas-1-1_optimized-1.jpg","_links":{"self":[{"href":"https:\/\/radiorevelacionfm.cl\/index.php?rest_route=\/wp\/v2\/posts\/42463","targetHints":{"allow":["GET"]}}],"collection":[{"href":"https:\/\/radiorevelacionfm.cl\/index.php?rest_route=\/wp\/v2\/posts"}],"about":[{"href":"https:\/\/radiorevelacionfm.cl\/index.php?rest_route=\/wp\/v2\/types\/post"}],"author":[{"embeddable":true,"href":"https:\/\/radiorevelacionfm.cl\/index.php?rest_route=\/wp\/v2\/users\/1"}],"replies":[{"embeddable":true,"href":"https:\/\/radiorevelacionfm.cl\/index.php?rest_route=%2Fwp%2Fv2%2Fcomments&post=42463"}],"version-history":[{"count":1,"href":"https:\/\/radiorevelacionfm.cl\/index.php?rest_route=\/wp\/v2\/posts\/42463\/revisions"}],"predecessor-version":[{"id":42465,"href":"https:\/\/radiorevelacionfm.cl\/index.php?rest_route=\/wp\/v2\/posts\/42463\/revisions\/42465"}],"wp:featuredmedia":[{"embeddable":true,"href":"https:\/\/radiorevelacionfm.cl\/index.php?rest_route=\/wp\/v2\/media\/42464"}],"wp:attachment":[{"href":"https:\/\/radiorevelacionfm.cl\/index.php?rest_route=%2Fwp%2Fv2%2Fmedia&parent=42463"}],"wp:term":[{"taxonomy":"category","embeddable":true,"href":"https:\/\/radiorevelacionfm.cl\/index.php?rest_route=%2Fwp%2Fv2%2Fcategories&post=42463"},{"taxonomy":"post_tag","embeddable":true,"href":"https:\/\/radiorevelacionfm.cl\/index.php?rest_route=%2Fwp%2Fv2%2Ftags&post=42463"}],"curies":[{"name":"wp","href":"https:\/\/api.w.org\/{rel}","templated":true}]}}