{"id":42460,"date":"2024-05-24T22:10:27","date_gmt":"2024-05-25T01:10:27","guid":{"rendered":"https:\/\/radiorevelacionfm.cl\/?p=42460"},"modified":"2024-05-24T22:10:57","modified_gmt":"2024-05-25T01:10:57","slug":"en-coyhaique-servicio-de-registro-civil-abre-sus-puertas-en-el-dia-de-los-patrimonios","status":"publish","type":"post","link":"https:\/\/radiorevelacionfm.cl\/?p=42460","title":{"rendered":"En Coyhaique el Registro Civil abre sus puertas en el D\u00eda de los Patrimonios"},"content":{"rendered":"<div class=\"flex_column av_one_full  flex_column_div av-zero-column-padding first  avia-builder-el-0  el_before_av_one_full  avia-builder-el-first  \" style='border-radius:0px; '><div  class='avia-image-container  av-styling-    avia-builder-el-1  avia-builder-el-no-sibling  avia-align-center '  itemprop=\"image\" itemscope=\"itemscope\" itemtype=\"https:\/\/schema.org\/ImageObject\"  ><div class='avia-image-container-inner'><div class='avia-image-overlay-wrap'><img decoding=\"async\" class='wp-image-42461 avia-img-lazy-loading-not-42461 avia_image' src=\"https:\/\/radiorevelacionfm.cl\/wp-content\/uploads\/2024\/05\/registro-civil-1-1_optimized.jpg\" alt='' title='registro-civil-(1)-(1)_optimized' height=\"600\" width=\"1080\"  itemprop=\"thumbnailUrl\" srcset=\"https:\/\/radiorevelacionfm.cl\/wp-content\/uploads\/2024\/05\/registro-civil-1-1_optimized.jpg 1080w, https:\/\/radiorevelacionfm.cl\/wp-content\/uploads\/2024\/05\/registro-civil-1-1_optimized-300x167.jpg 300w, https:\/\/radiorevelacionfm.cl\/wp-content\/uploads\/2024\/05\/registro-civil-1-1_optimized-1030x572.jpg 1030w, https:\/\/radiorevelacionfm.cl\/wp-content\/uploads\/2024\/05\/registro-civil-1-1_optimized-768x427.jpg 768w, https:\/\/radiorevelacionfm.cl\/wp-content\/uploads\/2024\/05\/registro-civil-1-1_optimized-705x392.jpg 705w, https:\/\/radiorevelacionfm.cl\/wp-content\/uploads\/2024\/05\/registro-civil-1-1_optimized-450x250.jpg 450w, https:\/\/radiorevelacionfm.cl\/wp-content\/uploads\/2024\/05\/registro-civil-1-1_optimized-600x333.jpg 600w\" sizes=\"(max-width: 1080px) 100vw, 1080px\" \/><\/div><\/div><\/div><\/div>\n<div class=\"flex_column av_one_full  flex_column_div av-zero-column-padding first  avia-builder-el-2  el_after_av_one_full  el_before_av_one_full  column-top-margin\" style='border-radius:0px; '><section class=\"av_textblock_section \"  itemscope=\"itemscope\" itemtype=\"https:\/\/schema.org\/BlogPosting\" itemprop=\"blogPost\" ><div class='avia_textblock  '   itemprop=\"text\" ><p style=\"text-align: center;\"><strong><span style=\"font-size: 18pt;\">En Coyhaique el Registro Civil abre sus puertas en el D\u00eda de los Patrimonios<\/span><\/strong><\/p>\n<div id=\"gtx-trans\" style=\"position: absolute; left: -50px; top: 4.31534px;\">\n<div class=\"gtx-trans-icon\"><\/div>\n<\/div>\n<\/div><\/section><\/div><div class=\"flex_column av_one_full  flex_column_div av-zero-column-padding first  avia-builder-el-4  el_after_av_one_full  el_before_av_hr  column-top-margin\" style='border-radius:0px; '><section class=\"av_textblock_section \"  itemscope=\"itemscope\" itemtype=\"https:\/\/schema.org\/BlogPosting\" itemprop=\"blogPost\" ><div class='avia_textblock  '   itemprop=\"text\" ><p style=\"text-align: justify;\">Conocer las inscripciones de destacadas personalidades de la zona y revisar antiguos implementos, son algunas de las novedades que se podr\u00e1n descubrir en el recorrido que el Servicio de Registro Civil e Identificaci\u00f3n pondr\u00e1 a disposici\u00f3n del p\u00fablico el 25 y 26 de mayo en el D\u00eda de los Patrimonios, en la ciudad de Coyhaique.<\/p>\n<p style=\"text-align: justify;\">La instituci\u00f3n abrir\u00e1 su oficina de la capital regional ambos d\u00edas de 10 a 15 horas, se recrear\u00e1 una estaci\u00f3n de trabajo antigua tal como se trabajaba antes de la llegada de los equipos computacionales y entre las inscripciones que se exhibir\u00e1n destacan las partidas de Defunci\u00f3n de Teniente Hern\u00e1n Merino Correa, Defunci\u00f3n de Don Otto Uebel Uebel, Defunci\u00f3n de Don Antonio Vidal Oval, Defunci\u00f3n de Do\u00f1a Eugenia Pirzio-Biroli Marini entre otras inscripciones de pioneros y personas relevantes para la historia de la Regi\u00f3n de Ays\u00e9n.<\/p>\n<p style=\"text-align: justify;\">\u201cEn este recorrido, los funcionarios y funcionarias, queremos que las personas que nos visiten se den cuenta de la riqueza patrimonial que guarda la Regi\u00f3n de Ays\u00e9n, a trav\u00e9s del Servicio de Registro Civil e Identificaci\u00f3n, pues custodiamos la historia de chilenos y chilenas\u201d, asegur\u00f3 su directora regional (s), Patricia Verdugo.<\/p>\n<p style=\"text-align: justify;\">La autoridad recalc\u00f3 que este a\u00f1o la instituci\u00f3n cumple 140 a\u00f1os de existencia y quiere acercar su historia a toda la comunidad. \u201cInvitamos a los habitantes de Coyhaique y sus alrededores a visitarnos, queremos que conozcan la historia de la sociedad chilena a trav\u00e9s de la mirada y evoluci\u00f3n del Registro Civil\u201d, dijo la directora.<\/p>\n<p style=\"text-align: justify;\">Por su parte, el Seremi de Justicia y Derechos Humanos, Samuel Navarro hizo extensiva la invitaci\u00f3n a la comunidad a participar indicando \u201cqueremos invitarlos cordialmente para este s\u00e1bado 25 y domingo 26 de mayo entre las 10 y las 15 horas, a visitar el Servicio de Registro Civil e Identificaci\u00f3n en las dependencias ubicadas en calle Arturo Prat, en esta oportunidad y en el contexto del d\u00eda de los patrimonios estar\u00e1n abierta sus puertas para exhibir documentaci\u00f3n e implementaci\u00f3n de las oficinas, para que la comunidad conozca como era el trabajo de esta instituci\u00f3n, cuales son aquellos tesoros documentales que tiene el servicio y conozca un poco m\u00e1s del Servicio de Registro Civil e Identificaci\u00f3n\u201d.<\/p>\n<p style=\"text-align: justify;\">Finalmente, cabe indicar que esta es la primera vez que el Registro Civil en la regi\u00f3n de Ays\u00e9n participa en el D\u00eda de los Patrimonios abriendo una de sus instalaciones, y se espera continuar con este tipo actividades que buscan dar valor a esta m\u00e1s que centenaria entidad p\u00fablica.<\/p>\n<\/div><\/section><\/div><\/p>\n<div  style='height:50px' class='hr hr-invisible   avia-builder-el-6  el_after_av_one_full  el_before_av_social_share '><span class='hr-inner ' ><span class='hr-inner-style'><\/span><\/span><\/div>\n<div  class='av-social-sharing-box  avia-builder-el-7  el_after_av_hr  el_before_av_hr  '><div class='av-share-box'><h5 class='av-share-link-description av-no-toc '>Compartir esta noticia<\/h5><ul class='av-share-box-list noLightbox'><li class='av-share-link av-social-link-facebook' ><a target=\"_blank\" aria-label=\"Compartir en Facebook\" href='https:\/\/www.facebook.com\/sharer.php?u=https:\/\/radiorevelacionfm.cl\/?p=42460&#038;t=En%20Coyhaique%20el%20Registro%20Civil%20abre%20sus%20puertas%20en%20el%20D%C3%ADa%20de%20los%20Patrimonios' aria-hidden='false' data-av_icon='\ue8f3' data-av_iconfont='entypo-fontello' title='' data-avia-related-tooltip='Compartir en Facebook' rel=\"noopener\"><span class='avia_hidden_link_text'>Compartir en Facebook<\/span><\/a><\/li><li class='av-share-link av-social-link-twitter' ><a target=\"_blank\" aria-label=\"Compartir en Twitter\" href='https:\/\/twitter.com\/share?text=En%20Coyhaique%20el%20Registro%20Civil%20abre%20sus%20puertas%20en%20el%20D%C3%ADa%20de%20los%20Patrimonios&#038;url=https:\/\/radiorevelacionfm.cl\/?p=42460' aria-hidden='false' data-av_icon='\ue8f1' data-av_iconfont='entypo-fontello' title='' data-avia-related-tooltip='Compartir en Twitter' rel=\"noopener\"><span class='avia_hidden_link_text'>Compartir en Twitter<\/span><\/a><\/li><li class='av-share-link av-social-link-whatsapp' ><a target=\"_blank\" aria-label=\"Compartir en Whatsapp\" href='https:\/\/api.whatsapp.com\/send?text=https:\/\/radiorevelacionfm.cl\/?p=42460' aria-hidden='false' data-av_icon='\uf232' data-av_iconfont='entypo-fontello' title='' data-avia-related-tooltip='Compartir en Whatsapp' rel=\"noopener\"><span class='avia_hidden_link_text'>Compartir en Whatsapp<\/span><\/a><\/li><li class='av-share-link av-social-link-linkedin' ><a target=\"_blank\" aria-label=\"Compartir en LinkedIn\" href='https:\/\/linkedin.com\/shareArticle?mini=true&#038;title=En%20Coyhaique%20el%20Registro%20Civil%20abre%20sus%20puertas%20en%20el%20D%C3%ADa%20de%20los%20Patrimonios&#038;url=https:\/\/radiorevelacionfm.cl\/?p=42460' aria-hidden='false' data-av_icon='\ue8fc' data-av_iconfont='entypo-fontello' title='' data-avia-related-tooltip='Compartir en LinkedIn' rel=\"noopener\"><span class='avia_hidden_link_text'>Compartir en LinkedIn<\/span><\/a><\/li><li class='av-share-link av-social-link-mail' ><a  aria-label=\"Compartir por correo\" href='mailto:?subject=En%20Coyhaique%20el%20Registro%20Civil%20abre%20sus%20puertas%20en%20el%20D%C3%ADa%20de%20los%20Patrimonios&#038;body=https:\/\/radiorevelacionfm.cl\/?p=42460' aria-hidden='false' data-av_icon='\ue805' data-av_iconfont='entypo-fontello' title='' data-avia-related-tooltip='Compartir por correo'><span class='avia_hidden_link_text'>Compartir por correo<\/span><\/a><\/li><\/ul><\/div><\/div>\n<div  style='height:50px' class='hr hr-invisible   avia-builder-el-8  el_after_av_social_share  el_before_av_comments_list '><span class='hr-inner ' ><span class='hr-inner-style'><\/span><\/span><\/div>\n<div  class='av-buildercomment  av-blog-meta-html-info-disabled av-blog-meta-tag-disabled  '><\/div>\n","protected":false},"excerpt":{"rendered":"","protected":false},"author":1,"featured_media":42461,"comment_status":"open","ping_status":"open","sticky":false,"template":"","format":"standard","meta":{"footnotes":""},"categories":[38],"tags":[],"class_list":["post-42460","post","type-post","status-publish","format-standard","has-post-thumbnail","hentry","category-regional"],"jetpack_featured_media_url":"https:\/\/radiorevelacionfm.cl\/wp-content\/uploads\/2024\/05\/registro-civil-1-1_optimized.jpg","_links":{"self":[{"href":"https:\/\/radiorevelacionfm.cl\/index.php?rest_route=\/wp\/v2\/posts\/42460","targetHints":{"allow":["GET"]}}],"collection":[{"href":"https:\/\/radiorevelacionfm.cl\/index.php?rest_route=\/wp\/v2\/posts"}],"about":[{"href":"https:\/\/radiorevelacionfm.cl\/index.php?rest_route=\/wp\/v2\/types\/post"}],"author":[{"embeddable":true,"href":"https:\/\/radiorevelacionfm.cl\/index.php?rest_route=\/wp\/v2\/users\/1"}],"replies":[{"embeddable":true,"href":"https:\/\/radiorevelacionfm.cl\/index.php?rest_route=%2Fwp%2Fv2%2Fcomments&post=42460"}],"version-history":[{"count":2,"href":"https:\/\/radiorevelacionfm.cl\/index.php?rest_route=\/wp\/v2\/posts\/42460\/revisions"}],"predecessor-version":[{"id":42493,"href":"https:\/\/radiorevelacionfm.cl\/index.php?rest_route=\/wp\/v2\/posts\/42460\/revisions\/42493"}],"wp:featuredmedia":[{"embeddable":true,"href":"https:\/\/radiorevelacionfm.cl\/index.php?rest_route=\/wp\/v2\/media\/42461"}],"wp:attachment":[{"href":"https:\/\/radiorevelacionfm.cl\/index.php?rest_route=%2Fwp%2Fv2%2Fmedia&parent=42460"}],"wp:term":[{"taxonomy":"category","embeddable":true,"href":"https:\/\/radiorevelacionfm.cl\/index.php?rest_route=%2Fwp%2Fv2%2Fcategories&post=42460"},{"taxonomy":"post_tag","embeddable":true,"href":"https:\/\/radiorevelacionfm.cl\/index.php?rest_route=%2Fwp%2Fv2%2Ftags&post=42460"}],"curies":[{"name":"wp","href":"https:\/\/api.w.org\/{rel}","templated":true}]}}