{"id":42457,"date":"2024-05-24T10:54:42","date_gmt":"2024-05-24T13:54:42","guid":{"rendered":"https:\/\/radiorevelacionfm.cl\/?p=42457"},"modified":"2024-05-24T10:54:42","modified_gmt":"2024-05-24T13:54:42","slug":"inauguran-red-de-fibra-optica-en-raul-marin-balmaceda-un-hito-historico-para-la-comunicacion-local","status":"publish","type":"post","link":"https:\/\/radiorevelacionfm.cl\/?p=42457","title":{"rendered":"Inauguran red de fibra \u00f3ptica en Ra\u00fal Mar\u00edn Balmaceda, un hito hist\u00f3rico para la comunicaci\u00f3n local"},"content":{"rendered":"<div class=\"flex_column av_one_full  flex_column_div av-zero-column-padding first  avia-builder-el-0  el_before_av_one_full  avia-builder-el-first  \" style='border-radius:0px; '><div  class='avia-image-container  av-styling-    avia-builder-el-1  avia-builder-el-no-sibling  avia-align-center '  itemprop=\"image\" itemscope=\"itemscope\" itemtype=\"https:\/\/schema.org\/ImageObject\"  ><div class='avia-image-container-inner'><div class='avia-image-overlay-wrap'><img decoding=\"async\" class='wp-image-42458 avia-img-lazy-loading-not-42458 avia_image' src=\"https:\/\/radiorevelacionfm.cl\/wp-content\/uploads\/2024\/05\/img_01-1_optimized-1.jpg\" alt='' title='img_01-(1)_optimized (1)' height=\"600\" width=\"1299\"  itemprop=\"thumbnailUrl\" srcset=\"https:\/\/radiorevelacionfm.cl\/wp-content\/uploads\/2024\/05\/img_01-1_optimized-1.jpg 1299w, https:\/\/radiorevelacionfm.cl\/wp-content\/uploads\/2024\/05\/img_01-1_optimized-1-300x139.jpg 300w, https:\/\/radiorevelacionfm.cl\/wp-content\/uploads\/2024\/05\/img_01-1_optimized-1-1030x476.jpg 1030w, https:\/\/radiorevelacionfm.cl\/wp-content\/uploads\/2024\/05\/img_01-1_optimized-1-768x355.jpg 768w, https:\/\/radiorevelacionfm.cl\/wp-content\/uploads\/2024\/05\/img_01-1_optimized-1-705x326.jpg 705w, https:\/\/radiorevelacionfm.cl\/wp-content\/uploads\/2024\/05\/img_01-1_optimized-1-450x208.jpg 450w, https:\/\/radiorevelacionfm.cl\/wp-content\/uploads\/2024\/05\/img_01-1_optimized-1-600x277.jpg 600w\" sizes=\"(max-width: 1299px) 100vw, 1299px\" \/><\/div><\/div><\/div><\/div><div class=\"flex_column av_one_full  flex_column_div av-zero-column-padding first  avia-builder-el-2  el_after_av_one_full  el_before_av_one_full  column-top-margin\" style='border-radius:0px; '><section class=\"av_textblock_section \"  itemscope=\"itemscope\" itemtype=\"https:\/\/schema.org\/BlogPosting\" itemprop=\"blogPost\" ><div class='avia_textblock  '   itemprop=\"text\" ><p style=\"text-align: center;\"><strong><span style=\"font-size: 18pt;\">Inauguran red de fibra \u00f3ptica en Ra\u00fal Mar\u00edn Balmaceda, un hito hist\u00f3rico para la comunicaci\u00f3n local<\/span><\/strong><\/p>\n<div id=\"gtx-trans\" style=\"position: absolute; left: -50px; top: 4.31534px;\">\n<div class=\"gtx-trans-icon\"><\/div>\n<\/div>\n<\/div><\/section><\/div><div class=\"flex_column av_one_full  flex_column_div av-zero-column-padding first  avia-builder-el-4  el_after_av_one_full  el_before_av_hr  column-top-margin\" style='border-radius:0px; '><section class=\"av_textblock_section \"  itemscope=\"itemscope\" itemtype=\"https:\/\/schema.org\/BlogPosting\" itemprop=\"blogPost\" ><div class='avia_textblock  '   itemprop=\"text\" ><p style=\"text-align: justify;\"><em>Gracias al proyecto \u201cFibra \u00d3ptica en Complejos Fronterizos\u201d, la zona cuenta con conectividad de primer nivel. Esta iniciativa juega un papel clave en la reducci\u00f3n de la brecha digital del pa\u00eds, que afecta principalmente a las zonas alejadas de los grandes centros.<\/em><\/p>\n<p style=\"text-align: justify;\">En el marco del mes de las telecomunicaciones, la Subsecretar\u00eda de Telecomunicaciones (Subtel) y Telsur, Gtd en el sur, celebraron hoy un importante hito en el \u00e1mbito de las comunicaciones del sur de nuestro pa\u00eds, con la inauguraci\u00f3n de una red de fibra \u00f3ptica en Ra\u00fal Mar\u00edn Balmaceda; un momento hist\u00f3rico para la regi\u00f3n de Ays\u00e9n.<\/p>\n<p style=\"text-align: justify;\">A la ceremonia de inauguraci\u00f3n de esta infraestructura habilitante asistieron el subsecretario de Telecomunicaciones, Claudio Araya, el delegado presidencial provincial de Ays\u00e9n, Jorge D\u00edaz, el alcalde de Cisne, Francisco Roncagliolo, el seremi de Transportes y Telecomunicaciones de Ays\u00e9n, Hans Zimmermann, el gerente de Contralor\u00eda y Asuntos Corporativos de Gtd, Jorge Vita, y la subgerente zonal en Coyhaique de Telsur, \u00darsula Matamala.<\/p>\n<p style=\"text-align: justify;\">Esta iniciativa es parte del proyecto \u201cFibra \u00d3ptica en Complejos Fronterizos\u201d, que se adjudic\u00f3 Telsur, en febrero de 2022, y que dot\u00f3 de infraestructura f\u00edsica de telecomunicaciones, para ser operada en condiciones de acceso abierto a cuatro zonas fronterizas en las regiones de Los R\u00edos, Los Lagos, Ays\u00e9n y Magallanes. Se trata de los pasos Carirri\u00f1e, Futaleuf\u00fa, Palena e Integraci\u00f3n Austral, cuyos Puntos de Operaci\u00f3n e Interconexi\u00f3n de Infraestructura de Telecomunicaciones (POIIT) est\u00e1n en las localidades de Carirri\u00f1e, en la regi\u00f3n de Los R\u00edos; Futaleuf\u00fa, Santa Luc\u00eda, Palena y R\u00edo Encuentro, en la regi\u00f3n de Los Lagos; La Junta, en la regi\u00f3n de Ays\u00e9n; e Integraci\u00f3n Austral y Punta Delgada, en la comuna de San Gregorio, de la regi\u00f3n de Magallanes.<\/p>\n<p style=\"text-align: justify;\">Dada la instalaci\u00f3n de la red, adem\u00e1s, se conect\u00f3 la localidad de Ra\u00fal Mar\u00edn Balmaceda, en la comuna de Cisnes, en Ays\u00e9n con una red de fibra \u00f3ptica, lo que representa un hito hist\u00f3rico para la comunicaci\u00f3n de esta zona.<\/p>\n<p style=\"text-align: justify;\"><em>\u201cGracias a un esfuerzo conjunto del gobierno y el sector privado estamos mejorando la calidad de vida de las personas de Ra\u00fal Mar\u00edn Balmaceda, que podr\u00e1n acceder a conectividad. Hoy estamos sentando las bases para llevar conectividad a las localidades m\u00e1s aisladas del pa\u00eds, aportando con la disminuci\u00f3n de la brecha digital; porque las telecomunicaciones le cambia la vida a las personas, se les abre un universo completo de conocimiento y oportunidades\u00bb<\/em>, indic\u00f3 el subsecretario de Telecomunicaciones, Claudio Araya.<\/p>\n<p style=\"text-align: justify;\">El proyecto mencionado tambi\u00e9n aport\u00f3 con infraestructura habilitante en zonas de mucho tr\u00e1nsito de personas, permite que los funcionarios de las fronteras den un salto cualitativo en la atenci\u00f3n y control del tr\u00e1nsito de personas, mejorando as\u00ed la eficiencia y seguridad en estas \u00e1reas, adem\u00e1s de otorgar conectividad entre Chile y Argentina, adem\u00e1s de contribuir con la disminuci\u00f3n de la brecha digital en el pa\u00eds.<\/p>\n<p style=\"text-align: justify;\">Por su parte, \u00darsula Matamala, subgerente zonal de Telsur, Gtd en el sur, afirm\u00f3 que <em>\u201cEn este mes de las telecomunicaciones, como Telsur, estamos muy orgullosos de haber concluido este proyecto <\/em><em>de infraestructura habilitante, que representa un paso importante para acercar la conectividad a las personas en zonas extremas y mejorar sus vidas a trav\u00e9s de la tecnolog\u00eda. Como una compa\u00f1\u00eda nacida en el sur de Chile (en 1893), tenemos el compromiso de descentralizar el acceso a la tecnolog\u00eda, desplegando nuestros mejores servicios en orden de poder garantizar que el talento del sur tenga oportunidades de desarrollo y crecimiento\u201d.<\/em><\/p>\n<p style=\"text-align: justify;\">La ejecutiva indic\u00f3 que adem\u00e1s de este proyecto, la compa\u00f1\u00eda posee otros proyectos de vinculaci\u00f3n activa con las comunidades en las que se insertan sus operaciones, promoviendo iniciativas en torno al fomento de la educaci\u00f3n, por ejemplo, con la entrega de becas de educaci\u00f3n y formaci\u00f3n de t\u00e9cnicos profesionales en la regi\u00f3n, la protecci\u00f3n del patrimonio natural y cultural, con actividades de arborizaci\u00f3n en diferentes zonas alejadas y la instalaci\u00f3n del Museo de las Telecomunicaciones en Valdivia, entre otras, y la colaboraci\u00f3n con instituciones sociales relevantes, como el hogar de Cristo, entre otras.<\/p>\n<p style=\"text-align: justify;\">En el mes de las telecomunicaciones, es importante se\u00f1alar que la compa\u00f1\u00eda ha trabajado en el sur llevando fibra \u00f3ptica a la casa en localidades alejadas, para poder ofrecer a sus clientes acceso a conectividad de \u00faltima generaci\u00f3n, ampliando su red de fibra \u00f3ptica a zonas donde desplegar esta tecnolog\u00eda resulta todo un desaf\u00edo. Algunas comunas en las ha trabajado son Balmaceda, Chile Chico, Puerto Guadal, Cochrane, Villa Cerro Castillo y Puerto R\u00edo Tranquilo, entre otras dando un salto significativo en materia de conectividad.<\/p>\n<p style=\"text-align: justify;\">Esta estabilidad de conexi\u00f3n en zonas extremas est\u00e1 respaldada tambi\u00e9n por el cable Prat, uno de los proyectos m\u00e1s ambiciosos en el \u00e1rea de telecomunicaciones de los \u00faltimos 20 a\u00f1os, que conecta a Chile, desde Arica a Puerto Montt, con desembarcos en 12 ciudades del pa\u00eds (Arica, Iquique, Tocopilla, Antofagasta, Caldera, La Serena, Conc\u00f3n, Cartagena, Constituci\u00f3n, Concepci\u00f3n, Puerto Saavedra y Puerto Montt). Con 3.500 kil\u00f3metros de fibra \u00f3ptica submarina y una inversi\u00f3n de m\u00e1s de 100 millones de d\u00f3lares, Prat ha permitido duplicar la capacidad de transmisi\u00f3n de datos y conectividad de Chile, apoyando la descentralizaci\u00f3n de las oportunidades de progreso y crecimiento, con lo que el pa\u00eds tiene el potencial de convertirse en un polo de desarrollo econ\u00f3mico y tecnol\u00f3gico para la regi\u00f3n.<\/p>\n<p style=\"text-align: justify;\"><em>\u201cEn Telsur entendemos que los beneficios de la tecnolog\u00eda deben estar disponible para todos y, es por eso, que, desde nuestros comienzos, hemos enfocado parte relevante de nuestros esfuerzos en disminuir la brecha digital, con el despliegue de fibra \u00f3ptica en zonas metropolitanas y alejadas, habilitando condiciones de conectividad para impulsar el desarrollo econ\u00f3mico, la llegada de nuevas inversiones y la generaci\u00f3n de empleos\u201d<\/em>, agreg\u00f3 \u00darsula Matamala.<\/p>\n<p style=\"text-align: justify;\">Gtd, empresa matriz de Telsur, fue la primera empresa en llegar con fibra \u00f3ptica a Chile el a\u00f1o 2007, al entender el rol que juegan las telecomunicaciones en la vida de las personas y asumir un compromiso de llegar a todos los rincones del pa\u00eds. Hoy brinda acceso a la hipervelocidad y a soluciones tecnol\u00f3gicas para que las personas puedan desarrollar sus potencialidades y capacidades de trabajo para Chile y el resto del mundo, con su sello de excelencia en el servicio.<\/p>\n<\/div><\/section><\/div><div  style='height:50px' class='hr hr-invisible   avia-builder-el-6  el_after_av_one_full  el_before_av_social_share '><span class='hr-inner ' ><span class='hr-inner-style'><\/span><\/span><\/div><\/p>\n<div  class='av-social-sharing-box  avia-builder-el-7  el_after_av_hr  el_before_av_hr  '><div class='av-share-box'><h5 class='av-share-link-description av-no-toc '>Compartir esta noticia<\/h5><ul class='av-share-box-list noLightbox'><li class='av-share-link av-social-link-facebook' ><a target=\"_blank\" aria-label=\"Compartir en Facebook\" href='https:\/\/www.facebook.com\/sharer.php?u=https:\/\/radiorevelacionfm.cl\/?p=42457&#038;t=Inauguran%20red%20de%20fibra%20%C3%B3ptica%20en%20Ra%C3%BAl%20Mar%C3%ADn%20Balmaceda%2C%20un%20hito%20hist%C3%B3rico%20para%20la%20comunicaci%C3%B3n%20local' aria-hidden='false' data-av_icon='\ue8f3' data-av_iconfont='entypo-fontello' title='' data-avia-related-tooltip='Compartir en Facebook' rel=\"noopener\"><span class='avia_hidden_link_text'>Compartir en Facebook<\/span><\/a><\/li><li class='av-share-link av-social-link-twitter' ><a target=\"_blank\" aria-label=\"Compartir en Twitter\" href='https:\/\/twitter.com\/share?text=Inauguran%20red%20de%20fibra%20%C3%B3ptica%20en%20Ra%C3%BAl%20Mar%C3%ADn%20Balmaceda%2C%20un%20hito%20hist%C3%B3rico%20para%20la%20comunicaci%C3%B3n%20local&#038;url=https:\/\/radiorevelacionfm.cl\/?p=42457' aria-hidden='false' data-av_icon='\ue8f1' data-av_iconfont='entypo-fontello' title='' data-avia-related-tooltip='Compartir en Twitter' rel=\"noopener\"><span class='avia_hidden_link_text'>Compartir en Twitter<\/span><\/a><\/li><li class='av-share-link av-social-link-whatsapp' ><a target=\"_blank\" aria-label=\"Compartir en Whatsapp\" href='https:\/\/api.whatsapp.com\/send?text=https:\/\/radiorevelacionfm.cl\/?p=42457' aria-hidden='false' data-av_icon='\uf232' data-av_iconfont='entypo-fontello' title='' data-avia-related-tooltip='Compartir en Whatsapp' rel=\"noopener\"><span class='avia_hidden_link_text'>Compartir en Whatsapp<\/span><\/a><\/li><li class='av-share-link av-social-link-linkedin' ><a target=\"_blank\" aria-label=\"Compartir en LinkedIn\" href='https:\/\/linkedin.com\/shareArticle?mini=true&#038;title=Inauguran%20red%20de%20fibra%20%C3%B3ptica%20en%20Ra%C3%BAl%20Mar%C3%ADn%20Balmaceda%2C%20un%20hito%20hist%C3%B3rico%20para%20la%20comunicaci%C3%B3n%20local&#038;url=https:\/\/radiorevelacionfm.cl\/?p=42457' aria-hidden='false' data-av_icon='\ue8fc' data-av_iconfont='entypo-fontello' title='' data-avia-related-tooltip='Compartir en LinkedIn' rel=\"noopener\"><span class='avia_hidden_link_text'>Compartir en LinkedIn<\/span><\/a><\/li><li class='av-share-link av-social-link-mail' ><a  aria-label=\"Compartir por correo\" href='mailto:?subject=Inauguran%20red%20de%20fibra%20%C3%B3ptica%20en%20Ra%C3%BAl%20Mar%C3%ADn%20Balmaceda%2C%20un%20hito%20hist%C3%B3rico%20para%20la%20comunicaci%C3%B3n%20local&#038;body=https:\/\/radiorevelacionfm.cl\/?p=42457' aria-hidden='false' data-av_icon='\ue805' data-av_iconfont='entypo-fontello' title='' data-avia-related-tooltip='Compartir por correo'><span class='avia_hidden_link_text'>Compartir por correo<\/span><\/a><\/li><\/ul><\/div><\/div>\n<div  style='height:50px' class='hr hr-invisible   avia-builder-el-8  el_after_av_social_share  el_before_av_comments_list '><span class='hr-inner ' ><span class='hr-inner-style'><\/span><\/span><\/div>\n<div  class='av-buildercomment  av-blog-meta-html-info-disabled av-blog-meta-tag-disabled  '><\/div>\n","protected":false},"excerpt":{"rendered":"","protected":false},"author":1,"featured_media":42458,"comment_status":"open","ping_status":"open","sticky":false,"template":"","format":"standard","meta":{"footnotes":""},"categories":[38],"tags":[],"class_list":["post-42457","post","type-post","status-publish","format-standard","has-post-thumbnail","hentry","category-regional"],"jetpack_featured_media_url":"https:\/\/radiorevelacionfm.cl\/wp-content\/uploads\/2024\/05\/img_01-1_optimized-1.jpg","_links":{"self":[{"href":"https:\/\/radiorevelacionfm.cl\/index.php?rest_route=\/wp\/v2\/posts\/42457","targetHints":{"allow":["GET"]}}],"collection":[{"href":"https:\/\/radiorevelacionfm.cl\/index.php?rest_route=\/wp\/v2\/posts"}],"about":[{"href":"https:\/\/radiorevelacionfm.cl\/index.php?rest_route=\/wp\/v2\/types\/post"}],"author":[{"embeddable":true,"href":"https:\/\/radiorevelacionfm.cl\/index.php?rest_route=\/wp\/v2\/users\/1"}],"replies":[{"embeddable":true,"href":"https:\/\/radiorevelacionfm.cl\/index.php?rest_route=%2Fwp%2Fv2%2Fcomments&post=42457"}],"version-history":[{"count":1,"href":"https:\/\/radiorevelacionfm.cl\/index.php?rest_route=\/wp\/v2\/posts\/42457\/revisions"}],"predecessor-version":[{"id":42459,"href":"https:\/\/radiorevelacionfm.cl\/index.php?rest_route=\/wp\/v2\/posts\/42457\/revisions\/42459"}],"wp:featuredmedia":[{"embeddable":true,"href":"https:\/\/radiorevelacionfm.cl\/index.php?rest_route=\/wp\/v2\/media\/42458"}],"wp:attachment":[{"href":"https:\/\/radiorevelacionfm.cl\/index.php?rest_route=%2Fwp%2Fv2%2Fmedia&parent=42457"}],"wp:term":[{"taxonomy":"category","embeddable":true,"href":"https:\/\/radiorevelacionfm.cl\/index.php?rest_route=%2Fwp%2Fv2%2Fcategories&post=42457"},{"taxonomy":"post_tag","embeddable":true,"href":"https:\/\/radiorevelacionfm.cl\/index.php?rest_route=%2Fwp%2Fv2%2Ftags&post=42457"}],"curies":[{"name":"wp","href":"https:\/\/api.w.org\/{rel}","templated":true}]}}