{"id":42452,"date":"2024-05-24T11:29:29","date_gmt":"2024-05-24T14:29:29","guid":{"rendered":"https:\/\/radiorevelacionfm.cl\/?p=42452"},"modified":"2024-05-24T11:29:29","modified_gmt":"2024-05-24T14:29:29","slug":"adultos-as-mayores-del-eleam-reviven-la-historia-de-aysen-con-dinamica-actividad","status":"publish","type":"post","link":"https:\/\/radiorevelacionfm.cl\/?p=42452","title":{"rendered":"Adultos\/as Mayores del ELEAM reviven la historia de Ays\u00e9n con din\u00e1mica actividad"},"content":{"rendered":"<div class=\"flex_column av_one_full  flex_column_div av-zero-column-padding first  avia-builder-el-0  el_before_av_one_full  avia-builder-el-first  \" style='border-radius:0px; '><div  class='avia-image-container  av-styling-    avia-builder-el-1  avia-builder-el-no-sibling  avia-align-center '  itemprop=\"image\" itemscope=\"itemscope\" itemtype=\"https:\/\/schema.org\/ImageObject\"  ><div class='avia-image-container-inner'><div class='avia-image-overlay-wrap'><img decoding=\"async\" class='wp-image-42453 avia-img-lazy-loading-not-42453 avia_image' src=\"https:\/\/radiorevelacionfm.cl\/wp-content\/uploads\/2024\/05\/patrimonio-eleam-2-1_optimized-1.jpg\" alt='' title='patrimonio-eleam-2-(1)_optimized (1)' height=\"600\" width=\"800\"  itemprop=\"thumbnailUrl\" srcset=\"https:\/\/radiorevelacionfm.cl\/wp-content\/uploads\/2024\/05\/patrimonio-eleam-2-1_optimized-1.jpg 800w, https:\/\/radiorevelacionfm.cl\/wp-content\/uploads\/2024\/05\/patrimonio-eleam-2-1_optimized-1-300x225.jpg 300w, https:\/\/radiorevelacionfm.cl\/wp-content\/uploads\/2024\/05\/patrimonio-eleam-2-1_optimized-1-768x576.jpg 768w, https:\/\/radiorevelacionfm.cl\/wp-content\/uploads\/2024\/05\/patrimonio-eleam-2-1_optimized-1-705x529.jpg 705w, https:\/\/radiorevelacionfm.cl\/wp-content\/uploads\/2024\/05\/patrimonio-eleam-2-1_optimized-1-450x338.jpg 450w, https:\/\/radiorevelacionfm.cl\/wp-content\/uploads\/2024\/05\/patrimonio-eleam-2-1_optimized-1-600x450.jpg 600w\" sizes=\"(max-width: 800px) 100vw, 800px\" \/><\/div><\/div><\/div><\/div><div class=\"flex_column av_one_full  flex_column_div av-zero-column-padding first  avia-builder-el-2  el_after_av_one_full  el_before_av_one_full  column-top-margin\" style='border-radius:0px; '><section class=\"av_textblock_section \"  itemscope=\"itemscope\" itemtype=\"https:\/\/schema.org\/BlogPosting\" itemprop=\"blogPost\" ><div class='avia_textblock  '   itemprop=\"text\" ><p style=\"text-align: center;\"><strong><span style=\"font-size: 18pt;\">Adultos\/as Mayores del ELEAM reviven la historia de Ays\u00e9n con din\u00e1mica actividad<\/span><\/strong><\/p>\n<div id=\"gtx-trans\" style=\"position: absolute; left: -50px; top: 4.31534px;\">\n<div class=\"gtx-trans-icon\"><\/div>\n<\/div>\n<\/div><\/section><\/div><div class=\"flex_column av_one_full  flex_column_div av-zero-column-padding first  avia-builder-el-4  el_after_av_one_full  el_before_av_hr  column-top-margin\" style='border-radius:0px; '><section class=\"av_textblock_section \"  itemscope=\"itemscope\" itemtype=\"https:\/\/schema.org\/BlogPosting\" itemprop=\"blogPost\" ><div class='avia_textblock  '   itemprop=\"text\" ><p style=\"text-align: justify;\"><em>La jornada fue coordinada entre la Oficina de Patrimonios del Municipio de Ays\u00e9n y el equipo del Establecimiento de Larga Estad\u00eda para Adultos Mayores (ELEAM).<\/em><\/p>\n<p style=\"text-align: justify;\">En el contexto del d\u00eda de los Patrimonios, la Oficina Municipal de esta \u00e1rea en Puerto Ays\u00e9n, ha programado una serie de actividades tendientes a relevar esta fecha y donde la comunidad tiene un rol protag\u00f3nico, desde los m\u00e1s peque\u00f1os hasta los adultos mayores.<\/p>\n<p style=\"text-align: justify;\">Es precisamente este \u00faltimo rango etario que, mediante una coordinaci\u00f3n entre el equipo del ELEAM y Patrimonios a nivel local que se logra desarrollar una din\u00e1mica, entretenida y para otros, nost\u00e1lgica actividad, con la exposici\u00f3n de fotos antiguas de Ays\u00e9n.<\/p>\n<p style=\"text-align: justify;\">Junto al Alcalde, Julio Uribe, muchos de los y las residentes del hogar de ancianos, reconocieron r\u00e1pidamente las im\u00e1genes que fueron seleccionadas para la actividad. Cristina Alvarado, encargada de la oficina municipal de Patrimonios, puso en valor la interacci\u00f3n con los adultos mayores y el rescate de sus vivencias asociadas a los registros hist\u00f3ricos. \u201cEn ellos despert\u00f3 muchos recuerdos y adem\u00e1s de entregar la informaci\u00f3n documentada de las fotograf\u00edas, ellos tambi\u00e9n entregaron el aporte de sus recuerdos y eso fue muy enriquecedor para nuestra labor\u201d.<\/p>\n<p style=\"text-align: justify;\">Continuando con el desarrollo de las actividades en el marco del d\u00eda de los Patrimonios, para este s\u00e1bado 25 de mayo, a partir de las 15 horas, desde la plazoleta ubicada frente a la Biblioteca P\u00fablica de Ays\u00e9n, se program\u00f3 un recorrido Patrimonial, donde se espera congregar a las familias de la ciudad y a quienes se interesen por conocer parte de la historia del territorio. \u201cEsta invitaci\u00f3n a la comunidad es, para encontrarnos este s\u00e1bado 25 de mayo, a las 3 de la tarde, en la plazoleta de la Biblioteca, para ir visitando, recorriendo lugares de edificios que fueron muy importantes en la etapa fundacional de Ays\u00e9n, pero tambi\u00e9n, cuando Puerto Ays\u00e9n era la capital de la regi\u00f3n\u201d.<\/p>\n<p style=\"text-align: justify;\">Es importante destacar que la actividad realizada con adultos mayores del ELEAM de Puerto Ays\u00e9n, tambi\u00e9n se est\u00e1 replicando en algunos colegios de la ciudad.<\/p>\n<\/div><\/section><\/div><div  style='height:50px' class='hr hr-invisible   avia-builder-el-6  el_after_av_one_full  el_before_av_social_share '><span class='hr-inner ' ><span class='hr-inner-style'><\/span><\/span><\/div><\/p>\n<div  class='av-social-sharing-box  avia-builder-el-7  el_after_av_hr  el_before_av_hr  '><div class='av-share-box'><h5 class='av-share-link-description av-no-toc '>Compartir esta noticia<\/h5><ul class='av-share-box-list noLightbox'><li class='av-share-link av-social-link-facebook' ><a target=\"_blank\" aria-label=\"Compartir en Facebook\" href='https:\/\/www.facebook.com\/sharer.php?u=https:\/\/radiorevelacionfm.cl\/?p=42452&#038;t=Adultos%2Fas%20Mayores%20del%20ELEAM%20reviven%20la%20historia%20de%20Ays%C3%A9n%20con%20din%C3%A1mica%20actividad' aria-hidden='false' data-av_icon='\ue8f3' data-av_iconfont='entypo-fontello' title='' data-avia-related-tooltip='Compartir en Facebook' rel=\"noopener\"><span class='avia_hidden_link_text'>Compartir en Facebook<\/span><\/a><\/li><li class='av-share-link av-social-link-twitter' ><a target=\"_blank\" aria-label=\"Compartir en Twitter\" href='https:\/\/twitter.com\/share?text=Adultos%2Fas%20Mayores%20del%20ELEAM%20reviven%20la%20historia%20de%20Ays%C3%A9n%20con%20din%C3%A1mica%20actividad&#038;url=https:\/\/radiorevelacionfm.cl\/?p=42452' aria-hidden='false' data-av_icon='\ue8f1' data-av_iconfont='entypo-fontello' title='' data-avia-related-tooltip='Compartir en Twitter' rel=\"noopener\"><span class='avia_hidden_link_text'>Compartir en Twitter<\/span><\/a><\/li><li class='av-share-link av-social-link-whatsapp' ><a target=\"_blank\" aria-label=\"Compartir en Whatsapp\" href='https:\/\/api.whatsapp.com\/send?text=https:\/\/radiorevelacionfm.cl\/?p=42452' aria-hidden='false' data-av_icon='\uf232' data-av_iconfont='entypo-fontello' title='' data-avia-related-tooltip='Compartir en Whatsapp' rel=\"noopener\"><span class='avia_hidden_link_text'>Compartir en Whatsapp<\/span><\/a><\/li><li class='av-share-link av-social-link-linkedin' ><a target=\"_blank\" aria-label=\"Compartir en LinkedIn\" href='https:\/\/linkedin.com\/shareArticle?mini=true&#038;title=Adultos%2Fas%20Mayores%20del%20ELEAM%20reviven%20la%20historia%20de%20Ays%C3%A9n%20con%20din%C3%A1mica%20actividad&#038;url=https:\/\/radiorevelacionfm.cl\/?p=42452' aria-hidden='false' data-av_icon='\ue8fc' data-av_iconfont='entypo-fontello' title='' data-avia-related-tooltip='Compartir en LinkedIn' rel=\"noopener\"><span class='avia_hidden_link_text'>Compartir en LinkedIn<\/span><\/a><\/li><li class='av-share-link av-social-link-mail' ><a  aria-label=\"Compartir por correo\" href='mailto:?subject=Adultos%2Fas%20Mayores%20del%20ELEAM%20reviven%20la%20historia%20de%20Ays%C3%A9n%20con%20din%C3%A1mica%20actividad&#038;body=https:\/\/radiorevelacionfm.cl\/?p=42452' aria-hidden='false' data-av_icon='\ue805' data-av_iconfont='entypo-fontello' title='' data-avia-related-tooltip='Compartir por correo'><span class='avia_hidden_link_text'>Compartir por correo<\/span><\/a><\/li><\/ul><\/div><\/div>\n<div  style='height:50px' class='hr hr-invisible   avia-builder-el-8  el_after_av_social_share  el_before_av_comments_list '><span class='hr-inner ' ><span class='hr-inner-style'><\/span><\/span><\/div>\n<div  class='av-buildercomment  av-blog-meta-html-info-disabled av-blog-meta-tag-disabled  '><\/div>\n","protected":false},"excerpt":{"rendered":"","protected":false},"author":1,"featured_media":42453,"comment_status":"open","ping_status":"open","sticky":false,"template":"","format":"standard","meta":{"footnotes":""},"categories":[38],"tags":[],"class_list":["post-42452","post","type-post","status-publish","format-standard","has-post-thumbnail","hentry","category-regional"],"jetpack_featured_media_url":"https:\/\/radiorevelacionfm.cl\/wp-content\/uploads\/2024\/05\/patrimonio-eleam-2-1_optimized-1.jpg","_links":{"self":[{"href":"https:\/\/radiorevelacionfm.cl\/index.php?rest_route=\/wp\/v2\/posts\/42452","targetHints":{"allow":["GET"]}}],"collection":[{"href":"https:\/\/radiorevelacionfm.cl\/index.php?rest_route=\/wp\/v2\/posts"}],"about":[{"href":"https:\/\/radiorevelacionfm.cl\/index.php?rest_route=\/wp\/v2\/types\/post"}],"author":[{"embeddable":true,"href":"https:\/\/radiorevelacionfm.cl\/index.php?rest_route=\/wp\/v2\/users\/1"}],"replies":[{"embeddable":true,"href":"https:\/\/radiorevelacionfm.cl\/index.php?rest_route=%2Fwp%2Fv2%2Fcomments&post=42452"}],"version-history":[{"count":1,"href":"https:\/\/radiorevelacionfm.cl\/index.php?rest_route=\/wp\/v2\/posts\/42452\/revisions"}],"predecessor-version":[{"id":42454,"href":"https:\/\/radiorevelacionfm.cl\/index.php?rest_route=\/wp\/v2\/posts\/42452\/revisions\/42454"}],"wp:featuredmedia":[{"embeddable":true,"href":"https:\/\/radiorevelacionfm.cl\/index.php?rest_route=\/wp\/v2\/media\/42453"}],"wp:attachment":[{"href":"https:\/\/radiorevelacionfm.cl\/index.php?rest_route=%2Fwp%2Fv2%2Fmedia&parent=42452"}],"wp:term":[{"taxonomy":"category","embeddable":true,"href":"https:\/\/radiorevelacionfm.cl\/index.php?rest_route=%2Fwp%2Fv2%2Fcategories&post=42452"},{"taxonomy":"post_tag","embeddable":true,"href":"https:\/\/radiorevelacionfm.cl\/index.php?rest_route=%2Fwp%2Fv2%2Ftags&post=42452"}],"curies":[{"name":"wp","href":"https:\/\/api.w.org\/{rel}","templated":true}]}}