{"id":42450,"date":"2024-05-23T20:59:31","date_gmt":"2024-05-23T23:59:31","guid":{"rendered":"https:\/\/radiorevelacionfm.cl\/?p=42450"},"modified":"2024-05-23T20:59:31","modified_gmt":"2024-05-23T23:59:31","slug":"fiscalia-formaliza-a-dos-imputados-que-fueron-detenidos-por-carabineros-tras-persecucion-por-calles-de-coyhaique","status":"publish","type":"post","link":"https:\/\/radiorevelacionfm.cl\/?p=42450","title":{"rendered":"Fiscal\u00eda formaliza a dos imputados que fueron detenidos por Carabineros tras persecuci\u00f3n por calles de Coyhaique"},"content":{"rendered":"<div class=\"flex_column av_one_full  flex_column_div av-zero-column-padding first  avia-builder-el-0  el_before_av_one_full  avia-builder-el-first  \" style='border-radius:0px; '><div  class='avia-image-container  av-styling-    avia-builder-el-1  avia-builder-el-no-sibling  avia-align-center '  itemprop=\"image\" itemscope=\"itemscope\" itemtype=\"https:\/\/schema.org\/ImageObject\"  ><div class='avia-image-container-inner'><div class='avia-image-overlay-wrap'><img decoding=\"async\" class='wp-image-42405 avia-img-lazy-loading-not-42405 avia_image' src=\"https:\/\/radiorevelacionfm.cl\/wp-content\/uploads\/2024\/05\/48b97047-807c-44b3-825a-dbc9a6f3a94a-1-1.jpg\" alt='' title='48b97047-807c-44b3-825a-dbc9a6f3a94a (1) (1)' height=\"600\" width=\"1080\"  itemprop=\"thumbnailUrl\" srcset=\"https:\/\/radiorevelacionfm.cl\/wp-content\/uploads\/2024\/05\/48b97047-807c-44b3-825a-dbc9a6f3a94a-1-1.jpg 1080w, https:\/\/radiorevelacionfm.cl\/wp-content\/uploads\/2024\/05\/48b97047-807c-44b3-825a-dbc9a6f3a94a-1-1-300x167.jpg 300w, https:\/\/radiorevelacionfm.cl\/wp-content\/uploads\/2024\/05\/48b97047-807c-44b3-825a-dbc9a6f3a94a-1-1-1030x572.jpg 1030w, https:\/\/radiorevelacionfm.cl\/wp-content\/uploads\/2024\/05\/48b97047-807c-44b3-825a-dbc9a6f3a94a-1-1-768x427.jpg 768w, https:\/\/radiorevelacionfm.cl\/wp-content\/uploads\/2024\/05\/48b97047-807c-44b3-825a-dbc9a6f3a94a-1-1-705x392.jpg 705w, https:\/\/radiorevelacionfm.cl\/wp-content\/uploads\/2024\/05\/48b97047-807c-44b3-825a-dbc9a6f3a94a-1-1-450x250.jpg 450w, https:\/\/radiorevelacionfm.cl\/wp-content\/uploads\/2024\/05\/48b97047-807c-44b3-825a-dbc9a6f3a94a-1-1-600x333.jpg 600w\" sizes=\"(max-width: 1080px) 100vw, 1080px\" \/><\/div><\/div><\/div><\/div><div class=\"flex_column av_one_full  flex_column_div av-zero-column-padding first  avia-builder-el-2  el_after_av_one_full  el_before_av_one_full  column-top-margin\" style='border-radius:0px; '><section class=\"av_textblock_section \"  itemscope=\"itemscope\" itemtype=\"https:\/\/schema.org\/BlogPosting\" itemprop=\"blogPost\" ><div class='avia_textblock  '   itemprop=\"text\" ><p style=\"text-align: center;\"><span style=\"font-size: 18pt;\"><b>Fiscal\u00eda formaliza a dos imputados que fueron detenidos por Carabineros tras persecuci\u00f3n por calles de Coyhaique<\/b><\/span><\/p>\n<div id=\"gtx-trans\" style=\"position: absolute; left: -50px; top: 4.31534px;\">\n<div class=\"gtx-trans-icon\"><\/div>\n<\/div>\n<\/div><\/section><\/div><div class=\"flex_column av_one_full  flex_column_div av-zero-column-padding first  avia-builder-el-4  el_after_av_one_full  el_before_av_hr  column-top-margin\" style='border-radius:0px; '><section class=\"av_textblock_section \"  itemscope=\"itemscope\" itemtype=\"https:\/\/schema.org\/BlogPosting\" itemprop=\"blogPost\" ><div class='avia_textblock  '   itemprop=\"text\" ><p style=\"font-weight: 400; text-align: justify;\">La Fiscal\u00eda Local de Coyhaique formaliz\u00f3 hoy a dos imputados que fueron detenidos el mi\u00e9rcoles en calle Simpson, por Carabineros de la Primera Comisar\u00eda, tras una persecuci\u00f3n por diversas calles de la ciudad. Uno de los sujetos ten\u00eda tres \u00f3rdenes de detenci\u00f3n y fue puesto en prisi\u00f3n preventiva, a solicitud del Ministerio P\u00fablico. El segundo sujeto qued\u00f3 sometido a la medida cautelar de arraigo nacional, seg\u00fan decret\u00f3 el Juzgado de Garant\u00eda.<\/p>\n<p style=\"font-weight: 400; text-align: justify;\">Seg\u00fan explic\u00f3 el fiscal adjunto de Coyhaique, Jaime Rojas, \u201choy, en el Tribunal de Garant\u00eda de Coyhaique, se llev\u00f3 a cabo una audiencia de control de detenci\u00f3n de dos sujetos que el d\u00eda de ayer participaron en un procedimiento que se desarroll\u00f3 en el contexto de una persecuci\u00f3n policial\u201d.<\/p>\n<p style=\"font-weight: 400; text-align: justify;\">El abogado a\u00f1adi\u00f3 que \u201cuna de estas personas fue formalizado como autor de un delito de conducci\u00f3n de veh\u00edculo motorizado en estado de ebriedad. Qued\u00f3 sujeto a medidas cautelares, en tanto que el otro individuo que acompa\u00f1aba al primero, ten\u00eda tres \u00f3rdenes de detenci\u00f3n pendientes emanadas del Tribunal de Garant\u00eda de Coyhaique y tambi\u00e9n de Puerto Ays\u00e9n. Estas \u00f3rdenes de detenci\u00f3n fueron decretadas, en uno de estos casos, para llevar a cabo un juicio simplificado efectivo, juicio que no se pudo realizar el d\u00eda de hoy y qued\u00f3 programado para la pr\u00f3xima semana\u201d.<\/p>\n<p style=\"font-weight: 400; text-align: justify;\">El persecutor penal agreg\u00f3 que \u201catendida la existencia de estas distintas \u00f3rdenes de detenci\u00f3n que hab\u00edan sido despachadas en contra del imputado, el Ministerio P\u00fablico solicit\u00f3 su prisi\u00f3n preventiva para asegurar que este compareciera finalmente al juicio que se va a realizar pr\u00f3ximamente. El Tribunal de Garant\u00eda decret\u00f3 esta medida cautelar, pero tambi\u00e9n decret\u00f3, respecto del imputado, una cauci\u00f3n (o fianza)\u201d.<\/p>\n<p style=\"font-weight: 400; text-align: justify;\">Finalmente, el fiscal Jaime Rojas explic\u00f3 que \u201cen cualquier caso, si es que el imputado paga esta cauci\u00f3n, deber\u00e1 presentarse al juicio que se llevar\u00e1 a cabo en el Tribunal. De lo contrario, se podr\u00e1 despachar una nueva orden de detenci\u00f3n e intensificar el r\u00e9gimen cautelar a su respecto\u201d.<\/p>\n<\/div><\/section><\/div><div  style='height:50px' class='hr hr-invisible   avia-builder-el-6  el_after_av_one_full  el_before_av_social_share '><span class='hr-inner ' ><span class='hr-inner-style'><\/span><\/span><\/div><\/p>\n<div  class='av-social-sharing-box  avia-builder-el-7  el_after_av_hr  el_before_av_hr  '><div class='av-share-box'><h5 class='av-share-link-description av-no-toc '>Compartir esta noticia<\/h5><ul class='av-share-box-list noLightbox'><li class='av-share-link av-social-link-facebook' ><a target=\"_blank\" aria-label=\"Compartir en Facebook\" href='https:\/\/www.facebook.com\/sharer.php?u=https:\/\/radiorevelacionfm.cl\/?p=42450&#038;t=Fiscal%C3%ADa%20formaliza%20a%20dos%20imputados%20que%20fueron%20detenidos%20por%20Carabineros%20tras%20persecuci%C3%B3n%20por%20calles%20de%20Coyhaique' aria-hidden='false' data-av_icon='\ue8f3' data-av_iconfont='entypo-fontello' title='' data-avia-related-tooltip='Compartir en Facebook' rel=\"noopener\"><span class='avia_hidden_link_text'>Compartir en Facebook<\/span><\/a><\/li><li class='av-share-link av-social-link-twitter' ><a target=\"_blank\" aria-label=\"Compartir en Twitter\" href='https:\/\/twitter.com\/share?text=Fiscal%C3%ADa%20formaliza%20a%20dos%20imputados%20que%20fueron%20detenidos%20por%20Carabineros%20tras%20persecuci%C3%B3n%20por%20calles%20de%20Coyhaique&#038;url=https:\/\/radiorevelacionfm.cl\/?p=42450' aria-hidden='false' data-av_icon='\ue8f1' data-av_iconfont='entypo-fontello' title='' data-avia-related-tooltip='Compartir en Twitter' rel=\"noopener\"><span class='avia_hidden_link_text'>Compartir en Twitter<\/span><\/a><\/li><li class='av-share-link av-social-link-whatsapp' ><a target=\"_blank\" aria-label=\"Compartir en Whatsapp\" href='https:\/\/api.whatsapp.com\/send?text=https:\/\/radiorevelacionfm.cl\/?p=42450' aria-hidden='false' data-av_icon='\uf232' data-av_iconfont='entypo-fontello' title='' data-avia-related-tooltip='Compartir en Whatsapp' rel=\"noopener\"><span class='avia_hidden_link_text'>Compartir en Whatsapp<\/span><\/a><\/li><li class='av-share-link av-social-link-linkedin' ><a target=\"_blank\" aria-label=\"Compartir en LinkedIn\" href='https:\/\/linkedin.com\/shareArticle?mini=true&#038;title=Fiscal%C3%ADa%20formaliza%20a%20dos%20imputados%20que%20fueron%20detenidos%20por%20Carabineros%20tras%20persecuci%C3%B3n%20por%20calles%20de%20Coyhaique&#038;url=https:\/\/radiorevelacionfm.cl\/?p=42450' aria-hidden='false' data-av_icon='\ue8fc' data-av_iconfont='entypo-fontello' title='' data-avia-related-tooltip='Compartir en LinkedIn' rel=\"noopener\"><span class='avia_hidden_link_text'>Compartir en LinkedIn<\/span><\/a><\/li><li class='av-share-link av-social-link-mail' ><a  aria-label=\"Compartir por correo\" href='mailto:?subject=Fiscal%C3%ADa%20formaliza%20a%20dos%20imputados%20que%20fueron%20detenidos%20por%20Carabineros%20tras%20persecuci%C3%B3n%20por%20calles%20de%20Coyhaique&#038;body=https:\/\/radiorevelacionfm.cl\/?p=42450' aria-hidden='false' data-av_icon='\ue805' data-av_iconfont='entypo-fontello' title='' data-avia-related-tooltip='Compartir por correo'><span class='avia_hidden_link_text'>Compartir por correo<\/span><\/a><\/li><\/ul><\/div><\/div>\n<div  style='height:50px' class='hr hr-invisible   avia-builder-el-8  el_after_av_social_share  el_before_av_comments_list '><span class='hr-inner ' ><span class='hr-inner-style'><\/span><\/span><\/div>\n<div  class='av-buildercomment  av-blog-meta-html-info-disabled av-blog-meta-tag-disabled  '><\/div>\n","protected":false},"excerpt":{"rendered":"","protected":false},"author":1,"featured_media":42405,"comment_status":"open","ping_status":"open","sticky":false,"template":"","format":"standard","meta":{"footnotes":""},"categories":[55],"tags":[],"class_list":["post-42450","post","type-post","status-publish","format-standard","has-post-thumbnail","hentry","category-justicia"],"jetpack_featured_media_url":"https:\/\/radiorevelacionfm.cl\/wp-content\/uploads\/2024\/05\/48b97047-807c-44b3-825a-dbc9a6f3a94a-1-1.jpg","_links":{"self":[{"href":"https:\/\/radiorevelacionfm.cl\/index.php?rest_route=\/wp\/v2\/posts\/42450","targetHints":{"allow":["GET"]}}],"collection":[{"href":"https:\/\/radiorevelacionfm.cl\/index.php?rest_route=\/wp\/v2\/posts"}],"about":[{"href":"https:\/\/radiorevelacionfm.cl\/index.php?rest_route=\/wp\/v2\/types\/post"}],"author":[{"embeddable":true,"href":"https:\/\/radiorevelacionfm.cl\/index.php?rest_route=\/wp\/v2\/users\/1"}],"replies":[{"embeddable":true,"href":"https:\/\/radiorevelacionfm.cl\/index.php?rest_route=%2Fwp%2Fv2%2Fcomments&post=42450"}],"version-history":[{"count":1,"href":"https:\/\/radiorevelacionfm.cl\/index.php?rest_route=\/wp\/v2\/posts\/42450\/revisions"}],"predecessor-version":[{"id":42451,"href":"https:\/\/radiorevelacionfm.cl\/index.php?rest_route=\/wp\/v2\/posts\/42450\/revisions\/42451"}],"wp:featuredmedia":[{"embeddable":true,"href":"https:\/\/radiorevelacionfm.cl\/index.php?rest_route=\/wp\/v2\/media\/42405"}],"wp:attachment":[{"href":"https:\/\/radiorevelacionfm.cl\/index.php?rest_route=%2Fwp%2Fv2%2Fmedia&parent=42450"}],"wp:term":[{"taxonomy":"category","embeddable":true,"href":"https:\/\/radiorevelacionfm.cl\/index.php?rest_route=%2Fwp%2Fv2%2Fcategories&post=42450"},{"taxonomy":"post_tag","embeddable":true,"href":"https:\/\/radiorevelacionfm.cl\/index.php?rest_route=%2Fwp%2Fv2%2Ftags&post=42450"}],"curies":[{"name":"wp","href":"https:\/\/api.w.org\/{rel}","templated":true}]}}