{"id":4245,"date":"2021-05-18T12:32:45","date_gmt":"2021-05-18T15:32:45","guid":{"rendered":"https:\/\/radiorevelacionfm.cl\/?p=4245"},"modified":"2021-05-18T12:32:45","modified_gmt":"2021-05-18T15:32:45","slug":"prochile-y-corfo-abren-su-convocatoria-para-goglobal-2021","status":"publish","type":"post","link":"https:\/\/radiorevelacionfm.cl\/?p=4245","title":{"rendered":"ProChile y Corfo abren su convocatoria para GoGlobal 2021"},"content":{"rendered":"<div class=\"flex_column av_one_full  flex_column_div av-zero-column-padding first  avia-builder-el-0  el_before_av_one_full  avia-builder-el-first  \" style='border-radius:0px; '><div  class='avia-image-container  av-styling-    avia-builder-el-1  avia-builder-el-no-sibling  avia-align-center '  itemprop=\"image\" itemscope=\"itemscope\" itemtype=\"https:\/\/schema.org\/ImageObject\"  ><div class='avia-image-container-inner'><div class='avia-image-overlay-wrap'><img decoding=\"async\" class='wp-image-0 avia-img-lazy-loading-not-0 avia_image' src=\"https:\/\/radiorevelacionfm.cl\/wp-content\/uploads\/2021\/05\/foto-go-global_optimized.jpg\" alt='' title=''   itemprop=\"thumbnailUrl\"  \/><\/div><\/div><\/div><\/div><div class=\"flex_column av_one_full  flex_column_div av-zero-column-padding first  avia-builder-el-2  el_after_av_one_full  el_before_av_one_full  column-top-margin\" style='border-radius:0px; '><section class=\"av_textblock_section \"  itemscope=\"itemscope\" itemtype=\"https:\/\/schema.org\/BlogPosting\" itemprop=\"blogPost\" ><div class='avia_textblock  '   itemprop=\"text\" ><p style=\"text-align: center;\"><span style=\"font-size: 18pt;\"><b>ProChile y Corfo abren su convocatoria para GoGlobal 2021<\/b><\/span><\/p>\n<div id=\"gtx-trans\" style=\"position: absolute; left: -50px; top: 4.31534px;\">\n<div class=\"gtx-trans-icon\"><\/div>\n<\/div>\n<\/div><\/section><\/div><div class=\"flex_column av_one_full  flex_column_div av-zero-column-padding first  avia-builder-el-4  el_after_av_one_full  el_before_av_hr  column-top-margin\" style='border-radius:0px; '><section class=\"av_textblock_section \"  itemscope=\"itemscope\" itemtype=\"https:\/\/schema.org\/BlogPosting\" itemprop=\"blogPost\" ><div class='avia_textblock  '   itemprop=\"text\" ><p style=\"text-align: justify;\">Con el fin de seguir aportando a la reactivaci\u00f3n econ\u00f3mica del pa\u00eds, ProChile y Corfo refuerzan su compromiso y lanzan una nueva convocatoria para la tercera versi\u00f3n de GoGlobal, programa que apoya el proceso de internacionalizaci\u00f3n de emprendimientos, permiti\u00e9ndoles acceder a los mercados de Per\u00fa, Colombia, M\u00e9xico y Estados Unidos, para potenciar as\u00ed, sus ventas en los mercados de destino.<\/p>\n<p style=\"text-align: justify;\">Hasta el 27 de mayo\u00a0se encontrar\u00e1 abierto el proceso en el que se espera seleccionar a, al menos, 40 empresas chilenas que tengan un producto de base tecnol\u00f3gica, potencial de escalabilidad, idealmente alg\u00fan grado de propiedad intelectual, con validaci\u00f3n comercial en el mercado nacional y que est\u00e9n preparadas para expandirse a otros pa\u00edses junto a una estrategia concreta para el mercado de destino que seleccionen.<\/p>\n<p style=\"text-align: justify;\">Este programa ya ha apoyado a m\u00e1s de 90 startups chilenas en su proceso de internacionalizaci\u00f3n en sus dos convocatorias anteriores y si en 2019, las ventas totales de estas empresas fueron de US$ 3,5 millones, en 2020 estas alcanzaron US$ 6,75 millones.<\/p>\n<p style=\"text-align: justify;\">\u201cLos resultados arrojados por GoGlobal han sido muy importantes para determinar la continuidad de este programa. De hecho, de acuerdo a lo que las mismas empresas han declarado en una encuesta recientemente realizada a la generaci\u00f3n 2019, el 91% de ellas ha logrado aumentar sus ventas en el mercado extranjero, gracias a este programa. Estas cifras son impresionantes y, con la situaci\u00f3n econ\u00f3mica que vive nuestro pa\u00eds y el mundo hoy, se hace imprescindible seguir apoyando a este tipo de emprendimientos en su despegue internacional\u201d, se\u00f1ala Jorge O\u2019Ryan Director General de ProChile.<\/p>\n<p style=\"text-align: justify;\">Por su parte, Pablo Terrazas, Vicepresidente Ejecutivo de Corfo destac\u00f3 que \u201cla internacionalizaci\u00f3n de las empresas que apoyamos desde Corfo es para nosotros fundamental, y un paso concreto en el crecimiento y la proyecci\u00f3n de estas. GoGlobal es un programa importante en este sentido, y pese a que con la pandemia hemos tenido que readaptar a forma digital estos espacios de intercambio comercial y cultural, hemos comprobado que sigue siendo un aporte para que los emprendedores puedan avanzar hacia la escalabilidad de sus negocios, accediendo a nuevos mercados. Queremos que sean muchos m\u00e1s los que tengan la oportunidad de probar o crecer en mercados como Per\u00fa, Colombia, M\u00e9xico o Estados Unidos, para as\u00ed seguir fomentando con fuerza la reactivaci\u00f3n econ\u00f3mica por medio del emprendimiento y la innovaci\u00f3n\u201d.<\/p>\n<p style=\"text-align: justify;\">El programa se divide en dos fases, la de pre-internacionalizaci\u00f3n que considera dos semanas intensivas con una serie de charlas, seminarios y capacitaciones relativas al proceso de internacionalizaci\u00f3n como aspectos legales y tributarios, inteligencia comercial, aspectos culturales introductorios y espec\u00edficos sobre cada pa\u00eds, adem\u00e1s de la realizaci\u00f3n de un trabajo conjunto con la empresa proveedora del servicio de softlanding para poder establecer el plan de trabajo que realizar\u00e1 la startup durante el proceso de inmersi\u00f3n en el mercado internacional.<\/p>\n<p style=\"text-align: justify;\">Y la segunda, de inmersi\u00f3n, que tiene una duraci\u00f3n de ocho semanas y considera el acompa\u00f1amiento de las empresas seleccionadas y apoyo en el cumplimiento de su plan de trabajo en el mercado de destino. Parte de este proceso implica la generaci\u00f3n de una agenda comercial, acceso a mentor\u00edas especializadas, actividades de networking y capacitaciones relativas y espec\u00edficas para generar conocimiento sobre la industria local.<\/p>\n<p style=\"text-align: justify;\">Para postular los interesados deber\u00e1n ingresar al sitio\u00a0<a href=\"http:\/\/www.goglobal.cl\/\" data-saferedirecturl=\"https:\/\/www.google.com\/url?q=http:\/\/www.goglobal.cl&amp;source=gmail&amp;ust=1621433903191000&amp;usg=AFQjCNH6MQhPYkJzNh1xTlN5xkxckJ_LYg\">www.goglobal.cl<\/a>\u00a0o a trav\u00e9s de las p\u00e1ginas web de Corfo y ProChile, y cumplir con todos los requisitos indicados. Un grupo t\u00e9cnico interinstitucional realizar\u00e1 una preselecci\u00f3n de empresas, quienes, mediante un pitch, defender\u00e1n su propuesta ante un comit\u00e9 evaluador de ambas instituciones, con integrantes de los equipos tanto en Chile como de los mercados de destino.<\/p>\n<\/div><\/section><\/div><div  style='height:50px' class='hr hr-invisible   avia-builder-el-6  el_after_av_one_full  el_before_av_social_share '><span class='hr-inner ' ><span class='hr-inner-style'><\/span><\/span><\/div><\/p>\n<div  class='av-social-sharing-box  avia-builder-el-7  el_after_av_hr  el_before_av_hr  '><div class='av-share-box'><h5 class='av-share-link-description av-no-toc '>Compartir esta noticia<\/h5><ul class='av-share-box-list noLightbox'><li class='av-share-link av-social-link-facebook' ><a target=\"_blank\" aria-label=\"Compartir en Facebook\" href='https:\/\/www.facebook.com\/sharer.php?u=https:\/\/radiorevelacionfm.cl\/?p=4245&#038;t=ProChile%20y%20Corfo%20abren%20su%20convocatoria%20para%20GoGlobal%202021' aria-hidden='false' data-av_icon='\ue8f3' data-av_iconfont='entypo-fontello' title='' data-avia-related-tooltip='Compartir en Facebook' rel=\"noopener\"><span class='avia_hidden_link_text'>Compartir en Facebook<\/span><\/a><\/li><li class='av-share-link av-social-link-twitter' ><a target=\"_blank\" aria-label=\"Compartir en Twitter\" href='https:\/\/twitter.com\/share?text=ProChile%20y%20Corfo%20abren%20su%20convocatoria%20para%20GoGlobal%202021&#038;url=https:\/\/radiorevelacionfm.cl\/?p=4245' aria-hidden='false' data-av_icon='\ue8f1' data-av_iconfont='entypo-fontello' title='' data-avia-related-tooltip='Compartir en Twitter' rel=\"noopener\"><span class='avia_hidden_link_text'>Compartir en Twitter<\/span><\/a><\/li><li class='av-share-link av-social-link-whatsapp' ><a target=\"_blank\" aria-label=\"Compartir en Whatsapp\" href='https:\/\/api.whatsapp.com\/send?text=https:\/\/radiorevelacionfm.cl\/?p=4245' aria-hidden='false' data-av_icon='\uf232' data-av_iconfont='entypo-fontello' title='' data-avia-related-tooltip='Compartir en Whatsapp' rel=\"noopener\"><span class='avia_hidden_link_text'>Compartir en Whatsapp<\/span><\/a><\/li><li class='av-share-link av-social-link-linkedin' ><a target=\"_blank\" aria-label=\"Compartir en LinkedIn\" href='https:\/\/linkedin.com\/shareArticle?mini=true&#038;title=ProChile%20y%20Corfo%20abren%20su%20convocatoria%20para%20GoGlobal%202021&#038;url=https:\/\/radiorevelacionfm.cl\/?p=4245' aria-hidden='false' data-av_icon='\ue8fc' data-av_iconfont='entypo-fontello' title='' data-avia-related-tooltip='Compartir en LinkedIn' rel=\"noopener\"><span class='avia_hidden_link_text'>Compartir en LinkedIn<\/span><\/a><\/li><li class='av-share-link av-social-link-mail' ><a  aria-label=\"Compartir por correo\" href='mailto:?subject=ProChile%20y%20Corfo%20abren%20su%20convocatoria%20para%20GoGlobal%202021&#038;body=https:\/\/radiorevelacionfm.cl\/?p=4245' aria-hidden='false' data-av_icon='\ue805' data-av_iconfont='entypo-fontello' title='' data-avia-related-tooltip='Compartir por correo'><span class='avia_hidden_link_text'>Compartir por correo<\/span><\/a><\/li><\/ul><\/div><\/div>\n<div  style='height:50px' class='hr hr-invisible   avia-builder-el-8  el_after_av_social_share  el_before_av_comments_list '><span class='hr-inner ' ><span class='hr-inner-style'><\/span><\/span><\/div>\n<div  class='av-buildercomment  av-blog-meta-html-info-disabled av-blog-meta-tag-disabled  '><\/div>\n","protected":false},"excerpt":{"rendered":"","protected":false},"author":1,"featured_media":0,"comment_status":"open","ping_status":"open","sticky":false,"template":"","format":"standard","meta":{"footnotes":""},"categories":[38],"tags":[],"class_list":["post-4245","post","type-post","status-publish","format-standard","hentry","category-regional"],"jetpack_featured_media_url":"","_links":{"self":[{"href":"https:\/\/radiorevelacionfm.cl\/index.php?rest_route=\/wp\/v2\/posts\/4245","targetHints":{"allow":["GET"]}}],"collection":[{"href":"https:\/\/radiorevelacionfm.cl\/index.php?rest_route=\/wp\/v2\/posts"}],"about":[{"href":"https:\/\/radiorevelacionfm.cl\/index.php?rest_route=\/wp\/v2\/types\/post"}],"author":[{"embeddable":true,"href":"https:\/\/radiorevelacionfm.cl\/index.php?rest_route=\/wp\/v2\/users\/1"}],"replies":[{"embeddable":true,"href":"https:\/\/radiorevelacionfm.cl\/index.php?rest_route=%2Fwp%2Fv2%2Fcomments&post=4245"}],"version-history":[{"count":1,"href":"https:\/\/radiorevelacionfm.cl\/index.php?rest_route=\/wp\/v2\/posts\/4245\/revisions"}],"predecessor-version":[{"id":4247,"href":"https:\/\/radiorevelacionfm.cl\/index.php?rest_route=\/wp\/v2\/posts\/4245\/revisions\/4247"}],"wp:attachment":[{"href":"https:\/\/radiorevelacionfm.cl\/index.php?rest_route=%2Fwp%2Fv2%2Fmedia&parent=4245"}],"wp:term":[{"taxonomy":"category","embeddable":true,"href":"https:\/\/radiorevelacionfm.cl\/index.php?rest_route=%2Fwp%2Fv2%2Fcategories&post=4245"},{"taxonomy":"post_tag","embeddable":true,"href":"https:\/\/radiorevelacionfm.cl\/index.php?rest_route=%2Fwp%2Fv2%2Ftags&post=4245"}],"curies":[{"name":"wp","href":"https:\/\/api.w.org\/{rel}","templated":true}]}}