{"id":42447,"date":"2024-05-23T21:54:10","date_gmt":"2024-05-24T00:54:10","guid":{"rendered":"https:\/\/radiorevelacionfm.cl\/?p=42447"},"modified":"2024-05-23T21:59:11","modified_gmt":"2024-05-24T00:59:11","slug":"en-sus-primeras-clases-la-incubadora-regional-de-negocios-recibe-positiva-evaluacion-de-los-emprendedores-as","status":"publish","type":"post","link":"https:\/\/radiorevelacionfm.cl\/?p=42447","title":{"rendered":"En sus primeras clases la Incubadora Regional de Negocios recibe positiva evaluaci\u00f3n de los emprendedores\/as"},"content":{"rendered":"<div class=\"flex_column av_one_full  flex_column_div av-zero-column-padding first  avia-builder-el-0  el_before_av_one_full  avia-builder-el-first  \" style='border-radius:0px; '><div  class='avia-image-container  av-styling-    avia-builder-el-1  avia-builder-el-no-sibling  avia-align-center '  itemprop=\"image\" itemscope=\"itemscope\" itemtype=\"https:\/\/schema.org\/ImageObject\"  ><div class='avia-image-container-inner'><div class='avia-image-overlay-wrap'><img decoding=\"async\" class='wp-image-42455 avia-img-lazy-loading-not-42455 avia_image' src=\"https:\/\/radiorevelacionfm.cl\/wp-content\/uploads\/2024\/05\/incubadora-1-1-1.jpg\" alt='' title='incubadora 1 (1) (1)' height=\"600\" width=\"1067\"  itemprop=\"thumbnailUrl\" srcset=\"https:\/\/radiorevelacionfm.cl\/wp-content\/uploads\/2024\/05\/incubadora-1-1-1.jpg 1067w, https:\/\/radiorevelacionfm.cl\/wp-content\/uploads\/2024\/05\/incubadora-1-1-1-300x169.jpg 300w, https:\/\/radiorevelacionfm.cl\/wp-content\/uploads\/2024\/05\/incubadora-1-1-1-1030x579.jpg 1030w, https:\/\/radiorevelacionfm.cl\/wp-content\/uploads\/2024\/05\/incubadora-1-1-1-768x432.jpg 768w, https:\/\/radiorevelacionfm.cl\/wp-content\/uploads\/2024\/05\/incubadora-1-1-1-705x396.jpg 705w, https:\/\/radiorevelacionfm.cl\/wp-content\/uploads\/2024\/05\/incubadora-1-1-1-450x253.jpg 450w, https:\/\/radiorevelacionfm.cl\/wp-content\/uploads\/2024\/05\/incubadora-1-1-1-600x337.jpg 600w\" sizes=\"(max-width: 1067px) 100vw, 1067px\" \/><\/div><\/div><\/div><\/div><div class=\"flex_column av_one_full  flex_column_div av-zero-column-padding first  avia-builder-el-2  el_after_av_one_full  el_before_av_one_full  column-top-margin\" style='border-radius:0px; '><section class=\"av_textblock_section \"  itemscope=\"itemscope\" itemtype=\"https:\/\/schema.org\/BlogPosting\" itemprop=\"blogPost\" ><div class='avia_textblock  '   itemprop=\"text\" ><p style=\"text-align: center;\"><strong><span style=\"font-size: 18pt;\">En sus primeras clases la Incubadora Regional de Negocios recibe positiva evaluaci\u00f3n de los emprendedores\/as<\/span><\/strong><\/p>\n<div id=\"gtx-trans\" style=\"position: absolute; left: -50px; top: 4.31534px;\">\n<div class=\"gtx-trans-icon\"><\/div>\n<\/div>\n<\/div><\/section><\/div><\/p>\n<div class=\"flex_column av_one_full  flex_column_div av-zero-column-padding first  avia-builder-el-4  el_after_av_one_full  el_before_av_hr  column-top-margin\" style='border-radius:0px; '><section class=\"av_textblock_section \"  itemscope=\"itemscope\" itemtype=\"https:\/\/schema.org\/BlogPosting\" itemprop=\"blogPost\" ><div class='avia_textblock  '   itemprop=\"text\" ><p style=\"text-align: justify;\"><em>La apuesta de Geogama que cuenta con apoyo de Corfo ha sido muy bien recibida por la comunidad. De hecho, los cupos para este a\u00f1o ya est\u00e1n cerrados y quienes quieran ser parte de la nueva etapa, deben esperar el 2025.<\/em><\/p>\n<p style=\"text-align: justify;\">Un gran inter\u00e9s ha concitado la Incubadora Regional de Negocios, que Geogama junto a la Corfo han llevado adelante en este segundo a\u00f1o de funcionamiento, a trav\u00e9s de la academia de Ecoterr\u00e1neo Patagonia Cowork.<\/p>\n<p style=\"text-align: justify;\">Ya en su segundo mes de trabajo y con clases presenciales en Puerto Ays\u00e9n, Coyhaique, Puerto Cisnes y para el resto de la regi\u00f3n v\u00eda plataformas virtuales, se han compartido importantes insumos para ir conociendo y potenciando los emprendimientos.<\/p>\n<p style=\"text-align: justify;\">Las clases cada vez son m\u00e1s interactivas y donde los protagonistas son las y los incubados, todos muy participativos, con ansias de seguir aprendiendo y valorando el beneficio que obtienen al ser parte de esta instancia.<\/p>\n<p style=\"text-align: justify;\">\u201cMi experiencia ha sido fenomenal, ya que he aprendido mucho de lo que me han ense\u00f1ado, los profesores y lo recomiendo para pr\u00f3ximos a\u00f1os. Esto es algo muy necesario, yo he aprendido mucho en las clases que he tenido\u201d, coment\u00f3 Francisco Benavides.<\/p>\n<p style=\"text-align: justify;\">Macarena Garc\u00eda, destac\u00f3 tambi\u00e9n que, \u201cla experiencia en este lugar ha sido muy entretenida, did\u00e1ctica, muy enriquecedora, ya que, nos han explicado muchos temas que tenemos que conocer, que tenemos que indagar, que nos ayudan con nuestro emprendimiento, con nuestra idea. Para m\u00ed todo esto ha sido muy provechoso\u201d.<\/p>\n<p style=\"text-align: justify;\">Gustavo Barr\u00eda, otro emprendedor que valid\u00f3 el trabajo que est\u00e1 desarrollando la incubadora de negocios, quiso \u201cagradecer a Ecoterr\u00e1neo por esta oportunidad, lo que espero es, seguir formando redes, aprender de los distintos emprendedores y emprendedoras que hay ac\u00e1. La idea es poder fomentar y fortalecer el trabajo en comunicaciones, que vengo realizando hace alg\u00fan tiempo\u201d.<\/p>\n<p style=\"text-align: justify;\">Result\u00f3 tan exitosa la convocatoria que pudo efectuar en un inicio la Incubadora Regional de Negocios, que fueron 180 los emprendedores que lograron ingresar en una primera etapa, pronto se llevar\u00e1 a cabo un nuevo proceso de selecci\u00f3n. Por ello, quienes deseen ser parte de esta alternativa dirigida a emprendedores y emprendedoras, deben pensar en el proceso de inscripci\u00f3n y selecci\u00f3n del a\u00f1o 2025.<\/p>\n<\/div><\/section><\/div>\n<div  style='height:50px' class='hr hr-invisible   avia-builder-el-6  el_after_av_one_full  el_before_av_social_share '><span class='hr-inner ' ><span class='hr-inner-style'><\/span><\/span><\/div>\n<div  class='av-social-sharing-box  avia-builder-el-7  el_after_av_hr  el_before_av_hr  '><div class='av-share-box'><h5 class='av-share-link-description av-no-toc '>Compartir esta noticia<\/h5><ul class='av-share-box-list noLightbox'><li class='av-share-link av-social-link-facebook' ><a target=\"_blank\" aria-label=\"Compartir en Facebook\" href='https:\/\/www.facebook.com\/sharer.php?u=https:\/\/radiorevelacionfm.cl\/?p=42447&#038;t=En%20sus%20primeras%20clases%20la%20Incubadora%20Regional%20de%20Negocios%20recibe%20positiva%20evaluaci%C3%B3n%20de%20los%20emprendedores%2Fas' aria-hidden='false' data-av_icon='\ue8f3' data-av_iconfont='entypo-fontello' title='' data-avia-related-tooltip='Compartir en Facebook' rel=\"noopener\"><span class='avia_hidden_link_text'>Compartir en Facebook<\/span><\/a><\/li><li class='av-share-link av-social-link-twitter' ><a target=\"_blank\" aria-label=\"Compartir en Twitter\" href='https:\/\/twitter.com\/share?text=En%20sus%20primeras%20clases%20la%20Incubadora%20Regional%20de%20Negocios%20recibe%20positiva%20evaluaci%C3%B3n%20de%20los%20emprendedores%2Fas&#038;url=https:\/\/radiorevelacionfm.cl\/?p=42447' aria-hidden='false' data-av_icon='\ue8f1' data-av_iconfont='entypo-fontello' title='' data-avia-related-tooltip='Compartir en Twitter' rel=\"noopener\"><span class='avia_hidden_link_text'>Compartir en Twitter<\/span><\/a><\/li><li class='av-share-link av-social-link-whatsapp' ><a target=\"_blank\" aria-label=\"Compartir en Whatsapp\" href='https:\/\/api.whatsapp.com\/send?text=https:\/\/radiorevelacionfm.cl\/?p=42447' aria-hidden='false' data-av_icon='\uf232' data-av_iconfont='entypo-fontello' title='' data-avia-related-tooltip='Compartir en Whatsapp' rel=\"noopener\"><span class='avia_hidden_link_text'>Compartir en Whatsapp<\/span><\/a><\/li><li class='av-share-link av-social-link-linkedin' ><a target=\"_blank\" aria-label=\"Compartir en LinkedIn\" href='https:\/\/linkedin.com\/shareArticle?mini=true&#038;title=En%20sus%20primeras%20clases%20la%20Incubadora%20Regional%20de%20Negocios%20recibe%20positiva%20evaluaci%C3%B3n%20de%20los%20emprendedores%2Fas&#038;url=https:\/\/radiorevelacionfm.cl\/?p=42447' aria-hidden='false' data-av_icon='\ue8fc' data-av_iconfont='entypo-fontello' title='' data-avia-related-tooltip='Compartir en LinkedIn' rel=\"noopener\"><span class='avia_hidden_link_text'>Compartir en LinkedIn<\/span><\/a><\/li><li class='av-share-link av-social-link-mail' ><a  aria-label=\"Compartir por correo\" href='mailto:?subject=En%20sus%20primeras%20clases%20la%20Incubadora%20Regional%20de%20Negocios%20recibe%20positiva%20evaluaci%C3%B3n%20de%20los%20emprendedores%2Fas&#038;body=https:\/\/radiorevelacionfm.cl\/?p=42447' aria-hidden='false' data-av_icon='\ue805' data-av_iconfont='entypo-fontello' title='' data-avia-related-tooltip='Compartir por correo'><span class='avia_hidden_link_text'>Compartir por correo<\/span><\/a><\/li><\/ul><\/div><\/div>\n<div  style='height:50px' class='hr hr-invisible   avia-builder-el-8  el_after_av_social_share  el_before_av_comments_list '><span class='hr-inner ' ><span class='hr-inner-style'><\/span><\/span><\/div>\n<div  class='av-buildercomment  av-blog-meta-html-info-disabled av-blog-meta-tag-disabled  '><\/div>\n","protected":false},"excerpt":{"rendered":"","protected":false},"author":1,"featured_media":42455,"comment_status":"open","ping_status":"open","sticky":false,"template":"","format":"standard","meta":{"footnotes":""},"categories":[38],"tags":[],"class_list":["post-42447","post","type-post","status-publish","format-standard","has-post-thumbnail","hentry","category-regional"],"jetpack_featured_media_url":"https:\/\/radiorevelacionfm.cl\/wp-content\/uploads\/2024\/05\/incubadora-1-1-1.jpg","_links":{"self":[{"href":"https:\/\/radiorevelacionfm.cl\/index.php?rest_route=\/wp\/v2\/posts\/42447","targetHints":{"allow":["GET"]}}],"collection":[{"href":"https:\/\/radiorevelacionfm.cl\/index.php?rest_route=\/wp\/v2\/posts"}],"about":[{"href":"https:\/\/radiorevelacionfm.cl\/index.php?rest_route=\/wp\/v2\/types\/post"}],"author":[{"embeddable":true,"href":"https:\/\/radiorevelacionfm.cl\/index.php?rest_route=\/wp\/v2\/users\/1"}],"replies":[{"embeddable":true,"href":"https:\/\/radiorevelacionfm.cl\/index.php?rest_route=%2Fwp%2Fv2%2Fcomments&post=42447"}],"version-history":[{"count":2,"href":"https:\/\/radiorevelacionfm.cl\/index.php?rest_route=\/wp\/v2\/posts\/42447\/revisions"}],"predecessor-version":[{"id":42456,"href":"https:\/\/radiorevelacionfm.cl\/index.php?rest_route=\/wp\/v2\/posts\/42447\/revisions\/42456"}],"wp:featuredmedia":[{"embeddable":true,"href":"https:\/\/radiorevelacionfm.cl\/index.php?rest_route=\/wp\/v2\/media\/42455"}],"wp:attachment":[{"href":"https:\/\/radiorevelacionfm.cl\/index.php?rest_route=%2Fwp%2Fv2%2Fmedia&parent=42447"}],"wp:term":[{"taxonomy":"category","embeddable":true,"href":"https:\/\/radiorevelacionfm.cl\/index.php?rest_route=%2Fwp%2Fv2%2Fcategories&post=42447"},{"taxonomy":"post_tag","embeddable":true,"href":"https:\/\/radiorevelacionfm.cl\/index.php?rest_route=%2Fwp%2Fv2%2Ftags&post=42447"}],"curies":[{"name":"wp","href":"https:\/\/api.w.org\/{rel}","templated":true}]}}