{"id":42444,"date":"2024-05-24T11:48:48","date_gmt":"2024-05-24T14:48:48","guid":{"rendered":"https:\/\/radiorevelacionfm.cl\/?p=42444"},"modified":"2024-05-24T11:48:48","modified_gmt":"2024-05-24T14:48:48","slug":"dia-de-los-patrimonios-corte-de-coyhaique-invita-a-la-comunidad-a-exposicion-fotografica-de-pioneros-y-colonos","status":"publish","type":"post","link":"https:\/\/radiorevelacionfm.cl\/?p=42444","title":{"rendered":"D\u00eda de los Patrimonios: Corte de Coyhaique invita a la comunidad a exposici\u00f3n fotogr\u00e1fica de pioneros y colonos"},"content":{"rendered":"<div class=\"flex_column av_one_full  flex_column_div av-zero-column-padding first  avia-builder-el-0  el_before_av_one_full  avia-builder-el-first  \" style='border-radius:0px; '><div  class='avia-image-container  av-styling-    avia-builder-el-1  avia-builder-el-no-sibling  avia-align-center '  itemprop=\"image\" itemscope=\"itemscope\" itemtype=\"https:\/\/schema.org\/ImageObject\"  ><div class='avia-image-container-inner'><div class='avia-image-overlay-wrap'><img decoding=\"async\" class='wp-image-42445 avia-img-lazy-loading-not-42445 avia_image' src=\"https:\/\/radiorevelacionfm.cl\/wp-content\/uploads\/2024\/05\/foto-seremi-cultura-y-presidente-1_optimized.jpg\" alt='' title='foto-seremi-cultura-y-presidente-(1)_optimized' height=\"600\" width=\"900\"  itemprop=\"thumbnailUrl\" srcset=\"https:\/\/radiorevelacionfm.cl\/wp-content\/uploads\/2024\/05\/foto-seremi-cultura-y-presidente-1_optimized.jpg 900w, https:\/\/radiorevelacionfm.cl\/wp-content\/uploads\/2024\/05\/foto-seremi-cultura-y-presidente-1_optimized-300x200.jpg 300w, https:\/\/radiorevelacionfm.cl\/wp-content\/uploads\/2024\/05\/foto-seremi-cultura-y-presidente-1_optimized-768x512.jpg 768w, https:\/\/radiorevelacionfm.cl\/wp-content\/uploads\/2024\/05\/foto-seremi-cultura-y-presidente-1_optimized-705x470.jpg 705w, https:\/\/radiorevelacionfm.cl\/wp-content\/uploads\/2024\/05\/foto-seremi-cultura-y-presidente-1_optimized-450x300.jpg 450w, https:\/\/radiorevelacionfm.cl\/wp-content\/uploads\/2024\/05\/foto-seremi-cultura-y-presidente-1_optimized-600x400.jpg 600w\" sizes=\"(max-width: 900px) 100vw, 900px\" \/><\/div><\/div><\/div><\/div><div class=\"flex_column av_one_full  flex_column_div av-zero-column-padding first  avia-builder-el-2  el_after_av_one_full  el_before_av_one_full  column-top-margin\" style='border-radius:0px; '><section class=\"av_textblock_section \"  itemscope=\"itemscope\" itemtype=\"https:\/\/schema.org\/BlogPosting\" itemprop=\"blogPost\" ><div class='avia_textblock  '   itemprop=\"text\" ><p style=\"text-align: center;\"><span style=\"font-size: 18pt;\"><b>D\u00eda de los Patrimonios: Corte de Coyhaique invita a la comunidad a exposici\u00f3n fotogr\u00e1fica de pioneros y colonos<\/b><\/span><\/p>\n<div id=\"gtx-trans\" style=\"position: absolute; left: -50px; top: 4.31534px;\">\n<div class=\"gtx-trans-icon\"><\/div>\n<\/div>\n<\/div><\/section><\/div><div class=\"flex_column av_one_full  flex_column_div av-zero-column-padding first  avia-builder-el-4  el_after_av_one_full  el_before_av_hr  column-top-margin\" style='border-radius:0px; '><section class=\"av_textblock_section \"  itemscope=\"itemscope\" itemtype=\"https:\/\/schema.org\/BlogPosting\" itemprop=\"blogPost\" ><div class='avia_textblock  '   itemprop=\"text\" ><p class=\"v1MsoNormal\" style=\"text-align: justify;\">Este s\u00e1bado 25 de mayo, la Corte de Apelaciones de la ciudad se sumar\u00e1 a la conmemoraci\u00f3n del \u00abD\u00eda de los Patrimonios\u00bb. Instancia en la que la comunidad podr\u00e1 visitar la exposici\u00f3n: \u00abCoyhaique del Siglo XX\u00bb, recorrer el inmueble y conocer un entretenido material audiovisual de car\u00e1cter educativo.<\/p>\n<p class=\"v1MsoNormal\" style=\"text-align: justify;\">En este sentido, el presidente del tribunal de alzada, ministro Luis Aedo Mora, indic\u00f3 que \u00abeste 25 de mayo del presente a\u00f1o, entre las 9:00 y 14:00 horas, la Corte abre sus puertas a la comunidad y la abre con un prop\u00f3sito bien genuino, que es participar del D\u00eda del Patrimonio, a fin de que conozcan\u00a0 nuestro edificio, nuestras dependencias, y los lugares donde desempe\u00f1amos nuestra tarea a diaria\u00bb.<\/p>\n<p class=\"v1MsoNormal\" style=\"text-align: justify;\">\u00abAsimismo, queremos difundir una muestra cultural fotogr\u00e1fica relativa al poblamiento de los primeros colonos en nuestra regi\u00f3n. Obra que gentilmente nos proporcion\u00f3 el Museo Regional y que es de autor\u00eda de Patricia Carrasco Urrutia\u00bb, sostuvo.<\/p>\n<p class=\"v1MsoNormal\" style=\"text-align: justify;\"><b>Entrega expedientes del Teniente Hern\u00e1n Merino Correa<\/b><\/p>\n<p class=\"v1MsoNormal\" style=\"text-align: justify;\">En este contexto, la Corte de Apelaciones de Coyhaique har\u00e1 entrega al Museo Regional de Ays\u00e9n de una copia digitalizada de los expedientes con la posesi\u00f3n efectiva del Teniente Hern\u00e1n Merino Correa, y el archivo digitalizado de la investigaci\u00f3n de su fallecimiento. Asimismo, se dejar\u00e1 una copia de un documental con entrevistas de quienes conocieron al uniformado en aquellos a\u00f1os en la zona de Villa O`Higgins.<\/p>\n<p class=\"v1MsoNormal\" style=\"text-align: justify;\"><b>Visitas guiadas<\/b><\/p>\n<p class=\"v1MsoNormal\" style=\"text-align: justify;\">En el D\u00eda de los Patrimonios la Corte de Apelaciones de Coyhaique en el contexto de su pol\u00edtica de apertura y vinculaci\u00f3n con la comunidad ofrecer\u00e1 a los visitantes recorridos guiados por el tribunal de alzada. Accediendo a diversos espacios de trabajo como oficinas, sala de alegatos y biblioteca.<\/p>\n<p class=\"v1MsoNormal\" style=\"text-align: justify;\">Asimismo, se expondr\u00e1n diversos videos ilustrativos respecto a la historia del Poder Judicial chileno; su estructura, explicaci\u00f3n de los tipos de materia que tratan los tribunales; cu\u00e1les son los poderes del Estado, documental con la historia de la Corte de Apelaciones de Coyhaique y documental sobre itinerancia en la zona sur de Ays\u00e9n.<\/p>\n<\/div><\/section><\/div><div  style='height:50px' class='hr hr-invisible   avia-builder-el-6  el_after_av_one_full  el_before_av_social_share '><span class='hr-inner ' ><span class='hr-inner-style'><\/span><\/span><\/div><\/p>\n<div  class='av-social-sharing-box  avia-builder-el-7  el_after_av_hr  el_before_av_hr  '><div class='av-share-box'><h5 class='av-share-link-description av-no-toc '>Compartir esta noticia<\/h5><ul class='av-share-box-list noLightbox'><li class='av-share-link av-social-link-facebook' ><a target=\"_blank\" aria-label=\"Compartir en Facebook\" href='https:\/\/www.facebook.com\/sharer.php?u=https:\/\/radiorevelacionfm.cl\/?p=42444&#038;t=D%C3%ADa%20de%20los%20Patrimonios%3A%20Corte%20de%20Coyhaique%20invita%20a%20la%20comunidad%20a%20exposici%C3%B3n%20fotogr%C3%A1fica%20de%20pioneros%20y%20colonos' aria-hidden='false' data-av_icon='\ue8f3' data-av_iconfont='entypo-fontello' title='' data-avia-related-tooltip='Compartir en Facebook' rel=\"noopener\"><span class='avia_hidden_link_text'>Compartir en Facebook<\/span><\/a><\/li><li class='av-share-link av-social-link-twitter' ><a target=\"_blank\" aria-label=\"Compartir en Twitter\" href='https:\/\/twitter.com\/share?text=D%C3%ADa%20de%20los%20Patrimonios%3A%20Corte%20de%20Coyhaique%20invita%20a%20la%20comunidad%20a%20exposici%C3%B3n%20fotogr%C3%A1fica%20de%20pioneros%20y%20colonos&#038;url=https:\/\/radiorevelacionfm.cl\/?p=42444' aria-hidden='false' data-av_icon='\ue8f1' data-av_iconfont='entypo-fontello' title='' data-avia-related-tooltip='Compartir en Twitter' rel=\"noopener\"><span class='avia_hidden_link_text'>Compartir en Twitter<\/span><\/a><\/li><li class='av-share-link av-social-link-whatsapp' ><a target=\"_blank\" aria-label=\"Compartir en Whatsapp\" href='https:\/\/api.whatsapp.com\/send?text=https:\/\/radiorevelacionfm.cl\/?p=42444' aria-hidden='false' data-av_icon='\uf232' data-av_iconfont='entypo-fontello' title='' data-avia-related-tooltip='Compartir en Whatsapp' rel=\"noopener\"><span class='avia_hidden_link_text'>Compartir en Whatsapp<\/span><\/a><\/li><li class='av-share-link av-social-link-linkedin' ><a target=\"_blank\" aria-label=\"Compartir en LinkedIn\" href='https:\/\/linkedin.com\/shareArticle?mini=true&#038;title=D%C3%ADa%20de%20los%20Patrimonios%3A%20Corte%20de%20Coyhaique%20invita%20a%20la%20comunidad%20a%20exposici%C3%B3n%20fotogr%C3%A1fica%20de%20pioneros%20y%20colonos&#038;url=https:\/\/radiorevelacionfm.cl\/?p=42444' aria-hidden='false' data-av_icon='\ue8fc' data-av_iconfont='entypo-fontello' title='' data-avia-related-tooltip='Compartir en LinkedIn' rel=\"noopener\"><span class='avia_hidden_link_text'>Compartir en LinkedIn<\/span><\/a><\/li><li class='av-share-link av-social-link-mail' ><a  aria-label=\"Compartir por correo\" href='mailto:?subject=D%C3%ADa%20de%20los%20Patrimonios%3A%20Corte%20de%20Coyhaique%20invita%20a%20la%20comunidad%20a%20exposici%C3%B3n%20fotogr%C3%A1fica%20de%20pioneros%20y%20colonos&#038;body=https:\/\/radiorevelacionfm.cl\/?p=42444' aria-hidden='false' data-av_icon='\ue805' data-av_iconfont='entypo-fontello' title='' data-avia-related-tooltip='Compartir por correo'><span class='avia_hidden_link_text'>Compartir por correo<\/span><\/a><\/li><\/ul><\/div><\/div>\n<div  style='height:50px' class='hr hr-invisible   avia-builder-el-8  el_after_av_social_share  el_before_av_comments_list '><span class='hr-inner ' ><span class='hr-inner-style'><\/span><\/span><\/div>\n<div  class='av-buildercomment  av-blog-meta-html-info-disabled av-blog-meta-tag-disabled  '><\/div>\n","protected":false},"excerpt":{"rendered":"","protected":false},"author":1,"featured_media":42445,"comment_status":"open","ping_status":"open","sticky":false,"template":"","format":"standard","meta":{"footnotes":""},"categories":[55],"tags":[],"class_list":["post-42444","post","type-post","status-publish","format-standard","has-post-thumbnail","hentry","category-justicia"],"jetpack_featured_media_url":"https:\/\/radiorevelacionfm.cl\/wp-content\/uploads\/2024\/05\/foto-seremi-cultura-y-presidente-1_optimized.jpg","_links":{"self":[{"href":"https:\/\/radiorevelacionfm.cl\/index.php?rest_route=\/wp\/v2\/posts\/42444","targetHints":{"allow":["GET"]}}],"collection":[{"href":"https:\/\/radiorevelacionfm.cl\/index.php?rest_route=\/wp\/v2\/posts"}],"about":[{"href":"https:\/\/radiorevelacionfm.cl\/index.php?rest_route=\/wp\/v2\/types\/post"}],"author":[{"embeddable":true,"href":"https:\/\/radiorevelacionfm.cl\/index.php?rest_route=\/wp\/v2\/users\/1"}],"replies":[{"embeddable":true,"href":"https:\/\/radiorevelacionfm.cl\/index.php?rest_route=%2Fwp%2Fv2%2Fcomments&post=42444"}],"version-history":[{"count":1,"href":"https:\/\/radiorevelacionfm.cl\/index.php?rest_route=\/wp\/v2\/posts\/42444\/revisions"}],"predecessor-version":[{"id":42446,"href":"https:\/\/radiorevelacionfm.cl\/index.php?rest_route=\/wp\/v2\/posts\/42444\/revisions\/42446"}],"wp:featuredmedia":[{"embeddable":true,"href":"https:\/\/radiorevelacionfm.cl\/index.php?rest_route=\/wp\/v2\/media\/42445"}],"wp:attachment":[{"href":"https:\/\/radiorevelacionfm.cl\/index.php?rest_route=%2Fwp%2Fv2%2Fmedia&parent=42444"}],"wp:term":[{"taxonomy":"category","embeddable":true,"href":"https:\/\/radiorevelacionfm.cl\/index.php?rest_route=%2Fwp%2Fv2%2Fcategories&post=42444"},{"taxonomy":"post_tag","embeddable":true,"href":"https:\/\/radiorevelacionfm.cl\/index.php?rest_route=%2Fwp%2Fv2%2Ftags&post=42444"}],"curies":[{"name":"wp","href":"https:\/\/api.w.org\/{rel}","templated":true}]}}