{"id":42438,"date":"2024-05-23T15:45:29","date_gmt":"2024-05-23T18:45:29","guid":{"rendered":"https:\/\/radiorevelacionfm.cl\/?p=42438"},"modified":"2024-05-23T15:45:29","modified_gmt":"2024-05-23T18:45:29","slug":"estrenan-documental-que-muestra-la-experiencia-de-nina-de-villa-ohiggins-que-viajo-a-la-nasa","status":"publish","type":"post","link":"https:\/\/radiorevelacionfm.cl\/?p=42438","title":{"rendered":"Estrenan documental que muestra la experiencia de ni\u00f1a de Villa O\u00b4Higgins que viaj\u00f3 a la NASA"},"content":{"rendered":"<div class=\"flex_column av_one_full  flex_column_div av-zero-column-padding first  avia-builder-el-0  el_before_av_one_full  avia-builder-el-first  \" style='border-radius:0px; '><div  class='avia-image-container  av-styling-    avia-builder-el-1  avia-builder-el-no-sibling  avia-align-center '  itemprop=\"image\" itemscope=\"itemscope\" itemtype=\"https:\/\/schema.org\/ImageObject\"  ><div class='avia-image-container-inner'><div class='avia-image-overlay-wrap'><img decoding=\"async\" class='wp-image-39318 avia-img-lazy-loading-not-39318 avia_image' src=\"https:\/\/radiorevelacionfm.cl\/wp-content\/uploads\/2024\/01\/Foto-1-37-1-1.jpeg\" alt='' title='Foto 1 (37) (1) (1)' height=\"720\" width=\"801\"  itemprop=\"thumbnailUrl\" srcset=\"https:\/\/radiorevelacionfm.cl\/wp-content\/uploads\/2024\/01\/Foto-1-37-1-1.jpeg 801w, https:\/\/radiorevelacionfm.cl\/wp-content\/uploads\/2024\/01\/Foto-1-37-1-1-300x270.jpeg 300w, https:\/\/radiorevelacionfm.cl\/wp-content\/uploads\/2024\/01\/Foto-1-37-1-1-768x690.jpeg 768w, https:\/\/radiorevelacionfm.cl\/wp-content\/uploads\/2024\/01\/Foto-1-37-1-1-705x634.jpeg 705w, https:\/\/radiorevelacionfm.cl\/wp-content\/uploads\/2024\/01\/Foto-1-37-1-1-450x404.jpeg 450w, https:\/\/radiorevelacionfm.cl\/wp-content\/uploads\/2024\/01\/Foto-1-37-1-1-600x539.jpeg 600w\" sizes=\"(max-width: 801px) 100vw, 801px\" \/><\/div><\/div><\/div><\/div><div class=\"flex_column av_one_full  flex_column_div av-zero-column-padding first  avia-builder-el-2  el_after_av_one_full  el_before_av_one_full  column-top-margin\" style='border-radius:0px; '><section class=\"av_textblock_section \"  itemscope=\"itemscope\" itemtype=\"https:\/\/schema.org\/BlogPosting\" itemprop=\"blogPost\" ><div class='avia_textblock  '   itemprop=\"text\" ><p style=\"text-align: center;\"><span style=\"font-size: 18pt;\"><strong>Estrenan documental que muestra la experiencia de ni\u00f1a de Villa O\u00b4Higgins que viaj\u00f3 a la NASA<\/strong><\/span><\/p>\n<div id=\"gtx-trans\" style=\"position: absolute; left: -50px; top: 4.31534px;\">\n<div class=\"gtx-trans-icon\"><\/div>\n<\/div>\n<\/div><\/section><\/div><\/p>\n<div class=\"flex_column av_one_full  flex_column_div av-zero-column-padding first  avia-builder-el-4  el_after_av_one_full  el_before_av_hr  column-top-margin\" style='border-radius:0px; '><section class=\"av_textblock_section \"  itemscope=\"itemscope\" itemtype=\"https:\/\/schema.org\/BlogPosting\" itemprop=\"blogPost\" ><div class='avia_textblock  '   itemprop=\"text\" ><p style=\"text-align: justify;\"><em>Emilia Mart\u00ednez visit\u00f3 en enero de 2024 el Centro Espacial Kennedy premiada por su buena asistencia a la educaci\u00f3n parvularia. El registro de la experiencia est\u00e1 disponible para\u00a0todo\u00a0p\u00fablico en el canal de YouTube de Fundaci\u00f3n Educacional Oportunidad, que organiz\u00f3 la campa\u00f1a y concurso Haz que Despeguen.<\/em><\/p>\n<p style=\"text-align: justify;\">Un viaje de ensue\u00f1o fue el que vivi\u00f3 en enero de 2024 y hoy el registro de esta aventura est\u00e1 disponible para todo el mundo. Esto porque Fundaci\u00f3n Educacional Oportunidad estren\u00f3 el documental que muestra la experiencia en la NASA de Emilia Mart\u00ednez de Villa O\u00b4Higgins (regi\u00f3n de Ays\u00e9n), quien fue una de los 16 ganadores del concurso \u201cHaz que Despeguen\u201d en 2023, gracias a su buena asistencia a la educaci\u00f3n parvularia.<\/p>\n<p style=\"text-align: justify;\">El registro audiovisual da cuenta del recorrido por las instalaciones del Centro Espacial Kennedy en Estados Unidos donde, junto a su pap\u00e1, disfrut\u00f3 de este moderno complejo con instalaciones de \u00faltima generaci\u00f3n, donde conocieron el transbordador Atlantis, pudieron subir a un simulador espacial e incluso conversar con un astronauta, quien les cont\u00f3 sobre sus experiencias en el espacio.<\/p>\n<p style=\"text-align: justify;\">Este micro documental ya est\u00e1 disponible en el canal de YouTube de Fundaci\u00f3n Educacional Oportunidad (<a href=\"https:\/\/youtu.be\/JFHwzvqI4HI?si=0jQkaCq3EU-NcpDV\">https:\/\/youtu.be\/JFHwzvqI4HI?si=0jQkaCq3EU-NcpDV<\/a>)<\/p>\n<p style=\"text-align: justify;\">Yoselin Gacit\u00faa, mam\u00e1 de Emilia Mart\u00ednez, ganadora del concurso Haz que Despeguen en la regi\u00f3n de Ays\u00e9n, coment\u00f3 \u201cmi hija fue al viaje junto a su pap\u00e1 y al ver el documental me emocion\u00e9. Sent\u00ed mucha alegr\u00eda al verlos en las im\u00e1genes disfrutar de momentos inolvidables y lugares maravillosos, pero tambi\u00e9n me hizo pensar que todo lo que vivi\u00f3 Emilia, fue gracias a su asistencia a clases y a la fundaci\u00f3n. Esta experiencia quedar\u00e1 en nuestra historia familiar\u201d, dijo.<\/p>\n<p style=\"text-align: justify;\"><strong>PARTICIPA EN LA SEGUNDA VERSI\u00d3N<\/strong><\/p>\n<p style=\"text-align: justify;\">Este a\u00f1o el concurso \u201cHaz que Despeguen\u201d se realiza de manera consecutiva y ya tiene m\u00e1s de 10 mil inscritos. La directora ejecutiva de Fundaci\u00f3n Educacional Oportunidad, Marcela Marzolo, se\u00f1al\u00f3 que \u201cesperamos que este documental inspire a muchas otras familias para que lleven todos los d\u00edas a las ni\u00f1as y ni\u00f1os al jard\u00edn y a la escuela, ya que esto puede marcar la diferencia en su trayectoria educativa. Adem\u00e1s, es un sue\u00f1o incre\u00edble que est\u00e1 al alcance de la mano y el primer paso es inscribirlos en <a href=\"http:\/\/www.hazquedespeguen.cl\">www.hazquedespeguen.cl<\/a>\u201d<\/p>\n<p style=\"text-align: justify;\">En el concurso pueden participar ni\u00f1as y ni\u00f1os matriculados en los niveles medio menor, medio mayor, prek\u00ednder y k\u00ednder que asistan a establecimientos p\u00fablicos o particulares subvencionados. El plazo de inscripci\u00f3n es hasta el 30 de junio de 2024 a las 23:59 horas.<\/p>\n<p style=\"text-align: justify;\">En esta nueva versi\u00f3n, la campa\u00f1a \u201cHaz que Despeguen\u201d incorpor\u00f3 un premio para los 16 establecimientos -uno por cada regi\u00f3n- que tengan el mayor n\u00famero de ni\u00f1as y ni\u00f1os inscritos en <a href=\"http:\/\/www.hazquedespeguen.cl\">www.hazquedespeguen.cl<\/a> El premio consiste en una biblioteca de aula, que incluye un librero y un set de libros para educaci\u00f3n parvularia.<\/p>\n<\/div><\/section><\/div>\n<div  style='height:50px' class='hr hr-invisible   avia-builder-el-6  el_after_av_one_full  el_before_av_social_share '><span class='hr-inner ' ><span class='hr-inner-style'><\/span><\/span><\/div>\n<div  class='av-social-sharing-box  avia-builder-el-7  el_after_av_hr  el_before_av_hr  '><div class='av-share-box'><h5 class='av-share-link-description av-no-toc '>Compartir esta noticia<\/h5><ul class='av-share-box-list noLightbox'><li class='av-share-link av-social-link-facebook' ><a target=\"_blank\" aria-label=\"Compartir en Facebook\" href='https:\/\/www.facebook.com\/sharer.php?u=https:\/\/radiorevelacionfm.cl\/?p=42438&#038;t=Estrenan%20documental%20que%20muestra%20la%20experiencia%20de%20ni%C3%B1a%20de%20Villa%20O%C2%B4Higgins%20que%20viaj%C3%B3%20a%20la%20NASA' aria-hidden='false' data-av_icon='\ue8f3' data-av_iconfont='entypo-fontello' title='' data-avia-related-tooltip='Compartir en Facebook' rel=\"noopener\"><span class='avia_hidden_link_text'>Compartir en Facebook<\/span><\/a><\/li><li class='av-share-link av-social-link-twitter' ><a target=\"_blank\" aria-label=\"Compartir en Twitter\" href='https:\/\/twitter.com\/share?text=Estrenan%20documental%20que%20muestra%20la%20experiencia%20de%20ni%C3%B1a%20de%20Villa%20O%C2%B4Higgins%20que%20viaj%C3%B3%20a%20la%20NASA&#038;url=https:\/\/radiorevelacionfm.cl\/?p=42438' aria-hidden='false' data-av_icon='\ue8f1' data-av_iconfont='entypo-fontello' title='' data-avia-related-tooltip='Compartir en Twitter' rel=\"noopener\"><span class='avia_hidden_link_text'>Compartir en Twitter<\/span><\/a><\/li><li class='av-share-link av-social-link-whatsapp' ><a target=\"_blank\" aria-label=\"Compartir en Whatsapp\" href='https:\/\/api.whatsapp.com\/send?text=https:\/\/radiorevelacionfm.cl\/?p=42438' aria-hidden='false' data-av_icon='\uf232' data-av_iconfont='entypo-fontello' title='' data-avia-related-tooltip='Compartir en Whatsapp' rel=\"noopener\"><span class='avia_hidden_link_text'>Compartir en Whatsapp<\/span><\/a><\/li><li class='av-share-link av-social-link-linkedin' ><a target=\"_blank\" aria-label=\"Compartir en LinkedIn\" href='https:\/\/linkedin.com\/shareArticle?mini=true&#038;title=Estrenan%20documental%20que%20muestra%20la%20experiencia%20de%20ni%C3%B1a%20de%20Villa%20O%C2%B4Higgins%20que%20viaj%C3%B3%20a%20la%20NASA&#038;url=https:\/\/radiorevelacionfm.cl\/?p=42438' aria-hidden='false' data-av_icon='\ue8fc' data-av_iconfont='entypo-fontello' title='' data-avia-related-tooltip='Compartir en LinkedIn' rel=\"noopener\"><span class='avia_hidden_link_text'>Compartir en LinkedIn<\/span><\/a><\/li><li class='av-share-link av-social-link-mail' ><a  aria-label=\"Compartir por correo\" href='mailto:?subject=Estrenan%20documental%20que%20muestra%20la%20experiencia%20de%20ni%C3%B1a%20de%20Villa%20O%C2%B4Higgins%20que%20viaj%C3%B3%20a%20la%20NASA&#038;body=https:\/\/radiorevelacionfm.cl\/?p=42438' aria-hidden='false' data-av_icon='\ue805' data-av_iconfont='entypo-fontello' title='' data-avia-related-tooltip='Compartir por correo'><span class='avia_hidden_link_text'>Compartir por correo<\/span><\/a><\/li><\/ul><\/div><\/div>\n<div  style='height:50px' class='hr hr-invisible   avia-builder-el-8  el_after_av_social_share  el_before_av_comments_list '><span class='hr-inner ' ><span class='hr-inner-style'><\/span><\/span><\/div>\n<div  class='av-buildercomment  av-blog-meta-html-info-disabled av-blog-meta-tag-disabled  '><\/div>\n","protected":false},"excerpt":{"rendered":"","protected":false},"author":1,"featured_media":39318,"comment_status":"open","ping_status":"open","sticky":false,"template":"","format":"standard","meta":{"footnotes":""},"categories":[38],"tags":[],"class_list":["post-42438","post","type-post","status-publish","format-standard","has-post-thumbnail","hentry","category-regional"],"jetpack_featured_media_url":"https:\/\/radiorevelacionfm.cl\/wp-content\/uploads\/2024\/01\/Foto-1-37-1-1.jpeg","_links":{"self":[{"href":"https:\/\/radiorevelacionfm.cl\/index.php?rest_route=\/wp\/v2\/posts\/42438","targetHints":{"allow":["GET"]}}],"collection":[{"href":"https:\/\/radiorevelacionfm.cl\/index.php?rest_route=\/wp\/v2\/posts"}],"about":[{"href":"https:\/\/radiorevelacionfm.cl\/index.php?rest_route=\/wp\/v2\/types\/post"}],"author":[{"embeddable":true,"href":"https:\/\/radiorevelacionfm.cl\/index.php?rest_route=\/wp\/v2\/users\/1"}],"replies":[{"embeddable":true,"href":"https:\/\/radiorevelacionfm.cl\/index.php?rest_route=%2Fwp%2Fv2%2Fcomments&post=42438"}],"version-history":[{"count":2,"href":"https:\/\/radiorevelacionfm.cl\/index.php?rest_route=\/wp\/v2\/posts\/42438\/revisions"}],"predecessor-version":[{"id":42440,"href":"https:\/\/radiorevelacionfm.cl\/index.php?rest_route=\/wp\/v2\/posts\/42438\/revisions\/42440"}],"wp:featuredmedia":[{"embeddable":true,"href":"https:\/\/radiorevelacionfm.cl\/index.php?rest_route=\/wp\/v2\/media\/39318"}],"wp:attachment":[{"href":"https:\/\/radiorevelacionfm.cl\/index.php?rest_route=%2Fwp%2Fv2%2Fmedia&parent=42438"}],"wp:term":[{"taxonomy":"category","embeddable":true,"href":"https:\/\/radiorevelacionfm.cl\/index.php?rest_route=%2Fwp%2Fv2%2Fcategories&post=42438"},{"taxonomy":"post_tag","embeddable":true,"href":"https:\/\/radiorevelacionfm.cl\/index.php?rest_route=%2Fwp%2Fv2%2Ftags&post=42438"}],"curies":[{"name":"wp","href":"https:\/\/api.w.org\/{rel}","templated":true}]}}