{"id":42435,"date":"2024-05-23T21:17:01","date_gmt":"2024-05-24T00:17:01","guid":{"rendered":"https:\/\/radiorevelacionfm.cl\/?p=42435"},"modified":"2024-05-23T21:17:01","modified_gmt":"2024-05-24T00:17:01","slug":"ley-corta-de-isapres-senadora-ordenes-destaco-que-la-ley-fortalezca-a-fonasa","status":"publish","type":"post","link":"https:\/\/radiorevelacionfm.cl\/?p=42435","title":{"rendered":"Ley corta de Isapres: Senadora \u00d3rdenes destac\u00f3 que la ley fortalezca a Fonasa"},"content":{"rendered":"<div class=\"flex_column av_one_full  flex_column_div av-zero-column-padding first  avia-builder-el-0  el_before_av_one_full  avia-builder-el-first  \" style='border-radius:0px; '><div  class='avia-image-container  av-styling-    avia-builder-el-1  avia-builder-el-no-sibling  avia-align-center '  itemprop=\"image\" itemscope=\"itemscope\" itemtype=\"https:\/\/schema.org\/ImageObject\"  ><div class='avia-image-container-inner'><div class='avia-image-overlay-wrap'><img decoding=\"async\" class='wp-image-42436 avia-img-lazy-loading-not-42436 avia_image' src=\"https:\/\/radiorevelacionfm.cl\/wp-content\/uploads\/2024\/05\/senadora-FOTO-2-1-1.jpeg\" alt='' title='senadora FOTO #2 (1) (1)' height=\"600\" width=\"900\"  itemprop=\"thumbnailUrl\" srcset=\"https:\/\/radiorevelacionfm.cl\/wp-content\/uploads\/2024\/05\/senadora-FOTO-2-1-1.jpeg 900w, https:\/\/radiorevelacionfm.cl\/wp-content\/uploads\/2024\/05\/senadora-FOTO-2-1-1-300x200.jpeg 300w, https:\/\/radiorevelacionfm.cl\/wp-content\/uploads\/2024\/05\/senadora-FOTO-2-1-1-768x512.jpeg 768w, https:\/\/radiorevelacionfm.cl\/wp-content\/uploads\/2024\/05\/senadora-FOTO-2-1-1-705x470.jpeg 705w, https:\/\/radiorevelacionfm.cl\/wp-content\/uploads\/2024\/05\/senadora-FOTO-2-1-1-450x300.jpeg 450w, https:\/\/radiorevelacionfm.cl\/wp-content\/uploads\/2024\/05\/senadora-FOTO-2-1-1-600x400.jpeg 600w\" sizes=\"(max-width: 900px) 100vw, 900px\" \/><\/div><\/div><\/div><\/div><div class=\"flex_column av_one_full  flex_column_div av-zero-column-padding first  avia-builder-el-2  el_after_av_one_full  el_before_av_one_full  column-top-margin\" style='border-radius:0px; '><section class=\"av_textblock_section \"  itemscope=\"itemscope\" itemtype=\"https:\/\/schema.org\/BlogPosting\" itemprop=\"blogPost\" ><div class='avia_textblock  '   itemprop=\"text\" ><p style=\"text-align: center;\"><strong><span style=\"font-size: 18pt;\">Ley corta de Isapres: Senadora \u00d3rdenes destac\u00f3 que la ley fortalezca a Fonasa<\/span><\/strong><\/p>\n<div id=\"gtx-trans\" style=\"position: absolute; left: -50px; top: 4.31534px;\">\n<div class=\"gtx-trans-icon\"><\/div>\n<\/div>\n<\/div><\/section><\/div><div class=\"flex_column av_one_full  flex_column_div av-zero-column-padding first  avia-builder-el-4  el_after_av_one_full  el_before_av_hr  column-top-margin\" style='border-radius:0px; '><section class=\"av_textblock_section \"  itemscope=\"itemscope\" itemtype=\"https:\/\/schema.org\/BlogPosting\" itemprop=\"blogPost\" ><div class='avia_textblock  '   itemprop=\"text\" ><p style=\"text-align: justify;\">La senadora por la regi\u00f3n de Ays\u00e9n, Ximena \u00d3rdenes Neira, se refiri\u00f3 a la recientemente despachada ley corta de Isapres. La parlamentaria se mostr\u00f3 positiva al plantear que el acuerdo alcanzado no solo permitir\u00e1 la implementaci\u00f3n del fallo de la Corte Suprema, sino que, al mismo tiempo, otorga mayores facultades a la Superintendencia de Salud y fortalece el Fonasa -Fondo Nacional de Salud-.<\/p>\n<p style=\"text-align: justify;\">\u201cLa conocida ley corta de Isapres estableci\u00f3 tres objetivos, uno de ellos es la implementaci\u00f3n del fallo de la Corte Suprema, que establece que se deben devolver los cobros excesivos a los usuarios\u201d, recapitul\u00f3 la senadora. \u201cPor otro lado, tambi\u00e9n se estableci\u00f3 otorgar mayores facultades a la Superintendencia de Salud, que es la encargada de implementar este fallo y lo que queremos destacar, es el fortalecimiento del Fonasa\u201d, sostuvo Ximena \u00d3rdenes.<\/p>\n<p style=\"text-align: justify;\">Actualmente existen dos modalidades\u00a0de atenci\u00f3n, la Modalidad de Atenci\u00f3n Institucional -MAI- y Modalidad de Libre Elecci\u00f3n -MLE-. Con la llamada ley corta de ISAPRES se suma una nueva, la Modalidad de Cobertura Complementaria -MCC-, que consiste en\u00a0la creaci\u00f3n de un seguro voluntario\u00a0y complementario\u00a0al que los afiliados\u00a0al Fonasa\u00a0podr\u00e1n optar\u00a0para ampliar su\u00a0cobertura\u00a0para atenci\u00f3n en salud en la red de prestadores privados.<\/p>\n<p style=\"text-align: justify;\">\u201cEl Fondo Nacional de Salud contar\u00e1, a partir de esta ley, con una tercera modalidad, conocida como la Modalidad de Cobertura Complementaria. Esta es una modalidad voluntaria, donde los afiliados a Fonasa, a trav\u00e9s de una prima o mejor dicho, de un seguro, podr\u00e1n acceder a las prestaciones en el sector privado\u201d, recalc\u00f3 la parlamentaria, explicando tambi\u00e9n que \u201cen esta Modalidad de Cobertura Complementaria, podr\u00e1n ingresar aquellas personas que est\u00e9n en el Fondo Nacional de Salud, que pertenezcan a los grupos B, C y D\u201d, concluyendo que \u201cse estima, de acuerdo al debate legislativo, que esta cobertura podr\u00eda cubrir hasta un 65% de la prestaci\u00f3n\u201d.<\/p>\n<p style=\"text-align: justify;\">Esta MCC es voluntaria y ser\u00e1 el beneficiario qui\u00e9n podr\u00e1 decidirse a pagar la prima adicional o continuar en la Modalidad de Libre Elecci\u00f3n -MLE-, pagando \u00fanicamente el 7% de cotizaci\u00f3n obligatoria, la cual habitualmente cubre un 50% del valor de las prestaciones en salud. Adem\u00e1s, esta nueva modalidad considera prestaciones en salud de car\u00e1cter ambulatorias y hospitalarias y podr\u00eda estar operativa durante el primer semestre de 2025.<\/p>\n<\/div><\/section><\/div><div  style='height:50px' class='hr hr-invisible   avia-builder-el-6  el_after_av_one_full  el_before_av_social_share '><span class='hr-inner ' ><span class='hr-inner-style'><\/span><\/span><\/div><\/p>\n<div  class='av-social-sharing-box  avia-builder-el-7  el_after_av_hr  el_before_av_hr  '><div class='av-share-box'><h5 class='av-share-link-description av-no-toc '>Compartir esta noticia<\/h5><ul class='av-share-box-list noLightbox'><li class='av-share-link av-social-link-facebook' ><a target=\"_blank\" aria-label=\"Compartir en Facebook\" href='https:\/\/www.facebook.com\/sharer.php?u=https:\/\/radiorevelacionfm.cl\/?p=42435&#038;t=Ley%20corta%20de%20Isapres%3A%20Senadora%20%C3%93rdenes%20destac%C3%B3%20que%20la%20ley%20fortalezca%20a%20Fonasa' aria-hidden='false' data-av_icon='\ue8f3' data-av_iconfont='entypo-fontello' title='' data-avia-related-tooltip='Compartir en Facebook' rel=\"noopener\"><span class='avia_hidden_link_text'>Compartir en Facebook<\/span><\/a><\/li><li class='av-share-link av-social-link-twitter' ><a target=\"_blank\" aria-label=\"Compartir en Twitter\" href='https:\/\/twitter.com\/share?text=Ley%20corta%20de%20Isapres%3A%20Senadora%20%C3%93rdenes%20destac%C3%B3%20que%20la%20ley%20fortalezca%20a%20Fonasa&#038;url=https:\/\/radiorevelacionfm.cl\/?p=42435' aria-hidden='false' data-av_icon='\ue8f1' data-av_iconfont='entypo-fontello' title='' data-avia-related-tooltip='Compartir en Twitter' rel=\"noopener\"><span class='avia_hidden_link_text'>Compartir en Twitter<\/span><\/a><\/li><li class='av-share-link av-social-link-whatsapp' ><a target=\"_blank\" aria-label=\"Compartir en Whatsapp\" href='https:\/\/api.whatsapp.com\/send?text=https:\/\/radiorevelacionfm.cl\/?p=42435' aria-hidden='false' data-av_icon='\uf232' data-av_iconfont='entypo-fontello' title='' data-avia-related-tooltip='Compartir en Whatsapp' rel=\"noopener\"><span class='avia_hidden_link_text'>Compartir en Whatsapp<\/span><\/a><\/li><li class='av-share-link av-social-link-linkedin' ><a target=\"_blank\" aria-label=\"Compartir en LinkedIn\" href='https:\/\/linkedin.com\/shareArticle?mini=true&#038;title=Ley%20corta%20de%20Isapres%3A%20Senadora%20%C3%93rdenes%20destac%C3%B3%20que%20la%20ley%20fortalezca%20a%20Fonasa&#038;url=https:\/\/radiorevelacionfm.cl\/?p=42435' aria-hidden='false' data-av_icon='\ue8fc' data-av_iconfont='entypo-fontello' title='' data-avia-related-tooltip='Compartir en LinkedIn' rel=\"noopener\"><span class='avia_hidden_link_text'>Compartir en LinkedIn<\/span><\/a><\/li><li class='av-share-link av-social-link-mail' ><a  aria-label=\"Compartir por correo\" href='mailto:?subject=Ley%20corta%20de%20Isapres%3A%20Senadora%20%C3%93rdenes%20destac%C3%B3%20que%20la%20ley%20fortalezca%20a%20Fonasa&#038;body=https:\/\/radiorevelacionfm.cl\/?p=42435' aria-hidden='false' data-av_icon='\ue805' data-av_iconfont='entypo-fontello' title='' data-avia-related-tooltip='Compartir por correo'><span class='avia_hidden_link_text'>Compartir por correo<\/span><\/a><\/li><\/ul><\/div><\/div>\n<div  style='height:50px' class='hr hr-invisible   avia-builder-el-8  el_after_av_social_share  el_before_av_comments_list '><span class='hr-inner ' ><span class='hr-inner-style'><\/span><\/span><\/div>\n<div  class='av-buildercomment  av-blog-meta-html-info-disabled av-blog-meta-tag-disabled  '><\/div>\n","protected":false},"excerpt":{"rendered":"","protected":false},"author":1,"featured_media":42436,"comment_status":"open","ping_status":"open","sticky":false,"template":"","format":"standard","meta":{"footnotes":""},"categories":[35],"tags":[],"class_list":["post-42435","post","type-post","status-publish","format-standard","has-post-thumbnail","hentry","category-politica"],"jetpack_featured_media_url":"https:\/\/radiorevelacionfm.cl\/wp-content\/uploads\/2024\/05\/senadora-FOTO-2-1-1.jpeg","_links":{"self":[{"href":"https:\/\/radiorevelacionfm.cl\/index.php?rest_route=\/wp\/v2\/posts\/42435","targetHints":{"allow":["GET"]}}],"collection":[{"href":"https:\/\/radiorevelacionfm.cl\/index.php?rest_route=\/wp\/v2\/posts"}],"about":[{"href":"https:\/\/radiorevelacionfm.cl\/index.php?rest_route=\/wp\/v2\/types\/post"}],"author":[{"embeddable":true,"href":"https:\/\/radiorevelacionfm.cl\/index.php?rest_route=\/wp\/v2\/users\/1"}],"replies":[{"embeddable":true,"href":"https:\/\/radiorevelacionfm.cl\/index.php?rest_route=%2Fwp%2Fv2%2Fcomments&post=42435"}],"version-history":[{"count":1,"href":"https:\/\/radiorevelacionfm.cl\/index.php?rest_route=\/wp\/v2\/posts\/42435\/revisions"}],"predecessor-version":[{"id":42437,"href":"https:\/\/radiorevelacionfm.cl\/index.php?rest_route=\/wp\/v2\/posts\/42435\/revisions\/42437"}],"wp:featuredmedia":[{"embeddable":true,"href":"https:\/\/radiorevelacionfm.cl\/index.php?rest_route=\/wp\/v2\/media\/42436"}],"wp:attachment":[{"href":"https:\/\/radiorevelacionfm.cl\/index.php?rest_route=%2Fwp%2Fv2%2Fmedia&parent=42435"}],"wp:term":[{"taxonomy":"category","embeddable":true,"href":"https:\/\/radiorevelacionfm.cl\/index.php?rest_route=%2Fwp%2Fv2%2Fcategories&post=42435"},{"taxonomy":"post_tag","embeddable":true,"href":"https:\/\/radiorevelacionfm.cl\/index.php?rest_route=%2Fwp%2Fv2%2Ftags&post=42435"}],"curies":[{"name":"wp","href":"https:\/\/api.w.org\/{rel}","templated":true}]}}