{"id":42432,"date":"2024-05-24T20:05:19","date_gmt":"2024-05-24T23:05:19","guid":{"rendered":"https:\/\/radiorevelacionfm.cl\/?p=42432"},"modified":"2024-05-24T20:05:19","modified_gmt":"2024-05-24T23:05:19","slug":"agrupacion-de-ddhh-de-coyhaique-firma-convenio-tras-ser-favorecida-con-fondos-concursables-para-proyectos-de-cultura-y-sitios-de-memoria-2024","status":"publish","type":"post","link":"https:\/\/radiorevelacionfm.cl\/?p=42432","title":{"rendered":"Agrupaci\u00f3n de DDHH de Coyhaique firma convenio tras ser favorecida con Fondos Concursables para Proyectos de Cultura y Sitios de Memoria 2024"},"content":{"rendered":"<div class=\"flex_column av_one_full  flex_column_div av-zero-column-padding first  avia-builder-el-0  el_before_av_one_full  avia-builder-el-first  \" style='border-radius:0px; '><div  class='avia-image-container  av-styling-    avia-builder-el-1  avia-builder-el-no-sibling  avia-align-center '  itemprop=\"image\" itemscope=\"itemscope\" itemtype=\"https:\/\/schema.org\/ImageObject\"  ><div class='avia-image-container-inner'><div class='avia-image-overlay-wrap'><img decoding=\"async\" class='wp-image-42433 avia-img-lazy-loading-not-42433 avia_image' src=\"https:\/\/radiorevelacionfm.cl\/wp-content\/uploads\/2024\/05\/IMG_0155-1-1.jpeg\" alt='' title='IMG_0155 (1) (1)' height=\"600\" width=\"800\"  itemprop=\"thumbnailUrl\" srcset=\"https:\/\/radiorevelacionfm.cl\/wp-content\/uploads\/2024\/05\/IMG_0155-1-1.jpeg 800w, https:\/\/radiorevelacionfm.cl\/wp-content\/uploads\/2024\/05\/IMG_0155-1-1-300x225.jpeg 300w, https:\/\/radiorevelacionfm.cl\/wp-content\/uploads\/2024\/05\/IMG_0155-1-1-768x576.jpeg 768w, https:\/\/radiorevelacionfm.cl\/wp-content\/uploads\/2024\/05\/IMG_0155-1-1-705x529.jpeg 705w, https:\/\/radiorevelacionfm.cl\/wp-content\/uploads\/2024\/05\/IMG_0155-1-1-450x338.jpeg 450w, https:\/\/radiorevelacionfm.cl\/wp-content\/uploads\/2024\/05\/IMG_0155-1-1-600x450.jpeg 600w\" sizes=\"(max-width: 800px) 100vw, 800px\" \/><\/div><\/div><\/div><\/div><div class=\"flex_column av_one_full  flex_column_div av-zero-column-padding first  avia-builder-el-2  el_after_av_one_full  el_before_av_one_full  column-top-margin\" style='border-radius:0px; '><section class=\"av_textblock_section \"  itemscope=\"itemscope\" itemtype=\"https:\/\/schema.org\/BlogPosting\" itemprop=\"blogPost\" ><div class='avia_textblock  '   itemprop=\"text\" ><p style=\"text-align: center;\"><span style=\"font-size: 18pt;\"><strong>Agrupaci\u00f3n de DDHH de Coyhaique firma convenio tras ser favorecida con <\/strong><strong>Fondos Concursables para Proyectos de Cultura y Sitios de Memoria 2024 <\/strong><\/span><\/p>\n<div id=\"gtx-trans\" style=\"position: absolute; left: -50px; top: 4.31534px;\">\n<div class=\"gtx-trans-icon\"><\/div>\n<\/div>\n<\/div><\/section><\/div><div class=\"flex_column av_one_full  flex_column_div av-zero-column-padding first  avia-builder-el-4  el_after_av_one_full  el_before_av_hr  column-top-margin\" style='border-radius:0px; '><section class=\"av_textblock_section \"  itemscope=\"itemscope\" itemtype=\"https:\/\/schema.org\/BlogPosting\" itemprop=\"blogPost\" ><div class='avia_textblock  '   itemprop=\"text\" ><p style=\"text-align: justify;\"><em>\u201c<\/em><em>Rescate Digital en Ays\u00e9n. Sitio de Memoria 2\u00b0 Cuartel de carabineros de Puerto Ays\u00e9n\u201d se denomina la iniciativa que permiti\u00f3 a la agrupaci\u00f3n acceder a los fondos entregados por la Subsecretar\u00eda de Derechos Humanos a nivel pa\u00eds.<\/em><\/p>\n<p style=\"text-align: justify;\">En dependencias de la secretar\u00eda regional ministerial de Justicia y Derechos Humanos se llev\u00f3 a cabo la firma del convenio correspondiente al Fondo Concursable para proyectos de cultura y sitios de memoria a\u00f1o 2024, los que en esta oportunidad se adjudic\u00f3 la Agrupaci\u00f3n de Derechos Humanos de Coyhaique con el proyecto denominado <em>\u201c<\/em><em>Rescate Digital en Ays\u00e9n. Sitio de Memoria 2\u00b0 Cuartel de carabineros de Puerto Ays\u00e9n\u201d<\/em><em>, <\/em>por un monto de 17 millones de pesos, y que son entregados por la Subsecretar\u00eda de Derechos Humanos a nivel nacional.<\/p>\n<p style=\"text-align: justify;\">Cabe mencionar que esta iniciativa busca la reconstrucci\u00f3n digital del inmueble y conjunto que conforman el sitio de memoria a partir del levantamiento del estado de situaci\u00f3n material del sitio y de los testimonios de personas que fueron v\u00edctimas de violencia pol\u00edtica. Dentro de los resultados se considera un dispositivo destinado a visibilizar los hechos acontecidos, comunicando la memoria social y pol\u00edtica asociada a la materialidad del inmueble y del lugar. Este trabajo integra labores de levantamiento t\u00e9cnico del inmueble y de los vol\u00famenes que lo componen, registro, reconstrucci\u00f3n y especializaci\u00f3n de los hechos ocurridos, para su an\u00e1lisis espacial y elaboraci\u00f3n de un modelo digital.<\/p>\n<p style=\"text-align: justify;\">Respecto a este proyecto y su importancia, la Presidenta de la Agrupaci\u00f3n de Derechos Humanos de Coyhaique Mar\u00eda Erita Vera indic\u00f3 que \u201cse trata de un levantamiento digital en 3d de todo lo que es el sitio de memoria, de toda la infraestructura, es un material muy importante que nosotros necesitamos porque no tenemos planos de la comisar\u00eda, segundo porque es necesario tenerlos y con ellos poder trabajar con las personas que fueron v\u00edctimas, que estuvieron ah\u00ed o con los familiares que iban a ver a sus familiares que estaban detenidos y tambi\u00e9n como un material educativo para poder trabajar en las visitas al recinto y tambi\u00e9n para visibilizar el sitio de memoria fuera de Puerto Ays\u00e9n, que puede ser en el resto de la regi\u00f3n y salir con ese material al colegio a las universidades, ir a otras localidades de la regi\u00f3n, donde la gente por una u otra raz\u00f3n no puede venir a Puerto Ays\u00e9n a conocer el sitio de memoria\u201d.<\/p>\n<p style=\"text-align: justify;\">Por su parte, el Seremi de Justicia y Derechos Humanos, Samuel Navarro Castro manifest\u00f3 que \u201ces un hito muy significativo por primera vez en la regi\u00f3n un fondo concursable de la Subsecretar\u00eda de Derechos Humanos se lo adjudica una organizaci\u00f3n, en este caso la Agrupaci\u00f3n de Derechos Humanos de Coyhaique para un proyecto muy emblem\u00e1tico en relaci\u00f3n con el Sitio de Memoria de la 2\u00b0 comisar\u00eda de Carabineros de Puerto Ays\u00e9n, se va a hacer un levantamiento digital para tener un producto que les permita que el sitio de memoria pueda viajar por diversos establecimientos educacionales, diversas instituciones, por la regi\u00f3n para quienes les es dif\u00edcil acceder o visitarlo presencialmente, pero tambi\u00e9n para realizar labores educativas y de difusi\u00f3n y promoci\u00f3n de los derechos humanos, es un proyecto que dura 4 meses tiene un monto total de 17 millones de pesos e incluye la contrataci\u00f3n de profesionales y equipamiento t\u00e9cnico para hacer la proyecci\u00f3n y difusi\u00f3n correspondiente\u201d.<\/p>\n<p style=\"text-align: justify;\">Finalmente, cabe se\u00f1alar que la firma de convenios permitir\u00e1 la transferencia de recursos a los proyectos ganadores, fortaleciendo as\u00ed su capacidad para impulsar iniciativas culturales y sitios de memoria en las regiones, los que representan una valiosa contribuci\u00f3n a la preservaci\u00f3n de la memoria hist\u00f3rica y a la promoci\u00f3n de los derechos humanos en nuestro pa\u00eds.<\/p>\n<\/div><\/section><\/div><div  style='height:50px' class='hr hr-invisible   avia-builder-el-6  el_after_av_one_full  el_before_av_social_share '><span class='hr-inner ' ><span class='hr-inner-style'><\/span><\/span><\/div><\/p>\n<div  class='av-social-sharing-box  avia-builder-el-7  el_after_av_hr  el_before_av_hr  '><div class='av-share-box'><h5 class='av-share-link-description av-no-toc '>Compartir esta noticia<\/h5><ul class='av-share-box-list noLightbox'><li class='av-share-link av-social-link-facebook' ><a target=\"_blank\" aria-label=\"Compartir en Facebook\" href='https:\/\/www.facebook.com\/sharer.php?u=https:\/\/radiorevelacionfm.cl\/?p=42432&#038;t=Agrupaci%C3%B3n%20de%20DDHH%20de%20Coyhaique%20firma%20convenio%20tras%20ser%20favorecida%20con%20Fondos%20Concursables%20para%20Proyectos%20de%20Cultura%20y%20Sitios%20de%20Memoria%202024' aria-hidden='false' data-av_icon='\ue8f3' data-av_iconfont='entypo-fontello' title='' data-avia-related-tooltip='Compartir en Facebook' rel=\"noopener\"><span class='avia_hidden_link_text'>Compartir en Facebook<\/span><\/a><\/li><li class='av-share-link av-social-link-twitter' ><a target=\"_blank\" aria-label=\"Compartir en Twitter\" href='https:\/\/twitter.com\/share?text=Agrupaci%C3%B3n%20de%20DDHH%20de%20Coyhaique%20firma%20convenio%20tras%20ser%20favorecida%20con%20Fondos%20Concursables%20para%20Proyectos%20de%20Cultura%20y%20Sitios%20de%20Memoria%202024&#038;url=https:\/\/radiorevelacionfm.cl\/?p=42432' aria-hidden='false' data-av_icon='\ue8f1' data-av_iconfont='entypo-fontello' title='' data-avia-related-tooltip='Compartir en Twitter' rel=\"noopener\"><span class='avia_hidden_link_text'>Compartir en Twitter<\/span><\/a><\/li><li class='av-share-link av-social-link-whatsapp' ><a target=\"_blank\" aria-label=\"Compartir en Whatsapp\" href='https:\/\/api.whatsapp.com\/send?text=https:\/\/radiorevelacionfm.cl\/?p=42432' aria-hidden='false' data-av_icon='\uf232' data-av_iconfont='entypo-fontello' title='' data-avia-related-tooltip='Compartir en Whatsapp' rel=\"noopener\"><span class='avia_hidden_link_text'>Compartir en Whatsapp<\/span><\/a><\/li><li class='av-share-link av-social-link-linkedin' ><a target=\"_blank\" aria-label=\"Compartir en LinkedIn\" href='https:\/\/linkedin.com\/shareArticle?mini=true&#038;title=Agrupaci%C3%B3n%20de%20DDHH%20de%20Coyhaique%20firma%20convenio%20tras%20ser%20favorecida%20con%20Fondos%20Concursables%20para%20Proyectos%20de%20Cultura%20y%20Sitios%20de%20Memoria%202024&#038;url=https:\/\/radiorevelacionfm.cl\/?p=42432' aria-hidden='false' data-av_icon='\ue8fc' data-av_iconfont='entypo-fontello' title='' data-avia-related-tooltip='Compartir en LinkedIn' rel=\"noopener\"><span class='avia_hidden_link_text'>Compartir en LinkedIn<\/span><\/a><\/li><li class='av-share-link av-social-link-mail' ><a  aria-label=\"Compartir por correo\" href='mailto:?subject=Agrupaci%C3%B3n%20de%20DDHH%20de%20Coyhaique%20firma%20convenio%20tras%20ser%20favorecida%20con%20Fondos%20Concursables%20para%20Proyectos%20de%20Cultura%20y%20Sitios%20de%20Memoria%202024&#038;body=https:\/\/radiorevelacionfm.cl\/?p=42432' aria-hidden='false' data-av_icon='\ue805' data-av_iconfont='entypo-fontello' title='' data-avia-related-tooltip='Compartir por correo'><span class='avia_hidden_link_text'>Compartir por correo<\/span><\/a><\/li><\/ul><\/div><\/div>\n<div  style='height:50px' class='hr hr-invisible   avia-builder-el-8  el_after_av_social_share  el_before_av_comments_list '><span class='hr-inner ' ><span class='hr-inner-style'><\/span><\/span><\/div>\n<div  class='av-buildercomment  av-blog-meta-html-info-disabled av-blog-meta-tag-disabled  '><\/div>\n","protected":false},"excerpt":{"rendered":"","protected":false},"author":1,"featured_media":42433,"comment_status":"open","ping_status":"open","sticky":false,"template":"","format":"standard","meta":{"footnotes":""},"categories":[38],"tags":[],"class_list":["post-42432","post","type-post","status-publish","format-standard","has-post-thumbnail","hentry","category-regional"],"jetpack_featured_media_url":"https:\/\/radiorevelacionfm.cl\/wp-content\/uploads\/2024\/05\/IMG_0155-1-1.jpeg","_links":{"self":[{"href":"https:\/\/radiorevelacionfm.cl\/index.php?rest_route=\/wp\/v2\/posts\/42432","targetHints":{"allow":["GET"]}}],"collection":[{"href":"https:\/\/radiorevelacionfm.cl\/index.php?rest_route=\/wp\/v2\/posts"}],"about":[{"href":"https:\/\/radiorevelacionfm.cl\/index.php?rest_route=\/wp\/v2\/types\/post"}],"author":[{"embeddable":true,"href":"https:\/\/radiorevelacionfm.cl\/index.php?rest_route=\/wp\/v2\/users\/1"}],"replies":[{"embeddable":true,"href":"https:\/\/radiorevelacionfm.cl\/index.php?rest_route=%2Fwp%2Fv2%2Fcomments&post=42432"}],"version-history":[{"count":1,"href":"https:\/\/radiorevelacionfm.cl\/index.php?rest_route=\/wp\/v2\/posts\/42432\/revisions"}],"predecessor-version":[{"id":42434,"href":"https:\/\/radiorevelacionfm.cl\/index.php?rest_route=\/wp\/v2\/posts\/42432\/revisions\/42434"}],"wp:featuredmedia":[{"embeddable":true,"href":"https:\/\/radiorevelacionfm.cl\/index.php?rest_route=\/wp\/v2\/media\/42433"}],"wp:attachment":[{"href":"https:\/\/radiorevelacionfm.cl\/index.php?rest_route=%2Fwp%2Fv2%2Fmedia&parent=42432"}],"wp:term":[{"taxonomy":"category","embeddable":true,"href":"https:\/\/radiorevelacionfm.cl\/index.php?rest_route=%2Fwp%2Fv2%2Fcategories&post=42432"},{"taxonomy":"post_tag","embeddable":true,"href":"https:\/\/radiorevelacionfm.cl\/index.php?rest_route=%2Fwp%2Fv2%2Ftags&post=42432"}],"curies":[{"name":"wp","href":"https:\/\/api.w.org\/{rel}","templated":true}]}}