{"id":42426,"date":"2024-05-23T12:21:08","date_gmt":"2024-05-23T15:21:08","guid":{"rendered":"https:\/\/radiorevelacionfm.cl\/?p=42426"},"modified":"2024-05-23T12:21:08","modified_gmt":"2024-05-23T15:21:08","slug":"desde-aysen-la-humilde-nalca-irrumpe-en-los-cocteles-y-siropes-de-exportacion","status":"publish","type":"post","link":"https:\/\/radiorevelacionfm.cl\/?p=42426","title":{"rendered":"Desde Ays\u00e9n la humilde nalca irrumpe en los c\u00f3cteles y siropes de exportaci\u00f3n"},"content":{"rendered":"<div class=\"flex_column av_one_full  flex_column_div av-zero-column-padding first  avia-builder-el-0  el_before_av_one_full  avia-builder-el-first  \" style='border-radius:0px; '><div  class='avia-image-container  av-styling-    avia-builder-el-1  avia-builder-el-no-sibling  avia-align-center '  itemprop=\"image\" itemscope=\"itemscope\" itemtype=\"https:\/\/schema.org\/ImageObject\"  ><div class='avia-image-container-inner'><div class='avia-image-overlay-wrap'><img decoding=\"async\" class='wp-image-42427 avia-img-lazy-loading-not-42427 avia_image' src=\"https:\/\/radiorevelacionfm.cl\/wp-content\/uploads\/2024\/05\/siropes-1_optimized.jpg\" alt='' title='siropes-(1)_optimized' height=\"600\" width=\"900\"  itemprop=\"thumbnailUrl\" srcset=\"https:\/\/radiorevelacionfm.cl\/wp-content\/uploads\/2024\/05\/siropes-1_optimized.jpg 900w, https:\/\/radiorevelacionfm.cl\/wp-content\/uploads\/2024\/05\/siropes-1_optimized-300x200.jpg 300w, https:\/\/radiorevelacionfm.cl\/wp-content\/uploads\/2024\/05\/siropes-1_optimized-768x512.jpg 768w, https:\/\/radiorevelacionfm.cl\/wp-content\/uploads\/2024\/05\/siropes-1_optimized-705x470.jpg 705w, https:\/\/radiorevelacionfm.cl\/wp-content\/uploads\/2024\/05\/siropes-1_optimized-450x300.jpg 450w, https:\/\/radiorevelacionfm.cl\/wp-content\/uploads\/2024\/05\/siropes-1_optimized-600x400.jpg 600w\" sizes=\"(max-width: 900px) 100vw, 900px\" \/><\/div><\/div><\/div><\/div><div class=\"flex_column av_one_full  flex_column_div av-zero-column-padding first  avia-builder-el-2  el_after_av_one_full  el_before_av_one_full  column-top-margin\" style='border-radius:0px; '><section class=\"av_textblock_section \"  itemscope=\"itemscope\" itemtype=\"https:\/\/schema.org\/BlogPosting\" itemprop=\"blogPost\" ><div class='avia_textblock  '   itemprop=\"text\" ><p style=\"text-align: center;\"><span style=\"font-size: 18pt;\"><strong>Desde Ays\u00e9n la humilde nalca irrumpe en los c\u00f3cteles y siropes de exportaci\u00f3n<\/strong><\/span><\/p>\n<div id=\"gtx-trans\" style=\"position: absolute; left: -50px; top: 4.31534px;\">\n<div class=\"gtx-trans-icon\"><\/div>\n<\/div>\n<\/div><\/section><\/div><div class=\"flex_column av_one_full  flex_column_div av-zero-column-padding first  avia-builder-el-4  el_after_av_one_full  el_before_av_hr  column-top-margin\" style='border-radius:0px; '><section class=\"av_textblock_section \"  itemscope=\"itemscope\" itemtype=\"https:\/\/schema.org\/BlogPosting\" itemprop=\"blogPost\" ><div class='avia_textblock  '   itemprop=\"text\" ><p style=\"text-align: justify;\"><em>Empresa de Ays\u00e9n decidi\u00f3 innovar agregando sabores de esta planta nativa de Chile y Argentina, conocida por sus propiedades nutricionales y medicinales, oficina regional de ProChile impulsa las exportaciones hacia Corea del Sur y la b\u00fasqueda de nuevos mercados.<\/em><\/p>\n<p style=\"text-align: justify;\">La nalca es una planta ornamental y comestible, nativa de Chile y Argentina, que es considerada una hierba gigante. Su tallo comestible es utilizado en el sur para su consumo como ensalada y tambi\u00e9n por sus propiedades medicinales, sin embargo, en Coyhaique una empresaria local decidi\u00f3 comenzar a incorporarla como base para c\u00f3cteles y siropes de exportaci\u00f3n.<\/p>\n<p style=\"text-align: justify;\">Carolina Jara Sanhueza y \u00c1ngel Urrutia Sanhueza son dos hermanos, socios y fundadores de Suryuis (@suryuispatagonia), que llevan diez a\u00f1os con su empresa de alimentos y bebidas de la Patagonia. Desde la ciudad de Coyhaique comenz\u00f3 con la producci\u00f3n de jugos que a trav\u00e9s de un proceso especial conservan no solo el sabor y aroma de sus materias primas, sino tambi\u00e9n todos los poderosos antioxidantes y vitaminas de frutas locales como el calafate, maqui, grosella y zarzaparrilla.<\/p>\n<p style=\"text-align: justify;\">En total, Suryuis tiene 25 productos en tres l\u00edneas principales: jugos, syrups (o sirope) y harinas, a los que recientemente agreg\u00f3 los c\u00f3cteles y siropes, estos \u00faltimos son jarabes o concentrados, que se utilizan para la cocteler\u00eda y postres.<\/p>\n<p style=\"text-align: justify;\">\u201cVimos que exist\u00eda una oportunidad para los productos locales m\u00e1s all\u00e1 de los jugos y comenzamos a producir tambi\u00e9n pur\u00e9s de fruta concentrados, que es una opci\u00f3n para enriquecer con antioxidantes un batido proteico o un yogurt o para consumir como una merienda\u201d, explica Carolina Jara. Se trata adem\u00e1s de un concepto de utilizar \u201csachets\u201d que son envases de peque\u00f1o formato, f\u00e1ciles de transportar y que permiten conservar todas las propiedades naturales de estos alimentos.<\/p>\n<p style=\"text-align: justify;\">Esta posibilidad la vieron en Se\u00fal, Corea del Sur, a donde viajaron en una misi\u00f3n comercial apoyada por ProChile. En la actualidad se encuentran tramitando los permisos que les permitan llegar con estos sachets directamente al mercado coreano, donde ya los conocen por sus jugos.<\/p>\n<p style=\"text-align: justify;\">Jaime Poblete, director regional de ProChile en Ays\u00e9n, destaca la trayectoria que ha tenido Suryus, desarrollando innovaciones que permitan aprovechar los alimentos que produce la Patagonia, \u201cpero en especial a Carolina Jara, una ingeniera agr\u00edcola que fue reconocida como \u00b4Mujer Innovadora de Ays\u00e9n\u00b4 y que ha logrado exportar sus productos a Emiratos \u00c1rabes Unidos, M\u00e9xico y Corea del Sur\u201d.<br \/>\nEn el caso de la nalca, la idea surgi\u00f3 al ver en Espa\u00f1a c\u00f3mo usaban la \u201cmiel de uva\u201d, que es una preparaci\u00f3n en que el jugo de uva es sometido a una cocci\u00f3n muy lenta, para espesarlo, hasta obtener una especie de jarabe o sirope.<\/p>\n<p style=\"text-align: justify;\">As\u00ed comenzaron a producir \u201csyrup\u201d de distintos productos: calafate, cauchao, maqui y ruibarbo, los que se comercializan en envases de vidrio de 475 ml. \u201cUn d\u00eda mi hermano y socio, \u00c1ngel Urrutia, lleg\u00f3 con nalcas para probar si era posible tambi\u00e9n utilizar estos tallos para hacer sirope, las incorporamos en el proceso y result\u00f3 un producto muy bueno\u201d.<\/p>\n<p style=\"text-align: justify;\">De ah\u00ed el pr\u00f3ximo paso fue elaborar c\u00f3cteles con estos mismos productos, utilizando destilado de uva, lo que les ha permitido elaborar \u201csours\u201d con la marca \u201cLa baqueana\u201d, en que tambi\u00e9n est\u00e1 presente el sabor de nalca. \u201cEste producto ha sido probado en varios restaurantes y hoteles de Ays\u00e9n, con excelentes resultados, a la gente le gusta mucho el sabor y aroma que tiene la nalca, se sorprenden de sus cualidades\u201d, asegura Carolina Jara.<\/p>\n<p style=\"text-align: justify;\">Diversificaci\u00f3n exportadora en Ays\u00e9n<\/p>\n<p style=\"text-align: justify;\">\u201cEsta incorporaci\u00f3n de productos forestales no madereros, como el calafate, el cauchao, el maqui y la nalca, a nuevas presentaciones, como el caso de c\u00f3cteles y bebidas alcoh\u00f3licas, es fundamental, porque adem\u00e1s de ampliar la oferta regional de productos, crea innovaci\u00f3n desde el territorio, anima a otros a seguir ese camino, agrega valor a los productos locales y aporta al desarrollo regional de Ays\u00e9n\u201d, afirm\u00f3 Poblete.<\/p>\n<p style=\"text-align: justify;\">En Ays\u00e9n, explic\u00f3, se producen cerveza, gin y otros destilados \u201cque han logrado una gran aceptaci\u00f3n en el mercado nacional y tambi\u00e9n en exportaciones, obteniendo varios premios y reconocimientos internacionales. Esperamos que los productos La Baqueana de Suryuis puedan tambi\u00e9n tener estos logros, para lo cual cuentan con el apoyo de la Oficina Regional de ProChile en Ays\u00e9n\u201d.<\/p>\n<\/div><\/section><\/div><div  style='height:50px' class='hr hr-invisible   avia-builder-el-6  el_after_av_one_full  el_before_av_social_share '><span class='hr-inner ' ><span class='hr-inner-style'><\/span><\/span><\/div><\/p>\n<div  class='av-social-sharing-box  avia-builder-el-7  el_after_av_hr  el_before_av_hr  '><div class='av-share-box'><h5 class='av-share-link-description av-no-toc '>Compartir esta noticia<\/h5><ul class='av-share-box-list noLightbox'><li class='av-share-link av-social-link-facebook' ><a target=\"_blank\" aria-label=\"Compartir en Facebook\" href='https:\/\/www.facebook.com\/sharer.php?u=https:\/\/radiorevelacionfm.cl\/?p=42426&#038;t=Desde%20Ays%C3%A9n%20la%20humilde%20nalca%20irrumpe%20en%20los%20c%C3%B3cteles%20y%20siropes%20de%20exportaci%C3%B3n' aria-hidden='false' data-av_icon='\ue8f3' data-av_iconfont='entypo-fontello' title='' data-avia-related-tooltip='Compartir en Facebook' rel=\"noopener\"><span class='avia_hidden_link_text'>Compartir en Facebook<\/span><\/a><\/li><li class='av-share-link av-social-link-twitter' ><a target=\"_blank\" aria-label=\"Compartir en Twitter\" href='https:\/\/twitter.com\/share?text=Desde%20Ays%C3%A9n%20la%20humilde%20nalca%20irrumpe%20en%20los%20c%C3%B3cteles%20y%20siropes%20de%20exportaci%C3%B3n&#038;url=https:\/\/radiorevelacionfm.cl\/?p=42426' aria-hidden='false' data-av_icon='\ue8f1' data-av_iconfont='entypo-fontello' title='' data-avia-related-tooltip='Compartir en Twitter' rel=\"noopener\"><span class='avia_hidden_link_text'>Compartir en Twitter<\/span><\/a><\/li><li class='av-share-link av-social-link-whatsapp' ><a target=\"_blank\" aria-label=\"Compartir en Whatsapp\" href='https:\/\/api.whatsapp.com\/send?text=https:\/\/radiorevelacionfm.cl\/?p=42426' aria-hidden='false' data-av_icon='\uf232' data-av_iconfont='entypo-fontello' title='' data-avia-related-tooltip='Compartir en Whatsapp' rel=\"noopener\"><span class='avia_hidden_link_text'>Compartir en Whatsapp<\/span><\/a><\/li><li class='av-share-link av-social-link-linkedin' ><a target=\"_blank\" aria-label=\"Compartir en LinkedIn\" href='https:\/\/linkedin.com\/shareArticle?mini=true&#038;title=Desde%20Ays%C3%A9n%20la%20humilde%20nalca%20irrumpe%20en%20los%20c%C3%B3cteles%20y%20siropes%20de%20exportaci%C3%B3n&#038;url=https:\/\/radiorevelacionfm.cl\/?p=42426' aria-hidden='false' data-av_icon='\ue8fc' data-av_iconfont='entypo-fontello' title='' data-avia-related-tooltip='Compartir en LinkedIn' rel=\"noopener\"><span class='avia_hidden_link_text'>Compartir en LinkedIn<\/span><\/a><\/li><li class='av-share-link av-social-link-mail' ><a  aria-label=\"Compartir por correo\" href='mailto:?subject=Desde%20Ays%C3%A9n%20la%20humilde%20nalca%20irrumpe%20en%20los%20c%C3%B3cteles%20y%20siropes%20de%20exportaci%C3%B3n&#038;body=https:\/\/radiorevelacionfm.cl\/?p=42426' aria-hidden='false' data-av_icon='\ue805' data-av_iconfont='entypo-fontello' title='' data-avia-related-tooltip='Compartir por correo'><span class='avia_hidden_link_text'>Compartir por correo<\/span><\/a><\/li><\/ul><\/div><\/div>\n<div  style='height:50px' class='hr hr-invisible   avia-builder-el-8  el_after_av_social_share  el_before_av_comments_list '><span class='hr-inner ' ><span class='hr-inner-style'><\/span><\/span><\/div>\n<div  class='av-buildercomment  av-blog-meta-html-info-disabled av-blog-meta-tag-disabled  '><\/div>\n","protected":false},"excerpt":{"rendered":"","protected":false},"author":1,"featured_media":42427,"comment_status":"open","ping_status":"open","sticky":false,"template":"","format":"standard","meta":{"footnotes":""},"categories":[38],"tags":[],"class_list":["post-42426","post","type-post","status-publish","format-standard","has-post-thumbnail","hentry","category-regional"],"jetpack_featured_media_url":"https:\/\/radiorevelacionfm.cl\/wp-content\/uploads\/2024\/05\/siropes-1_optimized.jpg","_links":{"self":[{"href":"https:\/\/radiorevelacionfm.cl\/index.php?rest_route=\/wp\/v2\/posts\/42426","targetHints":{"allow":["GET"]}}],"collection":[{"href":"https:\/\/radiorevelacionfm.cl\/index.php?rest_route=\/wp\/v2\/posts"}],"about":[{"href":"https:\/\/radiorevelacionfm.cl\/index.php?rest_route=\/wp\/v2\/types\/post"}],"author":[{"embeddable":true,"href":"https:\/\/radiorevelacionfm.cl\/index.php?rest_route=\/wp\/v2\/users\/1"}],"replies":[{"embeddable":true,"href":"https:\/\/radiorevelacionfm.cl\/index.php?rest_route=%2Fwp%2Fv2%2Fcomments&post=42426"}],"version-history":[{"count":1,"href":"https:\/\/radiorevelacionfm.cl\/index.php?rest_route=\/wp\/v2\/posts\/42426\/revisions"}],"predecessor-version":[{"id":42428,"href":"https:\/\/radiorevelacionfm.cl\/index.php?rest_route=\/wp\/v2\/posts\/42426\/revisions\/42428"}],"wp:featuredmedia":[{"embeddable":true,"href":"https:\/\/radiorevelacionfm.cl\/index.php?rest_route=\/wp\/v2\/media\/42427"}],"wp:attachment":[{"href":"https:\/\/radiorevelacionfm.cl\/index.php?rest_route=%2Fwp%2Fv2%2Fmedia&parent=42426"}],"wp:term":[{"taxonomy":"category","embeddable":true,"href":"https:\/\/radiorevelacionfm.cl\/index.php?rest_route=%2Fwp%2Fv2%2Fcategories&post=42426"},{"taxonomy":"post_tag","embeddable":true,"href":"https:\/\/radiorevelacionfm.cl\/index.php?rest_route=%2Fwp%2Fv2%2Ftags&post=42426"}],"curies":[{"name":"wp","href":"https:\/\/api.w.org\/{rel}","templated":true}]}}