{"id":42423,"date":"2024-05-23T10:54:56","date_gmt":"2024-05-23T13:54:56","guid":{"rendered":"https:\/\/radiorevelacionfm.cl\/?p=42423"},"modified":"2024-05-23T10:54:56","modified_gmt":"2024-05-23T13:54:56","slug":"instituto-de-deportes-regional-adquiere-tatami-de-judo-de-alta-competencia","status":"publish","type":"post","link":"https:\/\/radiorevelacionfm.cl\/?p=42423","title":{"rendered":"Instituto de Deportes regional adquiere Tatami de judo de alta competencia"},"content":{"rendered":"<div class=\"flex_column av_one_full  flex_column_div av-zero-column-padding first  avia-builder-el-0  el_before_av_one_full  avia-builder-el-first  \" style='border-radius:0px; '><div  class='avia-image-container  av-styling-    avia-builder-el-1  avia-builder-el-no-sibling  avia-align-center '  itemprop=\"image\" itemscope=\"itemscope\" itemtype=\"https:\/\/schema.org\/ImageObject\"  ><div class='avia-image-container-inner'><div class='avia-image-overlay-wrap'><img decoding=\"async\" class='wp-image-42424 avia-img-lazy-loading-not-42424 avia_image' src=\"https:\/\/radiorevelacionfm.cl\/wp-content\/uploads\/2024\/05\/t5-1-1.jpeg\" alt='' title='t5 (1) (1)' height=\"600\" width=\"800\"  itemprop=\"thumbnailUrl\" srcset=\"https:\/\/radiorevelacionfm.cl\/wp-content\/uploads\/2024\/05\/t5-1-1.jpeg 800w, https:\/\/radiorevelacionfm.cl\/wp-content\/uploads\/2024\/05\/t5-1-1-300x225.jpeg 300w, https:\/\/radiorevelacionfm.cl\/wp-content\/uploads\/2024\/05\/t5-1-1-768x576.jpeg 768w, https:\/\/radiorevelacionfm.cl\/wp-content\/uploads\/2024\/05\/t5-1-1-705x529.jpeg 705w, https:\/\/radiorevelacionfm.cl\/wp-content\/uploads\/2024\/05\/t5-1-1-450x338.jpeg 450w, https:\/\/radiorevelacionfm.cl\/wp-content\/uploads\/2024\/05\/t5-1-1-600x450.jpeg 600w\" sizes=\"(max-width: 800px) 100vw, 800px\" \/><\/div><\/div><\/div><\/div><div class=\"flex_column av_one_full  flex_column_div av-zero-column-padding first  avia-builder-el-2  el_after_av_one_full  el_before_av_one_full  column-top-margin\" style='border-radius:0px; '><section class=\"av_textblock_section \"  itemscope=\"itemscope\" itemtype=\"https:\/\/schema.org\/BlogPosting\" itemprop=\"blogPost\" ><div class='avia_textblock  '   itemprop=\"text\" ><p class=\"v1MsoNormal\" style=\"text-align: center;\"><strong><span lang=\"ES-MX\" style=\"font-size: 18pt;\">Instituto de Deportes regional adquiere Tatami de judo de alta competencia<\/span><\/strong><\/p>\n<p class=\"v1MsoNormal\"><span lang=\"ES-MX\">\u00a0<\/span><\/p>\n<div id=\"gtx-trans\" style=\"position: absolute; left: -50px; top: 4.31534px;\">\n<div class=\"gtx-trans-icon\"><\/div>\n<\/div>\n<\/div><\/section><\/div><div class=\"flex_column av_one_full  flex_column_div av-zero-column-padding first  avia-builder-el-4  el_after_av_one_full  el_before_av_hr  column-top-margin\" style='border-radius:0px; '><section class=\"av_textblock_section \"  itemscope=\"itemscope\" itemtype=\"https:\/\/schema.org\/BlogPosting\" itemprop=\"blogPost\" ><div class='avia_textblock  '   itemprop=\"text\" ><p class=\"v1MsoNormal\" style=\"text-align: justify;\"><em><span lang=\"ES-MX\">La nueva superficie deportiva,\u00a0<\/span>ser\u00e1 utilizada en competencias y entrenamientos, por los deportistas de judo infantil y juvenil Promesas Chile, as\u00ed como en los pr\u00f3ximos Juegos de la Araucan\u00eda.<\/em><\/p>\n<p style=\"text-align: justify;\">Un tatami para competencias bajo los m\u00e1s altos est\u00e1ndares de calidad, fue adquirido por el Instituto Nacional de Deportes Ays\u00e9n (IND) a trav\u00e9s del programa de Fortalecimiento del Deporte Rendimiento Convencional y Paral\u00edmpico, subcomponente Entrenamientos Promesas Chile; la inversi\u00f3n por $22 millones\u00a0permitir\u00e1 potenciar los entrenamientos y organizar campeonatos de nivel regional y nacional y obtener un mayor roce competitivo.<\/p>\n<p style=\"text-align: justify;\">La implementaci\u00f3n deportiva fue entregada por la Seremi del Deporte, junto al Director Regional (s) del IND Javier Medina, en el marco de los entrenamientos de la disciplina de judo en el Centro de Entrenamiento Regional de Coyhaique.<\/p>\n<p style=\"text-align: justify;\">As\u00ed lo destac\u00f3, la\u00a0Seremi del Deporte, Mar\u00eda Eugenia Dur\u00e1n, quien se\u00f1al\u00f3: \u00abEstamos celebrando una gran noticia y es la llegada del nuevo tatami oficial de judo, el cual fue adquirido gracias al trabajo que han realizado las y los funcionarios de IND a trav\u00e9s del programa Promesas Chile, programa que impulsa el deporte competitivo y de alto rendimiento, siendo una de sus disciplinas el judo, la cual nos ha tra\u00eddo muchos logros y medallas. Como gobierno del Presidente Boric, seguimos comprometidos en avanzar para fortalecer las condiciones materiales e inmateriales en el desarrollo del deporte en la regi\u00f3n de Ays\u00e9n, prueba de ello es esta inversi\u00f3n, que va a poder acoger sus primera competencia internacional en los Juegos de la Araucan\u00eda, adem\u00e1s es el mismo modelo que\u00a0 se utilizar\u00e1 en los Juegos Ol\u00edmpicos de Par\u00eds 2024, eso significa que como Ministerio del Deporte y como IND estamos otorgando a nuestra regi\u00f3n de Ays\u00e9n lo mejor de lo mejor en equipamiento de gran est\u00e1ndar, as\u00ed que eso para nosotros, la verdad que nos llena de orgullo y de alegr\u00eda, pues paso a paso nos seguimos preparando para recibir los Juegos Binacionales de la Araucan\u00eda Ays\u00e9n 2024\u00bb.<\/p>\n<p class=\"v1MsoNormal\" style=\"text-align: justify;\">Asimismo, el\u00a0Sensei Reynaldo Figueroa, t\u00e9cnico Promesas Chile Judo\u00a0precis\u00f3: \u00abEste tatami es ol\u00edmpico, o sea, podemos competir a nivel mundial y yo siempre recalco que tenemos un gimnasio de primera categor\u00eda, tenemos de todo, entonces las medallas fluyen. El a\u00f1o pasado fuimos premiados como uno de los mejores equipos del pa\u00eds, y para los Juegos de la Araucan\u00eda tenemos un equipo que estamos preparando y creo que vamos a dar varias sorpresas porque prometemos medallas de todas maneras, de hecho, nunca hemos llegado de los Juegos sin medallas, siempre llegamos dos o tres medallas, pero este a\u00f1o s\u00ed queremos ganar los Juegos, entonces vamos a trabajar en eso, postulamos un proyecto, yo creo que de aqu\u00ed varios j\u00f3venes van a tener que viajar a Brasil a prepararse para llegar al evento de la mejor forma posible y salir dentro de los primeros lugares, as\u00ed que muchas gracias, \u00a0nosotros vamos a saber cuidar este tatami, como judocas sabemos cuidar esta implementaci\u00f3n\u00bb.<\/p>\n<p class=\"v1MsoNormal\" style=\"text-align: justify;\">Por su parte,\u00a0Yinali Gonz\u00e1lez, Coordinadora Regional Promesas Chile y Dpto. Alto Rendimiento y Competitivo\u00a0afirm\u00f3: \u00abEste tatami que tenemos es ol\u00edmpico, el cual logramos comprarlo con una gesti\u00f3n de hace dos a\u00f1os, pensando en los Juegos Araucan\u00eda y los deportistas de judo, que han tenido logros para nuestra regi\u00f3n y que han salido a competencias internacionales, pensando en brindarles los mejores materiales como regi\u00f3n, como instituci\u00f3n, sabiendo que estamos tan alejados muchas veces de donde se hacen las inversiones concretas o m\u00e1s r\u00e1pidas, que es la metropolitana, pero nosotros apostamos por tener la mejor implementaci\u00f3n para los deportistas\u00bb.<\/p>\n<p class=\"v1MsoNormal\" style=\"text-align: justify;\">En el mismo sentido,\u00a0Francisco Matthies, Metod\u00f3logo regional del programa Promesas Chile\u00a0agreg\u00f3 \u00abEl aporte t\u00e9cnico, metodol\u00f3gico que tiene esta implementaci\u00f3n nueva impulsa totalmente los entrenamientos y tambi\u00e9n las competencias, este tatami es el mismo que se utilizar\u00e1 en los Juegos Ol\u00edmpicos de Par\u00eds 2024, y va a potenciar totalmente la preparaci\u00f3n de los deportistas para los Juegos de la Araucan\u00eda y \u00a0desde hoy \u00a0nuestros deportistas ya est\u00e1n haciendo uso de la implementaci\u00f3n, bastante meses antes de la competencia, entonces, la verdad que es un aporte t\u00e9cnico bastante significativo\u00bb.<\/p>\n<p class=\"v1MsoNormal\" style=\"text-align: justify;\"><u>Caracter\u00edsticas del Tatami<\/u><\/p>\n<p class=\"v1MsoNormal\" style=\"text-align: justify;\">El nuevo tatami cuenta con un ensamblaje por debajo de cada una de las planchas para que no se deslice ni se abra, evitando de esta forma posibles lesiones dedos o de tobillos y adem\u00e1s cuenta con una muy buena amortiguaci\u00f3n.<\/p>\n<p class=\"v1MsoNormal\" style=\"text-align: justify;\">En total son 98 unidades, 50 piezas de Tatami color amarillo y 48 piezas de Tatami color rojo, fabricado en espuma de polietileno reticulado de alta calidad bajo las necesidades y normas de Federaci\u00f3n Internacional de Judo (IJF), superficie de PVC., no necesita marco, es 70% m\u00e1s ligero que el material tradicional, su superficie es lavable, impermeable, antimic\u00f3tico, antibacteriano e hipo alerg\u00e9nico, con una densidad de 70kg\/m3.m con certificaci\u00f3n internacional (IJF) para alta competencia, campeonatos mundiales, olimpiadas, torneos internacionales y nacionales y con una medida de: 2000x1000x50mm.<\/p>\n<div class=\"v1gmail_signature\" dir=\"ltr\">\n<div dir=\"ltr\" style=\"text-align: justify;\"><\/div>\n<\/div>\n<\/div><\/section><\/div><div  style='height:50px' class='hr hr-invisible   avia-builder-el-6  el_after_av_one_full  el_before_av_social_share '><span class='hr-inner ' ><span class='hr-inner-style'><\/span><\/span><\/div><\/p>\n<div  class='av-social-sharing-box  avia-builder-el-7  el_after_av_hr  el_before_av_hr  '><div class='av-share-box'><h5 class='av-share-link-description av-no-toc '>Compartir esta noticia<\/h5><ul class='av-share-box-list noLightbox'><li class='av-share-link av-social-link-facebook' ><a target=\"_blank\" aria-label=\"Compartir en Facebook\" href='https:\/\/www.facebook.com\/sharer.php?u=https:\/\/radiorevelacionfm.cl\/?p=42423&#038;t=Instituto%20de%20Deportes%20regional%20adquiere%20Tatami%20de%20judo%20de%20alta%20competencia' aria-hidden='false' data-av_icon='\ue8f3' data-av_iconfont='entypo-fontello' title='' data-avia-related-tooltip='Compartir en Facebook' rel=\"noopener\"><span class='avia_hidden_link_text'>Compartir en Facebook<\/span><\/a><\/li><li class='av-share-link av-social-link-twitter' ><a target=\"_blank\" aria-label=\"Compartir en Twitter\" href='https:\/\/twitter.com\/share?text=Instituto%20de%20Deportes%20regional%20adquiere%20Tatami%20de%20judo%20de%20alta%20competencia&#038;url=https:\/\/radiorevelacionfm.cl\/?p=42423' aria-hidden='false' data-av_icon='\ue8f1' data-av_iconfont='entypo-fontello' title='' data-avia-related-tooltip='Compartir en Twitter' rel=\"noopener\"><span class='avia_hidden_link_text'>Compartir en Twitter<\/span><\/a><\/li><li class='av-share-link av-social-link-whatsapp' ><a target=\"_blank\" aria-label=\"Compartir en Whatsapp\" href='https:\/\/api.whatsapp.com\/send?text=https:\/\/radiorevelacionfm.cl\/?p=42423' aria-hidden='false' data-av_icon='\uf232' data-av_iconfont='entypo-fontello' title='' data-avia-related-tooltip='Compartir en Whatsapp' rel=\"noopener\"><span class='avia_hidden_link_text'>Compartir en Whatsapp<\/span><\/a><\/li><li class='av-share-link av-social-link-linkedin' ><a target=\"_blank\" aria-label=\"Compartir en LinkedIn\" href='https:\/\/linkedin.com\/shareArticle?mini=true&#038;title=Instituto%20de%20Deportes%20regional%20adquiere%20Tatami%20de%20judo%20de%20alta%20competencia&#038;url=https:\/\/radiorevelacionfm.cl\/?p=42423' aria-hidden='false' data-av_icon='\ue8fc' data-av_iconfont='entypo-fontello' title='' data-avia-related-tooltip='Compartir en LinkedIn' rel=\"noopener\"><span class='avia_hidden_link_text'>Compartir en LinkedIn<\/span><\/a><\/li><li class='av-share-link av-social-link-mail' ><a  aria-label=\"Compartir por correo\" href='mailto:?subject=Instituto%20de%20Deportes%20regional%20adquiere%20Tatami%20de%20judo%20de%20alta%20competencia&#038;body=https:\/\/radiorevelacionfm.cl\/?p=42423' aria-hidden='false' data-av_icon='\ue805' data-av_iconfont='entypo-fontello' title='' data-avia-related-tooltip='Compartir por correo'><span class='avia_hidden_link_text'>Compartir por correo<\/span><\/a><\/li><\/ul><\/div><\/div>\n<div  style='height:50px' class='hr hr-invisible   avia-builder-el-8  el_after_av_social_share  el_before_av_comments_list '><span class='hr-inner ' ><span class='hr-inner-style'><\/span><\/span><\/div>\n<div  class='av-buildercomment  av-blog-meta-html-info-disabled av-blog-meta-tag-disabled  '><\/div>\n","protected":false},"excerpt":{"rendered":"","protected":false},"author":1,"featured_media":42424,"comment_status":"open","ping_status":"open","sticky":false,"template":"","format":"standard","meta":{"footnotes":""},"categories":[40],"tags":[],"class_list":["post-42423","post","type-post","status-publish","format-standard","has-post-thumbnail","hentry","category-deportes"],"jetpack_featured_media_url":"https:\/\/radiorevelacionfm.cl\/wp-content\/uploads\/2024\/05\/t5-1-1.jpeg","_links":{"self":[{"href":"https:\/\/radiorevelacionfm.cl\/index.php?rest_route=\/wp\/v2\/posts\/42423","targetHints":{"allow":["GET"]}}],"collection":[{"href":"https:\/\/radiorevelacionfm.cl\/index.php?rest_route=\/wp\/v2\/posts"}],"about":[{"href":"https:\/\/radiorevelacionfm.cl\/index.php?rest_route=\/wp\/v2\/types\/post"}],"author":[{"embeddable":true,"href":"https:\/\/radiorevelacionfm.cl\/index.php?rest_route=\/wp\/v2\/users\/1"}],"replies":[{"embeddable":true,"href":"https:\/\/radiorevelacionfm.cl\/index.php?rest_route=%2Fwp%2Fv2%2Fcomments&post=42423"}],"version-history":[{"count":1,"href":"https:\/\/radiorevelacionfm.cl\/index.php?rest_route=\/wp\/v2\/posts\/42423\/revisions"}],"predecessor-version":[{"id":42425,"href":"https:\/\/radiorevelacionfm.cl\/index.php?rest_route=\/wp\/v2\/posts\/42423\/revisions\/42425"}],"wp:featuredmedia":[{"embeddable":true,"href":"https:\/\/radiorevelacionfm.cl\/index.php?rest_route=\/wp\/v2\/media\/42424"}],"wp:attachment":[{"href":"https:\/\/radiorevelacionfm.cl\/index.php?rest_route=%2Fwp%2Fv2%2Fmedia&parent=42423"}],"wp:term":[{"taxonomy":"category","embeddable":true,"href":"https:\/\/radiorevelacionfm.cl\/index.php?rest_route=%2Fwp%2Fv2%2Fcategories&post=42423"},{"taxonomy":"post_tag","embeddable":true,"href":"https:\/\/radiorevelacionfm.cl\/index.php?rest_route=%2Fwp%2Fv2%2Ftags&post=42423"}],"curies":[{"name":"wp","href":"https:\/\/api.w.org\/{rel}","templated":true}]}}