{"id":42420,"date":"2024-05-23T22:39:18","date_gmt":"2024-05-24T01:39:18","guid":{"rendered":"https:\/\/radiorevelacionfm.cl\/?p=42420"},"modified":"2024-05-23T22:39:18","modified_gmt":"2024-05-24T01:39:18","slug":"corte-de-coyhaique-realiza-charla-sobre-derecho-privado-dirigida-a-comunidades-juridicas-de-aysen-y-magallanes","status":"publish","type":"post","link":"https:\/\/radiorevelacionfm.cl\/?p=42420","title":{"rendered":"Corte de Coyhaique realiza charla sobre derecho privado dirigida a comunidades jur\u00eddicas de Ays\u00e9n y Magallanes"},"content":{"rendered":"<div class=\"flex_column av_one_full  flex_column_div av-zero-column-padding first  avia-builder-el-0  el_before_av_one_full  avia-builder-el-first  \" style='border-radius:0px; '><div  class='avia-image-container  av-styling-    avia-builder-el-1  avia-builder-el-no-sibling  avia-align-center '  itemprop=\"image\" itemscope=\"itemscope\" itemtype=\"https:\/\/schema.org\/ImageObject\"  ><div class='avia-image-container-inner'><div class='avia-image-overlay-wrap'><img decoding=\"async\" class='wp-image-42421 avia-img-lazy-loading-not-42421 avia_image' src=\"https:\/\/radiorevelacionfm.cl\/wp-content\/uploads\/2024\/05\/Foto-01-charla-1-1.jpg\" alt='' title='Foto 01 charla (1) (1)' height=\"600\" width=\"900\"  itemprop=\"thumbnailUrl\" srcset=\"https:\/\/radiorevelacionfm.cl\/wp-content\/uploads\/2024\/05\/Foto-01-charla-1-1.jpg 900w, https:\/\/radiorevelacionfm.cl\/wp-content\/uploads\/2024\/05\/Foto-01-charla-1-1-300x200.jpg 300w, https:\/\/radiorevelacionfm.cl\/wp-content\/uploads\/2024\/05\/Foto-01-charla-1-1-768x512.jpg 768w, https:\/\/radiorevelacionfm.cl\/wp-content\/uploads\/2024\/05\/Foto-01-charla-1-1-705x470.jpg 705w, https:\/\/radiorevelacionfm.cl\/wp-content\/uploads\/2024\/05\/Foto-01-charla-1-1-450x300.jpg 450w, https:\/\/radiorevelacionfm.cl\/wp-content\/uploads\/2024\/05\/Foto-01-charla-1-1-600x400.jpg 600w\" sizes=\"(max-width: 900px) 100vw, 900px\" \/><\/div><\/div><\/div><\/div><div class=\"flex_column av_one_full  flex_column_div av-zero-column-padding first  avia-builder-el-2  el_after_av_one_full  el_before_av_one_full  column-top-margin\" style='border-radius:0px; '><section class=\"av_textblock_section \"  itemscope=\"itemscope\" itemtype=\"https:\/\/schema.org\/BlogPosting\" itemprop=\"blogPost\" ><div class='avia_textblock  '   itemprop=\"text\" ><p style=\"text-align: center;\"><span style=\"font-size: 18pt;\"><b>Corte de Coyhaique realiza charla sobre derecho privado dirigida a comunidades jur\u00eddicas de Ays\u00e9n y Magallanes<\/b><\/span><\/p>\n<div id=\"gtx-trans\" style=\"position: absolute; left: -50px; top: 4.31534px;\">\n<div class=\"gtx-trans-icon\"><\/div>\n<\/div>\n<\/div><\/section><\/div><div class=\"flex_column av_one_full  flex_column_div av-zero-column-padding first  avia-builder-el-4  el_after_av_one_full  el_before_av_hr  column-top-margin\" style='border-radius:0px; '><section class=\"av_textblock_section \"  itemscope=\"itemscope\" itemtype=\"https:\/\/schema.org\/BlogPosting\" itemprop=\"blogPost\" ><div class='avia_textblock  '   itemprop=\"text\" ><p class=\"v1MsoNormal\" style=\"text-align: justify;\">La Corte de Apelaciones de Coyhaique, en conjunto con la Asociaci\u00f3n Regional de Magistradas y Magistrados, y la Asociaci\u00f3n Regional de Notarios y Conservadores, desarrollaron durante la semana pasada la charla: \u00abColoquios Jur\u00eddicos en Oto\u00f1o\u00bb. Instancia que convoc\u00f3 a las comunidades jur\u00eddicas de las regiones de Ays\u00e9n y Magallanes, adem\u00e1s de otras zonas del pa\u00eds.<\/p>\n<p class=\"v1MsoNormal\" style=\"text-align: justify;\">La actividad fue llevada a cabo de manera presencial y telem\u00e1tica, y permiti\u00f3 iniciar este ciclo de charlas, que lidera el tribunal de alzada, con la presencia de tres acad\u00e9micos del Departamento de Derecho Privado de la Universidad de Concepci\u00f3n.<\/p>\n<p class=\"v1MsoNormal\" style=\"text-align: justify;\">En este contexto, el presidente de la Corte de Coyhaique, ministro Luis Aedo Mora, sostuvo que: \u00abjunto con agradecer la visita y las presentaciones de nuestros expositores, como Corte de Apelaciones tenemos el prop\u00f3sito de encabezar el desarrollo, al menos en una primera etapa bimensual, de encuentros tipo coloquio, donde haya una especie de conversatorio entre el mundo acad\u00e9mico, el mundo judicial, el mundo del foro y de la administraci\u00f3n p\u00fablica, y nos crea una oportunidad \u00fanica de di\u00e1logo sobre tem\u00e1ticas que son del todo de inter\u00e9s para cada uno de nosotros como profesionales del \u00e1rea del derecho\u00bb.<\/p>\n<p class=\"v1MsoNormal\" style=\"text-align: justify;\">Respecto a la instancia, el director del Departamento de Derecho Privado de la Universidad de Concepci\u00f3n, profesor Manuel Barr\u00eda, indic\u00f3 que \u00abpara nosotros como profesores es un momento de alegr\u00eda el poder visitar esta regi\u00f3n y nos sentimos muy alegres de poder haber viajado a Coyhaique y participar de esta extraordinaria jornada de la tarde en el cual hemos podido analizar diferentes temas jur\u00eddicos. En esta oportunidad, desde el punto de vista del derecho privado, tanto en materia de obligaciones con pluralidad de sujetos en materia de derecho registral y las y los proyectos de reforma que se han planteado y tambi\u00e9n algunos aspectos vinculados a las agresiones al sistema sucesorio chileno, especialmente a las asignaciones forzosas\u00bb.<\/p>\n<p class=\"v1MsoNormal\" style=\"text-align: justify;\">Indicar que las presentaciones estuvieron a cargo del profesor Andr\u00e9s Kuncar Oneto con la charla:\u00a0 \u00abObligaciones con pluralidad de sujetos pasivos. Panorama actual\u00bb. En tanto, el profesor Manuel Barr\u00eda Paredes, present\u00f3: \u00abLas agresiones al sistema de asignaciones forzosas en Chile\u00bb, y finalmente, el Profesor Pedro Hidalgo Sarzosa, expuso: \u00abAlgunos problemas de la pr\u00e1ctica registral y las omisiones de la actual reforma\u00bb.<\/p>\n<\/div><\/section><\/div><div  style='height:50px' class='hr hr-invisible   avia-builder-el-6  el_after_av_one_full  el_before_av_social_share '><span class='hr-inner ' ><span class='hr-inner-style'><\/span><\/span><\/div><\/p>\n<div  class='av-social-sharing-box  avia-builder-el-7  el_after_av_hr  el_before_av_hr  '><div class='av-share-box'><h5 class='av-share-link-description av-no-toc '>Compartir esta noticia<\/h5><ul class='av-share-box-list noLightbox'><li class='av-share-link av-social-link-facebook' ><a target=\"_blank\" aria-label=\"Compartir en Facebook\" href='https:\/\/www.facebook.com\/sharer.php?u=https:\/\/radiorevelacionfm.cl\/?p=42420&#038;t=Corte%20de%20Coyhaique%20realiza%20charla%20sobre%20derecho%20privado%20dirigida%20a%20comunidades%20jur%C3%ADdicas%20de%20Ays%C3%A9n%20y%20Magallanes' aria-hidden='false' data-av_icon='\ue8f3' data-av_iconfont='entypo-fontello' title='' data-avia-related-tooltip='Compartir en Facebook' rel=\"noopener\"><span class='avia_hidden_link_text'>Compartir en Facebook<\/span><\/a><\/li><li class='av-share-link av-social-link-twitter' ><a target=\"_blank\" aria-label=\"Compartir en Twitter\" href='https:\/\/twitter.com\/share?text=Corte%20de%20Coyhaique%20realiza%20charla%20sobre%20derecho%20privado%20dirigida%20a%20comunidades%20jur%C3%ADdicas%20de%20Ays%C3%A9n%20y%20Magallanes&#038;url=https:\/\/radiorevelacionfm.cl\/?p=42420' aria-hidden='false' data-av_icon='\ue8f1' data-av_iconfont='entypo-fontello' title='' data-avia-related-tooltip='Compartir en Twitter' rel=\"noopener\"><span class='avia_hidden_link_text'>Compartir en Twitter<\/span><\/a><\/li><li class='av-share-link av-social-link-whatsapp' ><a target=\"_blank\" aria-label=\"Compartir en Whatsapp\" href='https:\/\/api.whatsapp.com\/send?text=https:\/\/radiorevelacionfm.cl\/?p=42420' aria-hidden='false' data-av_icon='\uf232' data-av_iconfont='entypo-fontello' title='' data-avia-related-tooltip='Compartir en Whatsapp' rel=\"noopener\"><span class='avia_hidden_link_text'>Compartir en Whatsapp<\/span><\/a><\/li><li class='av-share-link av-social-link-linkedin' ><a target=\"_blank\" aria-label=\"Compartir en LinkedIn\" href='https:\/\/linkedin.com\/shareArticle?mini=true&#038;title=Corte%20de%20Coyhaique%20realiza%20charla%20sobre%20derecho%20privado%20dirigida%20a%20comunidades%20jur%C3%ADdicas%20de%20Ays%C3%A9n%20y%20Magallanes&#038;url=https:\/\/radiorevelacionfm.cl\/?p=42420' aria-hidden='false' data-av_icon='\ue8fc' data-av_iconfont='entypo-fontello' title='' data-avia-related-tooltip='Compartir en LinkedIn' rel=\"noopener\"><span class='avia_hidden_link_text'>Compartir en LinkedIn<\/span><\/a><\/li><li class='av-share-link av-social-link-mail' ><a  aria-label=\"Compartir por correo\" href='mailto:?subject=Corte%20de%20Coyhaique%20realiza%20charla%20sobre%20derecho%20privado%20dirigida%20a%20comunidades%20jur%C3%ADdicas%20de%20Ays%C3%A9n%20y%20Magallanes&#038;body=https:\/\/radiorevelacionfm.cl\/?p=42420' aria-hidden='false' data-av_icon='\ue805' data-av_iconfont='entypo-fontello' title='' data-avia-related-tooltip='Compartir por correo'><span class='avia_hidden_link_text'>Compartir por correo<\/span><\/a><\/li><\/ul><\/div><\/div>\n<div  style='height:50px' class='hr hr-invisible   avia-builder-el-8  el_after_av_social_share  el_before_av_comments_list '><span class='hr-inner ' ><span class='hr-inner-style'><\/span><\/span><\/div>\n<div  class='av-buildercomment  av-blog-meta-html-info-disabled av-blog-meta-tag-disabled  '><\/div>\n","protected":false},"excerpt":{"rendered":"","protected":false},"author":1,"featured_media":42421,"comment_status":"open","ping_status":"open","sticky":false,"template":"","format":"standard","meta":{"footnotes":""},"categories":[55],"tags":[],"class_list":["post-42420","post","type-post","status-publish","format-standard","has-post-thumbnail","hentry","category-justicia"],"jetpack_featured_media_url":"https:\/\/radiorevelacionfm.cl\/wp-content\/uploads\/2024\/05\/Foto-01-charla-1-1.jpg","_links":{"self":[{"href":"https:\/\/radiorevelacionfm.cl\/index.php?rest_route=\/wp\/v2\/posts\/42420","targetHints":{"allow":["GET"]}}],"collection":[{"href":"https:\/\/radiorevelacionfm.cl\/index.php?rest_route=\/wp\/v2\/posts"}],"about":[{"href":"https:\/\/radiorevelacionfm.cl\/index.php?rest_route=\/wp\/v2\/types\/post"}],"author":[{"embeddable":true,"href":"https:\/\/radiorevelacionfm.cl\/index.php?rest_route=\/wp\/v2\/users\/1"}],"replies":[{"embeddable":true,"href":"https:\/\/radiorevelacionfm.cl\/index.php?rest_route=%2Fwp%2Fv2%2Fcomments&post=42420"}],"version-history":[{"count":1,"href":"https:\/\/radiorevelacionfm.cl\/index.php?rest_route=\/wp\/v2\/posts\/42420\/revisions"}],"predecessor-version":[{"id":42422,"href":"https:\/\/radiorevelacionfm.cl\/index.php?rest_route=\/wp\/v2\/posts\/42420\/revisions\/42422"}],"wp:featuredmedia":[{"embeddable":true,"href":"https:\/\/radiorevelacionfm.cl\/index.php?rest_route=\/wp\/v2\/media\/42421"}],"wp:attachment":[{"href":"https:\/\/radiorevelacionfm.cl\/index.php?rest_route=%2Fwp%2Fv2%2Fmedia&parent=42420"}],"wp:term":[{"taxonomy":"category","embeddable":true,"href":"https:\/\/radiorevelacionfm.cl\/index.php?rest_route=%2Fwp%2Fv2%2Fcategories&post=42420"},{"taxonomy":"post_tag","embeddable":true,"href":"https:\/\/radiorevelacionfm.cl\/index.php?rest_route=%2Fwp%2Fv2%2Ftags&post=42420"}],"curies":[{"name":"wp","href":"https:\/\/api.w.org\/{rel}","templated":true}]}}