{"id":42416,"date":"2024-05-23T11:25:02","date_gmt":"2024-05-23T14:25:02","guid":{"rendered":"https:\/\/radiorevelacionfm.cl\/?p=42416"},"modified":"2024-05-23T11:25:02","modified_gmt":"2024-05-23T14:25:02","slug":"representantes-de-comunidad-de-melinka-y-de-raul-marin-balmaceda-realizan-positiva-evaluacion-de-proyectos-de-conservacion-de-servicios-sanitarios-rurales","status":"publish","type":"post","link":"https:\/\/radiorevelacionfm.cl\/?p=42416","title":{"rendered":"Representantes de comunidad de Melinka y de Ra\u00fal Mar\u00edn Balmaceda realizan positiva evaluaci\u00f3n de proyectos de conservaci\u00f3n de Servicios Sanitarios Rurales"},"content":{"rendered":"<div class=\"flex_column av_one_full  flex_column_div av-zero-column-padding first  avia-builder-el-0  el_before_av_one_full  avia-builder-el-first  \" style='border-radius:0px; '><div  class='avia-image-container  av-styling-    avia-builder-el-1  avia-builder-el-no-sibling  avia-align-center '  itemprop=\"image\" itemscope=\"itemscope\" itemtype=\"https:\/\/schema.org\/ImageObject\"  ><div class='avia-image-container-inner'><div class='avia-image-overlay-wrap'><img decoding=\"async\" class='wp-image-42417 avia-img-lazy-loading-not-42417 avia_image' src=\"https:\/\/radiorevelacionfm.cl\/wp-content\/uploads\/2024\/05\/ssr-pto_optimized.rmb-2-1.jpg\" alt='' title='ssr-pto_optimized.rmb-(2)-(1)' height=\"600\" width=\"989\"  itemprop=\"thumbnailUrl\" srcset=\"https:\/\/radiorevelacionfm.cl\/wp-content\/uploads\/2024\/05\/ssr-pto_optimized.rmb-2-1.jpg 989w, https:\/\/radiorevelacionfm.cl\/wp-content\/uploads\/2024\/05\/ssr-pto_optimized.rmb-2-1-300x182.jpg 300w, https:\/\/radiorevelacionfm.cl\/wp-content\/uploads\/2024\/05\/ssr-pto_optimized.rmb-2-1-768x466.jpg 768w, https:\/\/radiorevelacionfm.cl\/wp-content\/uploads\/2024\/05\/ssr-pto_optimized.rmb-2-1-705x428.jpg 705w, https:\/\/radiorevelacionfm.cl\/wp-content\/uploads\/2024\/05\/ssr-pto_optimized.rmb-2-1-450x273.jpg 450w, https:\/\/radiorevelacionfm.cl\/wp-content\/uploads\/2024\/05\/ssr-pto_optimized.rmb-2-1-600x364.jpg 600w\" sizes=\"(max-width: 989px) 100vw, 989px\" \/><\/div><\/div><\/div><\/div><div class=\"flex_column av_one_full  flex_column_div av-zero-column-padding first  avia-builder-el-2  el_after_av_one_full  el_before_av_one_full  column-top-margin\" style='border-radius:0px; '><section class=\"av_textblock_section \"  itemscope=\"itemscope\" itemtype=\"https:\/\/schema.org\/BlogPosting\" itemprop=\"blogPost\" ><div class='avia_textblock  '   itemprop=\"text\" ><p style=\"text-align: center;\"><strong><span style=\"font-size: 18pt;\">Representantes de comunidad de Melinka y de Ra\u00fal Mar\u00edn Balmaceda realizan positiva evaluaci\u00f3n de proyectos de conservaci\u00f3n de Servicios Sanitarios Rurales<\/span><\/strong><\/p>\n<div id=\"gtx-trans\" style=\"position: absolute; left: -50px; top: 4.31534px;\">\n<div class=\"gtx-trans-icon\"><\/div>\n<\/div>\n<\/div><\/section><\/div><div class=\"flex_column av_one_full  flex_column_div av-zero-column-padding first  avia-builder-el-4  el_after_av_one_full  el_before_av_hr  column-top-margin\" style='border-radius:0px; '><section class=\"av_textblock_section \"  itemscope=\"itemscope\" itemtype=\"https:\/\/schema.org\/BlogPosting\" itemprop=\"blogPost\" ><div class='avia_textblock  '   itemprop=\"text\" ><p style=\"text-align: justify;\">El Alcalde de la comuna de Las Guaitecas Marcos Silva Miranda y los presidentes de los Servicios Sanitarios Rurales de Melinka Sergio Caticura Nail y de Puerto Ra\u00fal Mar\u00edn Balmaceda Milton Lopend\u00eda Sandoval efectuaron una positiva evaluaci\u00f3n de los proyectos que el Ministerio de Obras P\u00fablicas a trav\u00e9s de la Subdirecci\u00f3n Regional de Servicios Sanitarios Rurales de la Direcci\u00f3n Regional de Obras Hidr\u00e1ulicas (DOH) del MOP va a comenzar a ejecutar en ambas localidades, con una inversi\u00f3n conjunta de $1.874 millones, un plazo de ejecuci\u00f3n de 240 d\u00edas, y beneficiando a 787 familias.<\/p>\n<p style=\"text-align: justify;\">De esta forma, las obras de conservaci\u00f3n y mejoramiento de los Servicios Sanitarios Rurales fueron bien recibidas por el Alcalde de la comuna de las Guaitecas Marcos Silva Miranda quien indic\u00f3 \u201cEn Guaitecas estamos muy contentos con la noticia de la adjudicaci\u00f3n del proyecto de conservaci\u00f3n \u00a0y mejoramiento del sistema de abastecimiento de agua potable de Melinka, que desde hace tiempo presenta diversos problemas y que ha tenido algunos episodios cr\u00edticos que incluso ha puesto \u00a0en riesgo la salud de los habitantes de la comuna, as\u00ed que agradecemos el sentido de urgencia con que se abord\u00f3 este proyecto. Se van a invertir casi mil millones de pesos para mejorar diversos aspectos del sistema de captaci\u00f3n y distribuci\u00f3n del agua, que ha sido una preocupaci\u00f3n constante de nuestra administraci\u00f3n y que va \u00a0a permitir dejar el sistema funcionando en mucho mejores condiciones, mientas se aborda un proyecto de mayor envergadura, que se haga cargo del crecimiento de Melinka hacia Repollal\u201d.<\/p>\n<p style=\"text-align: justify;\">Sobre esta misma iniciativa, Sergio Caticura Nail, presidente del Servicio Sanitario Rural de Melinka comento que est\u00e1 feliz con todo lo que han ido avanzando poco a poco en Melinka, porque no es f\u00e1cil entregar beneficios a un sector tan aislado como es Melinka, porque si en la capital regional las obras cuestan 100, en Melinka cuestan 250, debido a una serie de dificultades que presenta el territorio y c\u00f3mo llegar con los insumos necesarios para trabajar, lo que obstaculiza el desarrollo de esos beneficios, as\u00ed que para \u00e9l este proyecto de conservaci\u00f3n y mejoramiento del Servicio Sanitario Rural es muy positivo. \u201cPara nosotros es impagable, impagable esta obra que se va a ejecutar porque la necesitamos de verdad much\u00edsimo, much\u00edsimo (\u2026) Hemos tenido el apoyo constante de la DOH, y en ese sentido, estamos tremendamente agradecidos porque lo que necesit\u00e1bamos gracias a Dios nos han ido cooperando para que se vaya desarrollando y mejorando la calidad de vida especialmente de la gente m\u00e1s humilde, porque aqu\u00ed en este caso los que son m\u00e1s beneficiados es el grueso de la poblaci\u00f3n, porque hay un cierto n\u00famero que tiene la posibilidad de comprar agua en bidones, pero no en forma masiva Melinka, por lo tanto hay much\u00edsima gente que se est\u00e1 beneficiando con el abastecimiento que le entrega el APR, y en este caso por ejemplo tenemos que reconocer y agradecer la entrega completa y de forma desinteresada de parte de la DOH. Nosotros estamos tremendamente agradecidos por todo lo que nos est\u00e1n apoyando y entregando en todo sentido, y esperamos seguir avanzando de la misma manera con la colaboraci\u00f3n y apoyo de ellos para poder ir creciendo y que Melinka vaya definitivamente avanzando en algo que estuvimos tanto tiempo atrasados, como es el caso de un servicio b\u00e1sico e imprescindible que es el agua, porque nosotros sin luz podemos vivir, pero sin agua no. Por fin, se est\u00e1 considerando a la Isla con lo que merecidamente se le puede otorgar, que es algo tan imprescindible como es el agua\u201d.<\/p>\n<p style=\"text-align: justify;\">Por su parte, el Presidente del Comit\u00e9 de Agua Potable y Luz de Puerto Ra\u00fal Mar\u00edn Balmaceda, Milton Lopend\u00eda Sandoval destac\u00f3 que \u201cla localidad est\u00e1 creciendo y se est\u00e1n edificando nuevos domicilios y con esta inversi\u00f3n vamos a generar de buena forma el suministro de agua potable desde la captaci\u00f3n misma, hasta el \u00faltimo vecino que est\u00e1 solicitando agua potable, por lo cual es un tremendo adelanto, un tremendo beneficio\u201d.<\/p>\n<p style=\"text-align: justify;\">El Secretario Regional Ministerial de Obras P\u00fablicas, Patricio Sanhueza Ulloa, expres\u00f3 que \u201ces una gran satisfacci\u00f3n para nosotros, para el equipo de Servicios Sanitarios Rurales y para el Director Regional de Obras Hidr\u00e1ulicas las palabras expresadas tanto por el Alcalde de la comuna de Las Guaitecas como de los dirigentes de los Servicios Sanitarios Rurales de Melinka y de Puerto Ra\u00fal Mar\u00edn Balmaceda, reconociendo el trabajo y la oportunidad con la que se llega con la inversi\u00f3n. Para nosotros tambi\u00e9n es destacable que estamos logrando llegar con la inversi\u00f3n p\u00fablica a localidades extremas, y generando la reactivaci\u00f3n econ\u00f3mica que es el sello del a\u00f1o 2024, pero llegando principalmente con soluciones para esta gran cantidad de familias a las que lograremos mejorar las condiciones de suministro, de continuidad y de calidad del agua\u201d.<\/p>\n<\/div><\/section><\/div><div  style='height:50px' class='hr hr-invisible   avia-builder-el-6  el_after_av_one_full  el_before_av_social_share '><span class='hr-inner ' ><span class='hr-inner-style'><\/span><\/span><\/div><\/p>\n<div  class='av-social-sharing-box  avia-builder-el-7  el_after_av_hr  el_before_av_hr  '><div class='av-share-box'><h5 class='av-share-link-description av-no-toc '>Compartir esta noticia<\/h5><ul class='av-share-box-list noLightbox'><li class='av-share-link av-social-link-facebook' ><a target=\"_blank\" aria-label=\"Compartir en Facebook\" href='https:\/\/www.facebook.com\/sharer.php?u=https:\/\/radiorevelacionfm.cl\/?p=42416&#038;t=Representantes%20de%20comunidad%20de%20Melinka%20y%20de%20Ra%C3%BAl%20Mar%C3%ADn%20Balmaceda%20realizan%20positiva%20evaluaci%C3%B3n%20de%20proyectos%20de%20conservaci%C3%B3n%20de%20Servicios%20Sanitarios%20Rurales' aria-hidden='false' data-av_icon='\ue8f3' data-av_iconfont='entypo-fontello' title='' data-avia-related-tooltip='Compartir en Facebook' rel=\"noopener\"><span class='avia_hidden_link_text'>Compartir en Facebook<\/span><\/a><\/li><li class='av-share-link av-social-link-twitter' ><a target=\"_blank\" aria-label=\"Compartir en Twitter\" href='https:\/\/twitter.com\/share?text=Representantes%20de%20comunidad%20de%20Melinka%20y%20de%20Ra%C3%BAl%20Mar%C3%ADn%20Balmaceda%20realizan%20positiva%20evaluaci%C3%B3n%20de%20proyectos%20de%20conservaci%C3%B3n%20de%20Servicios%20Sanitarios%20Rurales&#038;url=https:\/\/radiorevelacionfm.cl\/?p=42416' aria-hidden='false' data-av_icon='\ue8f1' data-av_iconfont='entypo-fontello' title='' data-avia-related-tooltip='Compartir en Twitter' rel=\"noopener\"><span class='avia_hidden_link_text'>Compartir en Twitter<\/span><\/a><\/li><li class='av-share-link av-social-link-whatsapp' ><a target=\"_blank\" aria-label=\"Compartir en Whatsapp\" href='https:\/\/api.whatsapp.com\/send?text=https:\/\/radiorevelacionfm.cl\/?p=42416' aria-hidden='false' data-av_icon='\uf232' data-av_iconfont='entypo-fontello' title='' data-avia-related-tooltip='Compartir en Whatsapp' rel=\"noopener\"><span class='avia_hidden_link_text'>Compartir en Whatsapp<\/span><\/a><\/li><li class='av-share-link av-social-link-linkedin' ><a target=\"_blank\" aria-label=\"Compartir en LinkedIn\" href='https:\/\/linkedin.com\/shareArticle?mini=true&#038;title=Representantes%20de%20comunidad%20de%20Melinka%20y%20de%20Ra%C3%BAl%20Mar%C3%ADn%20Balmaceda%20realizan%20positiva%20evaluaci%C3%B3n%20de%20proyectos%20de%20conservaci%C3%B3n%20de%20Servicios%20Sanitarios%20Rurales&#038;url=https:\/\/radiorevelacionfm.cl\/?p=42416' aria-hidden='false' data-av_icon='\ue8fc' data-av_iconfont='entypo-fontello' title='' data-avia-related-tooltip='Compartir en LinkedIn' rel=\"noopener\"><span class='avia_hidden_link_text'>Compartir en LinkedIn<\/span><\/a><\/li><li class='av-share-link av-social-link-mail' ><a  aria-label=\"Compartir por correo\" href='mailto:?subject=Representantes%20de%20comunidad%20de%20Melinka%20y%20de%20Ra%C3%BAl%20Mar%C3%ADn%20Balmaceda%20realizan%20positiva%20evaluaci%C3%B3n%20de%20proyectos%20de%20conservaci%C3%B3n%20de%20Servicios%20Sanitarios%20Rurales&#038;body=https:\/\/radiorevelacionfm.cl\/?p=42416' aria-hidden='false' data-av_icon='\ue805' data-av_iconfont='entypo-fontello' title='' data-avia-related-tooltip='Compartir por correo'><span class='avia_hidden_link_text'>Compartir por correo<\/span><\/a><\/li><\/ul><\/div><\/div>\n<div  style='height:50px' class='hr hr-invisible   avia-builder-el-8  el_after_av_social_share  el_before_av_comments_list '><span class='hr-inner ' ><span class='hr-inner-style'><\/span><\/span><\/div>\n<div  class='av-buildercomment  av-blog-meta-html-info-disabled av-blog-meta-tag-disabled  '><\/div>\n","protected":false},"excerpt":{"rendered":"","protected":false},"author":1,"featured_media":42417,"comment_status":"open","ping_status":"open","sticky":false,"template":"","format":"standard","meta":{"footnotes":""},"categories":[38],"tags":[],"class_list":["post-42416","post","type-post","status-publish","format-standard","has-post-thumbnail","hentry","category-regional"],"jetpack_featured_media_url":"https:\/\/radiorevelacionfm.cl\/wp-content\/uploads\/2024\/05\/ssr-pto_optimized.rmb-2-1.jpg","_links":{"self":[{"href":"https:\/\/radiorevelacionfm.cl\/index.php?rest_route=\/wp\/v2\/posts\/42416","targetHints":{"allow":["GET"]}}],"collection":[{"href":"https:\/\/radiorevelacionfm.cl\/index.php?rest_route=\/wp\/v2\/posts"}],"about":[{"href":"https:\/\/radiorevelacionfm.cl\/index.php?rest_route=\/wp\/v2\/types\/post"}],"author":[{"embeddable":true,"href":"https:\/\/radiorevelacionfm.cl\/index.php?rest_route=\/wp\/v2\/users\/1"}],"replies":[{"embeddable":true,"href":"https:\/\/radiorevelacionfm.cl\/index.php?rest_route=%2Fwp%2Fv2%2Fcomments&post=42416"}],"version-history":[{"count":1,"href":"https:\/\/radiorevelacionfm.cl\/index.php?rest_route=\/wp\/v2\/posts\/42416\/revisions"}],"predecessor-version":[{"id":42418,"href":"https:\/\/radiorevelacionfm.cl\/index.php?rest_route=\/wp\/v2\/posts\/42416\/revisions\/42418"}],"wp:featuredmedia":[{"embeddable":true,"href":"https:\/\/radiorevelacionfm.cl\/index.php?rest_route=\/wp\/v2\/media\/42417"}],"wp:attachment":[{"href":"https:\/\/radiorevelacionfm.cl\/index.php?rest_route=%2Fwp%2Fv2%2Fmedia&parent=42416"}],"wp:term":[{"taxonomy":"category","embeddable":true,"href":"https:\/\/radiorevelacionfm.cl\/index.php?rest_route=%2Fwp%2Fv2%2Fcategories&post=42416"},{"taxonomy":"post_tag","embeddable":true,"href":"https:\/\/radiorevelacionfm.cl\/index.php?rest_route=%2Fwp%2Fv2%2Ftags&post=42416"}],"curies":[{"name":"wp","href":"https:\/\/api.w.org\/{rel}","templated":true}]}}