{"id":42413,"date":"2024-05-22T22:29:23","date_gmt":"2024-05-23T01:29:23","guid":{"rendered":"https:\/\/radiorevelacionfm.cl\/?p=42413"},"modified":"2024-05-22T22:29:23","modified_gmt":"2024-05-23T01:29:23","slug":"actividades-de-interaccion-con-la-comunidad-marcaron-celebracion-del-tercer-ano-de-kin-ball-aysen","status":"publish","type":"post","link":"https:\/\/radiorevelacionfm.cl\/?p=42413","title":{"rendered":"Actividades de interacci\u00f3n con la comunidad marcaron celebraci\u00f3n del Tercer a\u00f1o de Kin-Ball Ays\u00e9n"},"content":{"rendered":"<div class=\"flex_column av_one_full  flex_column_div av-zero-column-padding first  avia-builder-el-0  el_before_av_one_full  avia-builder-el-first  \" style='border-radius:0px; '><div  class='avia-image-container  av-styling-    avia-builder-el-1  avia-builder-el-no-sibling  avia-align-center '  itemprop=\"image\" itemscope=\"itemscope\" itemtype=\"https:\/\/schema.org\/ImageObject\"  ><div class='avia-image-container-inner'><div class='avia-image-overlay-wrap'><img decoding=\"async\" class='wp-image-42414 avia-img-lazy-loading-not-42414 avia_image' src=\"https:\/\/radiorevelacionfm.cl\/wp-content\/uploads\/2024\/05\/KINBALL-TRES-ANOS-3-1-1.jpeg\" alt='' title='KINBALL TRES A\u00d1OS 3 (1) (1)' height=\"600\" width=\"900\"  itemprop=\"thumbnailUrl\" srcset=\"https:\/\/radiorevelacionfm.cl\/wp-content\/uploads\/2024\/05\/KINBALL-TRES-ANOS-3-1-1.jpeg 900w, https:\/\/radiorevelacionfm.cl\/wp-content\/uploads\/2024\/05\/KINBALL-TRES-ANOS-3-1-1-300x200.jpeg 300w, https:\/\/radiorevelacionfm.cl\/wp-content\/uploads\/2024\/05\/KINBALL-TRES-ANOS-3-1-1-768x512.jpeg 768w, https:\/\/radiorevelacionfm.cl\/wp-content\/uploads\/2024\/05\/KINBALL-TRES-ANOS-3-1-1-705x470.jpeg 705w, https:\/\/radiorevelacionfm.cl\/wp-content\/uploads\/2024\/05\/KINBALL-TRES-ANOS-3-1-1-450x300.jpeg 450w, https:\/\/radiorevelacionfm.cl\/wp-content\/uploads\/2024\/05\/KINBALL-TRES-ANOS-3-1-1-600x400.jpeg 600w\" sizes=\"(max-width: 900px) 100vw, 900px\" \/><\/div><\/div><\/div><\/div><div class=\"flex_column av_one_full  flex_column_div av-zero-column-padding first  avia-builder-el-2  el_after_av_one_full  el_before_av_one_full  column-top-margin\" style='border-radius:0px; '><section class=\"av_textblock_section \"  itemscope=\"itemscope\" itemtype=\"https:\/\/schema.org\/BlogPosting\" itemprop=\"blogPost\" ><div class='avia_textblock  '   itemprop=\"text\" ><p style=\"text-align: center;\"><strong><span style=\"font-size: 18pt;\">Actividades de interacci\u00f3n con la comunidad marcaron celebraci\u00f3n del Tercer a\u00f1o de Kin-Ball Ays\u00e9n<\/span><\/strong><\/p>\n<div id=\"gtx-trans\" style=\"position: absolute; left: -50px; top: 4.31534px;\">\n<div class=\"gtx-trans-icon\"><\/div>\n<\/div>\n<\/div><\/section><\/div><div class=\"flex_column av_one_full  flex_column_div av-zero-column-padding first  avia-builder-el-4  el_after_av_one_full  el_before_av_hr  column-top-margin\" style='border-radius:0px; '><section class=\"av_textblock_section \"  itemscope=\"itemscope\" itemtype=\"https:\/\/schema.org\/BlogPosting\" itemprop=\"blogPost\" ><div class='avia_textblock  '   itemprop=\"text\" ><p style=\"text-align: justify;\">Durante toda una jornada al interior del Polideportivo \u201c21 de abril\u201d el Club Kin-Ball Ays\u00e9n realiz\u00f3 un Campeonato local de esta disciplina y con la activa participaci\u00f3n de la comunidad, principalmente ni\u00f1os y j\u00f3venes, llevaron a cabo cl\u00ednicas deportivas.<\/p>\n<p style=\"text-align: justify;\">Todo lo anterior, en el marco del tercer a\u00f1o desde que se crea esta organizaci\u00f3n, que al pasar el tiempo ha ido interesando y llamado la atenci\u00f3n de muchas personas. Al concluir la actividad, su presidenta e instructora, Carolina Arcos, realiz\u00f3 un positivo balance.<\/p>\n<p style=\"text-align: justify;\">\u201cEl balance de la actividad en general fue bastante beneficioso para el club, partiendo por el torneo en conmemoraci\u00f3n de los tres a\u00f1os de constituci\u00f3n del club, donde cada uno de los integrantes particip\u00f3 en esta jornada, desde las 09:30 hasta aproximadamente las 6 de la tarde. Despu\u00e9s de eso, tuvimos la cl\u00ednica deportiva para ni\u00f1os, donde participaron ni\u00f1os de 5 hasta 12,15 a\u00f1os\u201d.<\/p>\n<p style=\"text-align: justify;\">En esta actividad hubo una serie de entidades, empresas y programas que se sumaron, por ejemplo, \u201cparticip\u00f3 el programa Quiero Mi Barrio Las Villas, ellos se hicieron participe con colaciones saludables en conjunto con Kin-Ball Ays\u00e9n, que tambi\u00e9n acompa\u00f1amos esta jornada con colaciones. Obviamente los ni\u00f1os disfrutaron, la pasaron bastante bien, realizaron bastantes juegos, los chicos del mismo club en los juegos con ellos, as\u00ed es que, fue una jornada bastante bonita\u201d, manifest\u00f3 Carolina Arcos.<\/p>\n<p style=\"text-align: justify;\">La celebraci\u00f3n de los tres a\u00f1os tambi\u00e9n consider\u00f3 la participaci\u00f3n de servicios p\u00fablicos, adem\u00e1s, de algunos emprendedores, quienes \u201cencontraron que fue una actividad bonita, nos dieron los agradecimientos. Lo mismo con el Cesfam de Puerto Ays\u00e9n, ellos estaban con un stand con tomas de muestra EMPA, vacunatorio y tomas r\u00e1pidas de VIH. As\u00ed es que, yo creo que fue una jornada bastante beneficiosa para toda la comunidad\u201d.<\/p>\n<p style=\"text-align: justify;\">Hasta Polideportivo tambi\u00e9n llegaron algunas autoridades como el Alcalde Julio Uribe y la Concejala M\u00f3nica Navarrete, quienes, junto con felicitar el desarrollo de nuevas disciplinas deportivas, destacaron la organizaci\u00f3n del evento, inclusi\u00f3n de ni\u00f1os y fueron parte de la ceremonia de premiaci\u00f3n en la jornada de competencia y cl\u00ednicas del Kin-Ball.<\/p>\n<\/div><\/section><\/div><div  style='height:50px' class='hr hr-invisible   avia-builder-el-6  el_after_av_one_full  el_before_av_social_share '><span class='hr-inner ' ><span class='hr-inner-style'><\/span><\/span><\/div><\/p>\n<div  class='av-social-sharing-box  avia-builder-el-7  el_after_av_hr  el_before_av_hr  '><div class='av-share-box'><h5 class='av-share-link-description av-no-toc '>Compartir esta noticia<\/h5><ul class='av-share-box-list noLightbox'><li class='av-share-link av-social-link-facebook' ><a target=\"_blank\" aria-label=\"Compartir en Facebook\" href='https:\/\/www.facebook.com\/sharer.php?u=https:\/\/radiorevelacionfm.cl\/?p=42413&#038;t=Actividades%20de%20interacci%C3%B3n%20con%20la%20comunidad%20marcaron%20celebraci%C3%B3n%20del%20Tercer%20a%C3%B1o%20de%20Kin-Ball%20Ays%C3%A9n' aria-hidden='false' data-av_icon='\ue8f3' data-av_iconfont='entypo-fontello' title='' data-avia-related-tooltip='Compartir en Facebook' rel=\"noopener\"><span class='avia_hidden_link_text'>Compartir en Facebook<\/span><\/a><\/li><li class='av-share-link av-social-link-twitter' ><a target=\"_blank\" aria-label=\"Compartir en Twitter\" href='https:\/\/twitter.com\/share?text=Actividades%20de%20interacci%C3%B3n%20con%20la%20comunidad%20marcaron%20celebraci%C3%B3n%20del%20Tercer%20a%C3%B1o%20de%20Kin-Ball%20Ays%C3%A9n&#038;url=https:\/\/radiorevelacionfm.cl\/?p=42413' aria-hidden='false' data-av_icon='\ue8f1' data-av_iconfont='entypo-fontello' title='' data-avia-related-tooltip='Compartir en Twitter' rel=\"noopener\"><span class='avia_hidden_link_text'>Compartir en Twitter<\/span><\/a><\/li><li class='av-share-link av-social-link-whatsapp' ><a target=\"_blank\" aria-label=\"Compartir en Whatsapp\" href='https:\/\/api.whatsapp.com\/send?text=https:\/\/radiorevelacionfm.cl\/?p=42413' aria-hidden='false' data-av_icon='\uf232' data-av_iconfont='entypo-fontello' title='' data-avia-related-tooltip='Compartir en Whatsapp' rel=\"noopener\"><span class='avia_hidden_link_text'>Compartir en Whatsapp<\/span><\/a><\/li><li class='av-share-link av-social-link-linkedin' ><a target=\"_blank\" aria-label=\"Compartir en LinkedIn\" href='https:\/\/linkedin.com\/shareArticle?mini=true&#038;title=Actividades%20de%20interacci%C3%B3n%20con%20la%20comunidad%20marcaron%20celebraci%C3%B3n%20del%20Tercer%20a%C3%B1o%20de%20Kin-Ball%20Ays%C3%A9n&#038;url=https:\/\/radiorevelacionfm.cl\/?p=42413' aria-hidden='false' data-av_icon='\ue8fc' data-av_iconfont='entypo-fontello' title='' data-avia-related-tooltip='Compartir en LinkedIn' rel=\"noopener\"><span class='avia_hidden_link_text'>Compartir en LinkedIn<\/span><\/a><\/li><li class='av-share-link av-social-link-mail' ><a  aria-label=\"Compartir por correo\" href='mailto:?subject=Actividades%20de%20interacci%C3%B3n%20con%20la%20comunidad%20marcaron%20celebraci%C3%B3n%20del%20Tercer%20a%C3%B1o%20de%20Kin-Ball%20Ays%C3%A9n&#038;body=https:\/\/radiorevelacionfm.cl\/?p=42413' aria-hidden='false' data-av_icon='\ue805' data-av_iconfont='entypo-fontello' title='' data-avia-related-tooltip='Compartir por correo'><span class='avia_hidden_link_text'>Compartir por correo<\/span><\/a><\/li><\/ul><\/div><\/div>\n<div  style='height:50px' class='hr hr-invisible   avia-builder-el-8  el_after_av_social_share  el_before_av_comments_list '><span class='hr-inner ' ><span class='hr-inner-style'><\/span><\/span><\/div>\n<div  class='av-buildercomment  av-blog-meta-html-info-disabled av-blog-meta-tag-disabled  '><\/div>\n","protected":false},"excerpt":{"rendered":"","protected":false},"author":1,"featured_media":42414,"comment_status":"open","ping_status":"open","sticky":false,"template":"","format":"standard","meta":{"footnotes":""},"categories":[38],"tags":[],"class_list":["post-42413","post","type-post","status-publish","format-standard","has-post-thumbnail","hentry","category-regional"],"jetpack_featured_media_url":"https:\/\/radiorevelacionfm.cl\/wp-content\/uploads\/2024\/05\/KINBALL-TRES-ANOS-3-1-1.jpeg","_links":{"self":[{"href":"https:\/\/radiorevelacionfm.cl\/index.php?rest_route=\/wp\/v2\/posts\/42413","targetHints":{"allow":["GET"]}}],"collection":[{"href":"https:\/\/radiorevelacionfm.cl\/index.php?rest_route=\/wp\/v2\/posts"}],"about":[{"href":"https:\/\/radiorevelacionfm.cl\/index.php?rest_route=\/wp\/v2\/types\/post"}],"author":[{"embeddable":true,"href":"https:\/\/radiorevelacionfm.cl\/index.php?rest_route=\/wp\/v2\/users\/1"}],"replies":[{"embeddable":true,"href":"https:\/\/radiorevelacionfm.cl\/index.php?rest_route=%2Fwp%2Fv2%2Fcomments&post=42413"}],"version-history":[{"count":1,"href":"https:\/\/radiorevelacionfm.cl\/index.php?rest_route=\/wp\/v2\/posts\/42413\/revisions"}],"predecessor-version":[{"id":42415,"href":"https:\/\/radiorevelacionfm.cl\/index.php?rest_route=\/wp\/v2\/posts\/42413\/revisions\/42415"}],"wp:featuredmedia":[{"embeddable":true,"href":"https:\/\/radiorevelacionfm.cl\/index.php?rest_route=\/wp\/v2\/media\/42414"}],"wp:attachment":[{"href":"https:\/\/radiorevelacionfm.cl\/index.php?rest_route=%2Fwp%2Fv2%2Fmedia&parent=42413"}],"wp:term":[{"taxonomy":"category","embeddable":true,"href":"https:\/\/radiorevelacionfm.cl\/index.php?rest_route=%2Fwp%2Fv2%2Fcategories&post=42413"},{"taxonomy":"post_tag","embeddable":true,"href":"https:\/\/radiorevelacionfm.cl\/index.php?rest_route=%2Fwp%2Fv2%2Ftags&post=42413"}],"curies":[{"name":"wp","href":"https:\/\/api.w.org\/{rel}","templated":true}]}}