{"id":42410,"date":"2024-05-23T12:41:27","date_gmt":"2024-05-23T15:41:27","guid":{"rendered":"https:\/\/radiorevelacionfm.cl\/?p=42410"},"modified":"2024-05-23T12:41:27","modified_gmt":"2024-05-23T15:41:27","slug":"sesiona-primera-mesa-regional-interinstitucional-para-velar-por-la-proteccion-integral-de-los-derechos-de-la-ninez-y-adolescencia","status":"publish","type":"post","link":"https:\/\/radiorevelacionfm.cl\/?p=42410","title":{"rendered":"Sesiona primera Mesa Regional Interinstitucional para velar por la protecci\u00f3n integral de los Derechos de la Ni\u00f1ez y Adolescencia"},"content":{"rendered":"<div class=\"flex_column av_one_full  flex_column_div av-zero-column-padding first  avia-builder-el-0  el_before_av_one_full  avia-builder-el-first  \" style='border-radius:0px; '><div  class='avia-image-container  av-styling-    avia-builder-el-1  avia-builder-el-no-sibling  avia-align-center '  itemprop=\"image\" itemscope=\"itemscope\" itemtype=\"https:\/\/schema.org\/ImageObject\"  ><div class='avia-image-container-inner'><div class='avia-image-overlay-wrap'><img decoding=\"async\" class='wp-image-42411 avia-img-lazy-loading-not-42411 avia_image' src=\"https:\/\/radiorevelacionfm.cl\/wp-content\/uploads\/2024\/05\/mesa-infancia4-1_optimized.jpeg\" alt='' title='mesa-infancia(4)-(1)_optimized' height=\"600\" width=\"1064\"  itemprop=\"thumbnailUrl\" srcset=\"https:\/\/radiorevelacionfm.cl\/wp-content\/uploads\/2024\/05\/mesa-infancia4-1_optimized.jpeg 1064w, https:\/\/radiorevelacionfm.cl\/wp-content\/uploads\/2024\/05\/mesa-infancia4-1_optimized-300x169.jpeg 300w, https:\/\/radiorevelacionfm.cl\/wp-content\/uploads\/2024\/05\/mesa-infancia4-1_optimized-1030x581.jpeg 1030w, https:\/\/radiorevelacionfm.cl\/wp-content\/uploads\/2024\/05\/mesa-infancia4-1_optimized-768x433.jpeg 768w, https:\/\/radiorevelacionfm.cl\/wp-content\/uploads\/2024\/05\/mesa-infancia4-1_optimized-705x398.jpeg 705w, https:\/\/radiorevelacionfm.cl\/wp-content\/uploads\/2024\/05\/mesa-infancia4-1_optimized-450x254.jpeg 450w, https:\/\/radiorevelacionfm.cl\/wp-content\/uploads\/2024\/05\/mesa-infancia4-1_optimized-600x338.jpeg 600w\" sizes=\"(max-width: 1064px) 100vw, 1064px\" \/><\/div><\/div><\/div><\/div><div class=\"flex_column av_one_full  flex_column_div av-zero-column-padding first  avia-builder-el-2  el_after_av_one_full  el_before_av_one_full  column-top-margin\" style='border-radius:0px; '><section class=\"av_textblock_section \"  itemscope=\"itemscope\" itemtype=\"https:\/\/schema.org\/BlogPosting\" itemprop=\"blogPost\" ><div class='avia_textblock  '   itemprop=\"text\" ><p style=\"text-align: center;\"><span style=\"font-size: 18pt;\"><strong>Sesiona primera Mesa Regional Interinstitucional para velar por la protecci\u00f3n integral de los Derechos de la Ni\u00f1ez y Adolescencia<\/strong><\/span><\/p>\n<div id=\"gtx-trans\" style=\"position: absolute; left: -50px; top: 4.31534px;\">\n<div class=\"gtx-trans-icon\"><\/div>\n<\/div>\n<\/div><\/section><\/div><div class=\"flex_column av_one_full  flex_column_div av-zero-column-padding first  avia-builder-el-4  el_after_av_one_full  el_before_av_hr  column-top-margin\" style='border-radius:0px; '><section class=\"av_textblock_section \"  itemscope=\"itemscope\" itemtype=\"https:\/\/schema.org\/BlogPosting\" itemprop=\"blogPost\" ><div class='avia_textblock  '   itemprop=\"text\" ><p style=\"text-align: justify;\">Con amplia asistencia sesion\u00f3 la primera Mesa de Articulaci\u00f3n Interinstitucional de la Ni\u00f1ez y Adolescencia que tiene por objetivo articular a distintos servicios p\u00fablicos para cumplir el mandato de la protecci\u00f3n integral de ni\u00f1as, ni\u00f1os y adolescentes de la regi\u00f3n de Ays\u00e9n, de acuerdo a la Ley 21.430.<\/p>\n<p style=\"text-align: justify;\">La Mesa de Articulaci\u00f3n Interinstitucional, deber\u00e1 informar acerca de las necesidades y brechas que afectan la protecci\u00f3n integral de los ni\u00f1os, ni\u00f1as, adolescentes y sus familias de la regi\u00f3n. Al respecto la seremi de Desarrollo Social y Familia Karina Acevedo Auad valor\u00f3 el encuentro y los acuerdos. \u201cVemos el compromiso y la necesidad de conversar de parte de todos los servicios y sabemos que esta mesa va a tener frutos importantes en nuestro actuar\u201d, adicionalmente enfatiz\u00f3 que \u201cLa Ley de Garant\u00edas que lleva dos a\u00f1os, nos ha colocado como pa\u00eds un tremendo desaf\u00edo de poder precisamente generar garant\u00edas de diferentes maneras en cuanto a derechos de ni\u00f1as ni\u00f1os y adolescentes y por supuesto el ser protegidos. Hablamos de un Estado que se articula y trabaja en funci\u00f3n de la ni\u00f1ez y adolescencia y, lo que hemos hecho ahora, es precisamente crear esta mesa interinstitucional en donde todos los organismos del Estado debemos confluir para garantizar lo que nos mandata la Ley y as\u00ed podremos atender y dar respuesta oportuna y eficiente en nuestro territorio que es bien extenso\u201d.<\/p>\n<p style=\"text-align: justify;\">La protecci\u00f3n integral se desarrolla a partir de una red intersectorial de medios de acci\u00f3n ejecutados a partir de pol\u00edticas, planes, programas, servicios, prestaciones, procedimientos y medidas de protecci\u00f3n de derechos.<\/p>\n<p style=\"text-align: justify;\">\u201cComo Gobierno del Presidente Gabriel Boric, estamos muy contentos porque dimos inicio a esta Primera Mesa que nos mandata la Ley 21.430 de Garant\u00edas y protecci\u00f3n integral de derechos a la ni\u00f1ez y adolescencia, en la regi\u00f3n de Ays\u00e9n. Fuimos invitados a participar en esta instancia por la Seremi de Desarrollo Social, en donde pudimos ser part\u00edcipes de las prioridades en cuanto a salud mental, convivencia escolar, infraestructura, deporte, cultura, consumo problem\u00e1tico de alcohol y drogas, entre otros. Se gener\u00f3 un trabajo grupal muy productivo en el que se plantearon los desaf\u00edos y tareas para la pr\u00f3xima cita, que se realizar\u00e1 cada tres meses, y cuyo principal objetivo es velar por los derechos de la ni\u00f1ez y adolescencia en nuestra regi\u00f3n\u201d, indic\u00f3 la seremi de Gobierno, Tatiana Pl\u00e1 \u00c1lvarez.<\/p>\n<p style=\"text-align: justify;\">En esta instancia participaron funcionarios y funcionarias de distintos servicios p\u00fablicos como: Servicio Nacional de Menores, Instituto Nacional del Deportes, Junta Nacional de Auxilio Escolar y Becas, Junta Nacional de Jardines Infantiles, Gobierno Regional, Delegaci\u00f3n Presidencial Regional, entre otros.<\/p>\n<p style=\"text-align: justify;\">Finalmente, Israel Villavicencio Ch\u00e1vez, director Regional de Migraciones, precis\u00f3: \u201cSe ha venido trabajando de manera constante, desde el a\u00f1o 1990 en adelante, desde que Chile ratifica la Convecci\u00f3n sobre los Derechos del Ni\u00f1o; en mejorar y convertir de manera m\u00e1s eficaz la protecci\u00f3n integral de los derechos de las infancias y las juventudes. La ley de garant\u00edas y protecci\u00f3n integral de derechos a la ni\u00f1ez y adolescencia (21.430) viene a fortalecer, m\u00e1s all\u00e1 del tiempo en el que llega, esa protecci\u00f3n de derechos y en este contexto es que nace esta Mesa y precisamente, lo que provoca es que se materialicen, de manera efectiva, acciones concretas que vayan en la protecci\u00f3n de los derechos de ni\u00f1os, ni\u00f1as y adolescentes\u201d.<\/p>\n<\/div><\/section><\/div><div  style='height:50px' class='hr hr-invisible   avia-builder-el-6  el_after_av_one_full  el_before_av_social_share '><span class='hr-inner ' ><span class='hr-inner-style'><\/span><\/span><\/div><\/p>\n<div  class='av-social-sharing-box  avia-builder-el-7  el_after_av_hr  el_before_av_hr  '><div class='av-share-box'><h5 class='av-share-link-description av-no-toc '>Compartir esta noticia<\/h5><ul class='av-share-box-list noLightbox'><li class='av-share-link av-social-link-facebook' ><a target=\"_blank\" aria-label=\"Compartir en Facebook\" href='https:\/\/www.facebook.com\/sharer.php?u=https:\/\/radiorevelacionfm.cl\/?p=42410&#038;t=Sesiona%20primera%20Mesa%20Regional%20Interinstitucional%20para%20velar%20por%20la%20protecci%C3%B3n%20integral%20de%20los%20Derechos%20de%20la%20Ni%C3%B1ez%20y%20Adolescencia' aria-hidden='false' data-av_icon='\ue8f3' data-av_iconfont='entypo-fontello' title='' data-avia-related-tooltip='Compartir en Facebook' rel=\"noopener\"><span class='avia_hidden_link_text'>Compartir en Facebook<\/span><\/a><\/li><li class='av-share-link av-social-link-twitter' ><a target=\"_blank\" aria-label=\"Compartir en Twitter\" href='https:\/\/twitter.com\/share?text=Sesiona%20primera%20Mesa%20Regional%20Interinstitucional%20para%20velar%20por%20la%20protecci%C3%B3n%20integral%20de%20los%20Derechos%20de%20la%20Ni%C3%B1ez%20y%20Adolescencia&#038;url=https:\/\/radiorevelacionfm.cl\/?p=42410' aria-hidden='false' data-av_icon='\ue8f1' data-av_iconfont='entypo-fontello' title='' data-avia-related-tooltip='Compartir en Twitter' rel=\"noopener\"><span class='avia_hidden_link_text'>Compartir en Twitter<\/span><\/a><\/li><li class='av-share-link av-social-link-whatsapp' ><a target=\"_blank\" aria-label=\"Compartir en Whatsapp\" href='https:\/\/api.whatsapp.com\/send?text=https:\/\/radiorevelacionfm.cl\/?p=42410' aria-hidden='false' data-av_icon='\uf232' data-av_iconfont='entypo-fontello' title='' data-avia-related-tooltip='Compartir en Whatsapp' rel=\"noopener\"><span class='avia_hidden_link_text'>Compartir en Whatsapp<\/span><\/a><\/li><li class='av-share-link av-social-link-linkedin' ><a target=\"_blank\" aria-label=\"Compartir en LinkedIn\" href='https:\/\/linkedin.com\/shareArticle?mini=true&#038;title=Sesiona%20primera%20Mesa%20Regional%20Interinstitucional%20para%20velar%20por%20la%20protecci%C3%B3n%20integral%20de%20los%20Derechos%20de%20la%20Ni%C3%B1ez%20y%20Adolescencia&#038;url=https:\/\/radiorevelacionfm.cl\/?p=42410' aria-hidden='false' data-av_icon='\ue8fc' data-av_iconfont='entypo-fontello' title='' data-avia-related-tooltip='Compartir en LinkedIn' rel=\"noopener\"><span class='avia_hidden_link_text'>Compartir en LinkedIn<\/span><\/a><\/li><li class='av-share-link av-social-link-mail' ><a  aria-label=\"Compartir por correo\" href='mailto:?subject=Sesiona%20primera%20Mesa%20Regional%20Interinstitucional%20para%20velar%20por%20la%20protecci%C3%B3n%20integral%20de%20los%20Derechos%20de%20la%20Ni%C3%B1ez%20y%20Adolescencia&#038;body=https:\/\/radiorevelacionfm.cl\/?p=42410' aria-hidden='false' data-av_icon='\ue805' data-av_iconfont='entypo-fontello' title='' data-avia-related-tooltip='Compartir por correo'><span class='avia_hidden_link_text'>Compartir por correo<\/span><\/a><\/li><\/ul><\/div><\/div>\n<div  style='height:50px' class='hr hr-invisible   avia-builder-el-8  el_after_av_social_share  el_before_av_comments_list '><span class='hr-inner ' ><span class='hr-inner-style'><\/span><\/span><\/div>\n<div  class='av-buildercomment  av-blog-meta-html-info-disabled av-blog-meta-tag-disabled  '><\/div>\n","protected":false},"excerpt":{"rendered":"","protected":false},"author":1,"featured_media":42411,"comment_status":"open","ping_status":"open","sticky":false,"template":"","format":"standard","meta":{"footnotes":""},"categories":[38],"tags":[],"class_list":["post-42410","post","type-post","status-publish","format-standard","has-post-thumbnail","hentry","category-regional"],"jetpack_featured_media_url":"https:\/\/radiorevelacionfm.cl\/wp-content\/uploads\/2024\/05\/mesa-infancia4-1_optimized.jpeg","_links":{"self":[{"href":"https:\/\/radiorevelacionfm.cl\/index.php?rest_route=\/wp\/v2\/posts\/42410","targetHints":{"allow":["GET"]}}],"collection":[{"href":"https:\/\/radiorevelacionfm.cl\/index.php?rest_route=\/wp\/v2\/posts"}],"about":[{"href":"https:\/\/radiorevelacionfm.cl\/index.php?rest_route=\/wp\/v2\/types\/post"}],"author":[{"embeddable":true,"href":"https:\/\/radiorevelacionfm.cl\/index.php?rest_route=\/wp\/v2\/users\/1"}],"replies":[{"embeddable":true,"href":"https:\/\/radiorevelacionfm.cl\/index.php?rest_route=%2Fwp%2Fv2%2Fcomments&post=42410"}],"version-history":[{"count":1,"href":"https:\/\/radiorevelacionfm.cl\/index.php?rest_route=\/wp\/v2\/posts\/42410\/revisions"}],"predecessor-version":[{"id":42412,"href":"https:\/\/radiorevelacionfm.cl\/index.php?rest_route=\/wp\/v2\/posts\/42410\/revisions\/42412"}],"wp:featuredmedia":[{"embeddable":true,"href":"https:\/\/radiorevelacionfm.cl\/index.php?rest_route=\/wp\/v2\/media\/42411"}],"wp:attachment":[{"href":"https:\/\/radiorevelacionfm.cl\/index.php?rest_route=%2Fwp%2Fv2%2Fmedia&parent=42410"}],"wp:term":[{"taxonomy":"category","embeddable":true,"href":"https:\/\/radiorevelacionfm.cl\/index.php?rest_route=%2Fwp%2Fv2%2Fcategories&post=42410"},{"taxonomy":"post_tag","embeddable":true,"href":"https:\/\/radiorevelacionfm.cl\/index.php?rest_route=%2Fwp%2Fv2%2Ftags&post=42410"}],"curies":[{"name":"wp","href":"https:\/\/api.w.org\/{rel}","templated":true}]}}