{"id":4241,"date":"2021-05-18T11:54:39","date_gmt":"2021-05-18T14:54:39","guid":{"rendered":"https:\/\/radiorevelacionfm.cl\/?p=4241"},"modified":"2021-05-18T12:27:44","modified_gmt":"2021-05-18T15:27:44","slug":"medio-ambiente-anuncia-seleccionados-al-programa-de-recambio-de-calefactores-en-coyhaique","status":"publish","type":"post","link":"https:\/\/radiorevelacionfm.cl\/?p=4241","title":{"rendered":"Medio Ambiente anuncia seleccionados al programa de Recambio de Calefactores en Coyhaique"},"content":{"rendered":"<div class=\"flex_column av_one_full  flex_column_div av-zero-column-padding first  avia-builder-el-0  el_before_av_one_full  avia-builder-el-first  \" style='border-radius:0px; '><div  class='avia-image-container  av-styling-    avia-builder-el-1  avia-builder-el-no-sibling  avia-align-center '  itemprop=\"image\" itemscope=\"itemscope\" itemtype=\"https:\/\/schema.org\/ImageObject\"  ><div class='avia-image-container-inner'><div class='avia-image-overlay-wrap'><img decoding=\"async\" class='wp-image-0 avia-img-lazy-loading-not-0 avia_image' src=\"https:\/\/radiorevelacionfm.cl\/wp-content\/uploads\/2021\/05\/medio-ambiente_optimized.jpg\" alt='' title=''   itemprop=\"thumbnailUrl\"  \/><\/div><\/div><\/div><\/div><div class=\"flex_column av_one_full  flex_column_div av-zero-column-padding first  avia-builder-el-2  el_after_av_one_full  el_before_av_one_full  column-top-margin\" style='border-radius:0px; '><section class=\"av_textblock_section \"  itemscope=\"itemscope\" itemtype=\"https:\/\/schema.org\/BlogPosting\" itemprop=\"blogPost\" ><div class='avia_textblock  '   itemprop=\"text\" ><p style=\"text-align: center;\"><strong><span style=\"font-size: 18pt;\">Medio Ambiente anuncia seleccionados al programa de Recambio de Calefactores en Coyhaique<\/span><\/strong><\/p>\n<div id=\"gtx-trans\" style=\"position: absolute; left: -50px; top: 4.31534px;\">\n<div class=\"gtx-trans-icon\"><\/div>\n<\/div>\n<\/div><\/section><\/div><div class=\"flex_column av_one_full  flex_column_div av-zero-column-padding first  avia-builder-el-4  el_after_av_one_full  el_before_av_hr  column-top-margin\" style='border-radius:0px; '><section class=\"av_textblock_section \"  itemscope=\"itemscope\" itemtype=\"https:\/\/schema.org\/BlogPosting\" itemprop=\"blogPost\" ><div class='avia_textblock  '   itemprop=\"text\" ><p style=\"text-align: justify;\">Ya est\u00e1 disponible el listado de seleccionados al \u00abPrograma de Recambio de Artefactos a Le\u00f1a Zona saturada de Coyhaique l\u00edneas pellet y kerosene\u201d, iniciativa impulsada por la SEREMI del Medio Ambiente y financiada por el Gobierno Regional de Ays\u00e9n y su Consejo, y que busca abordar el pilar fundamental del Plan de Descontaminaci\u00f3n Atmosf\u00e9rica PDA\u00a0 que promueve la calefacci\u00f3n sustentable para la\u00a0 disminuci\u00f3n de emisiones de material particulado, asociadas al uso le\u00f1a h\u00fameda como medio de calefacci\u00f3n domiciliaria.<\/p>\n<p style=\"text-align: justify;\">La lista da cuenta 587 nuevos seleccionados que optaron por equipos de alta potencia en pellet y parafina\u00a0\u201cEste recambio es posible gracias al importante aporte que hace el Gobierno Regional de Ays\u00e9n, con la voluntad del Ejecutivo, que nos permite impulsar esta medida para mejorar la calidad del aire y de vida de nuestras familias\u201d, destac\u00f3 la Seremi del Medio Ambiente, M\u00f3nica Sald\u00edas, invitando a las familias mantenerse atentas al pr\u00f3ximo llamado\u00a0\u201cA la fecha ya superamos los 7.500 recambios desde que iniciamos este programa y seguimos avanzando, a\u00fan nos queda camino para alcanzar nuestra meta, as\u00ed que le pedimos a las familias que contin\u00faen postulando, que apuesten por calefacci\u00f3n m\u00e1s eficiente y menos contaminante\u201d.<\/p>\n<p style=\"text-align: justify;\">El listado se encuentra disponible en <a href=\"http:\/\/www.calefactores.mma.gob.cl\">www.calefactores.mma.gob.cl<\/a>, p\u00e1gina donde los beneficiarios encontrar\u00e1n el acta con el listado por RUT y dividido por el equipo que escogieron al postular.<\/p>\n<p style=\"text-align: justify;\">Los seleccionados ser\u00e1n contactados por la empresa instaladora de su equipo a elecci\u00f3n, al tel\u00e9fono o direcci\u00f3n que proporcionaron al momento de postular, para coordinar la realizaci\u00f3n del. El monto correspondiente a $30.000 pesos podr\u00e1 ser realizado mediante, transferencia hasta el d\u00eda 14 de junio. Finalmente la autoridad inform\u00f3 que las instalaciones comenzar\u00e1n una semana posterior al inicio de los copagos, de acuerdo a las medidas indicadas por la autoridad sanitaria; as\u00ed tambi\u00e9n\u00a0 record\u00f3 a los beneficiarios que se encuentra disponible para consultas la oficina del recambio en los tel\u00e9fonos al 67 2451467 o terminado en 68- 69 o 70.<\/p>\n<\/div><\/section><\/div><div  style='height:50px' class='hr hr-invisible   avia-builder-el-6  el_after_av_one_full  el_before_av_social_share '><span class='hr-inner ' ><span class='hr-inner-style'><\/span><\/span><\/div><\/p>\n<div  class='av-social-sharing-box  avia-builder-el-7  el_after_av_hr  el_before_av_hr  '><div class='av-share-box'><h5 class='av-share-link-description av-no-toc '>Compartir esta noticia<\/h5><ul class='av-share-box-list noLightbox'><li class='av-share-link av-social-link-facebook' ><a target=\"_blank\" aria-label=\"Compartir en Facebook\" href='https:\/\/www.facebook.com\/sharer.php?u=https:\/\/radiorevelacionfm.cl\/?p=4241&#038;t=Medio%20Ambiente%20anuncia%20seleccionados%20al%20programa%20de%20Recambio%20de%20Calefactores%20en%20Coyhaique' aria-hidden='false' data-av_icon='\ue8f3' data-av_iconfont='entypo-fontello' title='' data-avia-related-tooltip='Compartir en Facebook' rel=\"noopener\"><span class='avia_hidden_link_text'>Compartir en Facebook<\/span><\/a><\/li><li class='av-share-link av-social-link-twitter' ><a target=\"_blank\" aria-label=\"Compartir en Twitter\" href='https:\/\/twitter.com\/share?text=Medio%20Ambiente%20anuncia%20seleccionados%20al%20programa%20de%20Recambio%20de%20Calefactores%20en%20Coyhaique&#038;url=https:\/\/radiorevelacionfm.cl\/?p=4241' aria-hidden='false' data-av_icon='\ue8f1' data-av_iconfont='entypo-fontello' title='' data-avia-related-tooltip='Compartir en Twitter' rel=\"noopener\"><span class='avia_hidden_link_text'>Compartir en Twitter<\/span><\/a><\/li><li class='av-share-link av-social-link-whatsapp' ><a target=\"_blank\" aria-label=\"Compartir en Whatsapp\" href='https:\/\/api.whatsapp.com\/send?text=https:\/\/radiorevelacionfm.cl\/?p=4241' aria-hidden='false' data-av_icon='\uf232' data-av_iconfont='entypo-fontello' title='' data-avia-related-tooltip='Compartir en Whatsapp' rel=\"noopener\"><span class='avia_hidden_link_text'>Compartir en Whatsapp<\/span><\/a><\/li><li class='av-share-link av-social-link-linkedin' ><a target=\"_blank\" aria-label=\"Compartir en LinkedIn\" href='https:\/\/linkedin.com\/shareArticle?mini=true&#038;title=Medio%20Ambiente%20anuncia%20seleccionados%20al%20programa%20de%20Recambio%20de%20Calefactores%20en%20Coyhaique&#038;url=https:\/\/radiorevelacionfm.cl\/?p=4241' aria-hidden='false' data-av_icon='\ue8fc' data-av_iconfont='entypo-fontello' title='' data-avia-related-tooltip='Compartir en LinkedIn' rel=\"noopener\"><span class='avia_hidden_link_text'>Compartir en LinkedIn<\/span><\/a><\/li><li class='av-share-link av-social-link-mail' ><a  aria-label=\"Compartir por correo\" href='mailto:?subject=Medio%20Ambiente%20anuncia%20seleccionados%20al%20programa%20de%20Recambio%20de%20Calefactores%20en%20Coyhaique&#038;body=https:\/\/radiorevelacionfm.cl\/?p=4241' aria-hidden='false' data-av_icon='\ue805' data-av_iconfont='entypo-fontello' title='' data-avia-related-tooltip='Compartir por correo'><span class='avia_hidden_link_text'>Compartir por correo<\/span><\/a><\/li><\/ul><\/div><\/div>\n<div  style='height:50px' class='hr hr-invisible   avia-builder-el-8  el_after_av_social_share  el_before_av_comments_list '><span class='hr-inner ' ><span class='hr-inner-style'><\/span><\/span><\/div>\n<div  class='av-buildercomment  av-blog-meta-html-info-disabled av-blog-meta-tag-disabled  '><\/div>\n","protected":false},"excerpt":{"rendered":"","protected":false},"author":1,"featured_media":0,"comment_status":"open","ping_status":"open","sticky":false,"template":"","format":"standard","meta":{"footnotes":""},"categories":[38],"tags":[],"class_list":["post-4241","post","type-post","status-publish","format-standard","hentry","category-regional"],"jetpack_featured_media_url":"","_links":{"self":[{"href":"https:\/\/radiorevelacionfm.cl\/index.php?rest_route=\/wp\/v2\/posts\/4241","targetHints":{"allow":["GET"]}}],"collection":[{"href":"https:\/\/radiorevelacionfm.cl\/index.php?rest_route=\/wp\/v2\/posts"}],"about":[{"href":"https:\/\/radiorevelacionfm.cl\/index.php?rest_route=\/wp\/v2\/types\/post"}],"author":[{"embeddable":true,"href":"https:\/\/radiorevelacionfm.cl\/index.php?rest_route=\/wp\/v2\/users\/1"}],"replies":[{"embeddable":true,"href":"https:\/\/radiorevelacionfm.cl\/index.php?rest_route=%2Fwp%2Fv2%2Fcomments&post=4241"}],"version-history":[{"count":1,"href":"https:\/\/radiorevelacionfm.cl\/index.php?rest_route=\/wp\/v2\/posts\/4241\/revisions"}],"predecessor-version":[{"id":4243,"href":"https:\/\/radiorevelacionfm.cl\/index.php?rest_route=\/wp\/v2\/posts\/4241\/revisions\/4243"}],"wp:attachment":[{"href":"https:\/\/radiorevelacionfm.cl\/index.php?rest_route=%2Fwp%2Fv2%2Fmedia&parent=4241"}],"wp:term":[{"taxonomy":"category","embeddable":true,"href":"https:\/\/radiorevelacionfm.cl\/index.php?rest_route=%2Fwp%2Fv2%2Fcategories&post=4241"},{"taxonomy":"post_tag","embeddable":true,"href":"https:\/\/radiorevelacionfm.cl\/index.php?rest_route=%2Fwp%2Fv2%2Ftags&post=4241"}],"curies":[{"name":"wp","href":"https:\/\/api.w.org\/{rel}","templated":true}]}}