{"id":42407,"date":"2024-05-23T12:05:30","date_gmt":"2024-05-23T15:05:30","guid":{"rendered":"https:\/\/radiorevelacionfm.cl\/?p=42407"},"modified":"2024-05-23T12:05:30","modified_gmt":"2024-05-23T15:05:30","slug":"sector-mineria-realizo-taller-de-identidad-y-rocas-ornamentales-en-chile-chico","status":"publish","type":"post","link":"https:\/\/radiorevelacionfm.cl\/?p=42407","title":{"rendered":"Sector Miner\u00eda realiz\u00f3 taller de identidad y rocas ornamentales en Chile Chico"},"content":{"rendered":"<div class=\"flex_column av_one_full  flex_column_div av-zero-column-padding first  avia-builder-el-0  el_before_av_one_full  avia-builder-el-first  \" style='border-radius:0px; '><div  class='avia-image-container  av-styling-    avia-builder-el-1  avia-builder-el-no-sibling  avia-align-center '  itemprop=\"image\" itemscope=\"itemscope\" itemtype=\"https:\/\/schema.org\/ImageObject\"  ><div class='avia-image-container-inner'><div class='avia-image-overlay-wrap'><img decoding=\"async\" class='wp-image-42408 avia-img-lazy-loading-not-42408 avia_image' src=\"https:\/\/radiorevelacionfm.cl\/wp-content\/uploads\/2024\/05\/artesanas-1_optimized.jpg\" alt='' title='artesanas-(1)_optimized' height=\"600\" width=\"1067\"  itemprop=\"thumbnailUrl\" srcset=\"https:\/\/radiorevelacionfm.cl\/wp-content\/uploads\/2024\/05\/artesanas-1_optimized.jpg 1067w, https:\/\/radiorevelacionfm.cl\/wp-content\/uploads\/2024\/05\/artesanas-1_optimized-300x169.jpg 300w, https:\/\/radiorevelacionfm.cl\/wp-content\/uploads\/2024\/05\/artesanas-1_optimized-1030x579.jpg 1030w, https:\/\/radiorevelacionfm.cl\/wp-content\/uploads\/2024\/05\/artesanas-1_optimized-768x432.jpg 768w, https:\/\/radiorevelacionfm.cl\/wp-content\/uploads\/2024\/05\/artesanas-1_optimized-705x396.jpg 705w, https:\/\/radiorevelacionfm.cl\/wp-content\/uploads\/2024\/05\/artesanas-1_optimized-450x253.jpg 450w, https:\/\/radiorevelacionfm.cl\/wp-content\/uploads\/2024\/05\/artesanas-1_optimized-600x337.jpg 600w\" sizes=\"(max-width: 1067px) 100vw, 1067px\" \/><\/div><\/div><\/div><\/div><div class=\"flex_column av_one_full  flex_column_div av-zero-column-padding first  avia-builder-el-2  el_after_av_one_full  el_before_av_one_full  column-top-margin\" style='border-radius:0px; '><section class=\"av_textblock_section \"  itemscope=\"itemscope\" itemtype=\"https:\/\/schema.org\/BlogPosting\" itemprop=\"blogPost\" ><div class='avia_textblock  '   itemprop=\"text\" ><p style=\"text-align: center;\"><strong><span style=\"font-size: 18pt;\">Sector Miner\u00eda realiz\u00f3 de taller de identidad y rocas ornamentales en Chile Chico<\/span><\/strong><\/p>\n<div id=\"gtx-trans\" style=\"position: absolute; left: -50px; top: 4.31534px;\">\n<div class=\"gtx-trans-icon\"><\/div>\n<\/div>\n<\/div><\/section><\/div><div class=\"flex_column av_one_full  flex_column_div av-zero-column-padding first  avia-builder-el-4  el_after_av_one_full  el_before_av_hr  column-top-margin\" style='border-radius:0px; '><section class=\"av_textblock_section \"  itemscope=\"itemscope\" itemtype=\"https:\/\/schema.org\/BlogPosting\" itemprop=\"blogPost\" ><div class='avia_textblock  '   itemprop=\"text\" ><p dir=\"ltr\" style=\"text-align: justify;\"><em>Artesanas pertenecientes a la agrupaci\u00f3n Ceramistas de la Patagonia, participaron en una jornada enfocada en el rescate de la identidad local por medio de las rocas ornamentales y valoraron el aporte del programa FNDR que ejecuta la Seremi de Miner\u00eda.<\/em><\/p>\n<p dir=\"ltr\" style=\"text-align: justify;\">Con el objetivo de dialogar y entregar mayor informaci\u00f3n que contribuya al desarrollo de la labor productiva de las artesanas pertenecientes a la agrupaci\u00f3n Ceramistas de la Patagonia y de la Asociaci\u00f3n Gremial de Mineros Aur\u00edferos de Chile Chico, adem\u00e1s de aportar a la identificaci\u00f3n local a trav\u00e9s de las rocas ornamentales, el equipo del programa FNDR ejecutado por la Secretar\u00eda Regional Ministerial de Miner\u00eda de la regi\u00f3n, \u00abTransferencia Fortalecimiento Productivo Minero Artesanal de Rocas Ornamentales\u00bb, realiz\u00f3 una jornada de capacitaci\u00f3n y conversatorio llamada \u00abIdentidad local a trav\u00e9s de la geolog\u00eda de las Rocas Ornamentales\u00bb.<\/p>\n<p dir=\"ltr\" style=\"text-align: justify;\">La capacitaci\u00f3n fue liderada por Nicol\u00e1s L\u00f3pez, coordinador t\u00e9cnico y ge\u00f3logo del equipo del proyecto FNDR de Rocas Ornamentales, quien detall\u00f3 los objetivos y antecedentes de las actividades realizadas. \u00abEn esta oportunidad nos reunimos con las Ceramistas de la Patagonia, quienes est\u00e1n bajo el alero de la Asociaci\u00f3n Gremial de Mineros Aur\u00edferos de Chile Chico y estuvimos desarrollando una capacitaci\u00f3n en cuanto a un desarrollo de la identidad de las rocas ornamentales que ellas utilizan, en este caso, la arcilla y revisamos algunos temas geol\u00f3gicos, por ejemplo los procesos de formaci\u00f3n de las arcillas, de d\u00f3nde viene, c\u00f3mo se forma, como se transportan esas arcillas y finalmente, c\u00f3mo se acumulan para ser aprovechadas por ellas para la elaboraci\u00f3n de objetos en cer\u00e1mica. En el fondo, la idea era mejorar su relato de venta y darle el valor que tiene la materia prima y los productos que ellas generan\u00bb, puntualiz\u00f3.<\/p>\n<p dir=\"ltr\" style=\"text-align: justify;\">En la oportunidad, Liliana Trivi\u00f1o, secretaria de la Agrupaci\u00f3n Ceramistas de la Patagonia de Chile Chico detall\u00f3 el taller realizado y valor\u00f3 el aporte del programa FNDR en el desarrollo de su labor. \u00abEstuvimos con Nicol\u00e1s L\u00f3pez que nos estuvo ense\u00f1ando sobre la greda, c\u00f3mo se forma la gredas y estuvimos conversando varios temas sobre las ventas de nuestros productos y trabajos. Nosotros llevamos cinco a\u00f1os trabajando con el equipo y lo que nosotros no sabemos, se lo preguntamos a ellos y ellos nos sacan de muchos apuros. Son muy excelentes para trabajar, nos han ayudado a presentar proyectos y a conocer la greda, por ejemplo que no sea t\u00f3xica para que podamos trabajar tranquilamente y nos han ense\u00f1ado varias cosas en temas de seguridad. Tambi\u00e9n hemos trabajado en la obtenci\u00f3n de materiales y en capacitaciones con profesores que nos han tra\u00eddo para que nos ense\u00f1aran cosas sobre el trabajo, como el uso del torno y el funcionamiento de los hornos\u00bb, se\u00f1al\u00f3.<\/p>\n<p dir=\"ltr\" style=\"text-align: justify;\">En el mismo tenor, Elena Cay\u00fan, artesana en greda de la Agrupaci\u00f3n Ceramistas de la Patagonia de Chile Chico se\u00f1al\u00f3 que \u00abestuvimos una capacitaci\u00f3n por la greda, una capacitaci\u00f3n muy buena, porque uno va aprendiendo, sabe con qu\u00e9 est\u00e1 trabajando, c\u00f3mo se form\u00f3 y los a\u00f1os que tiene la greda. Esta capacitaci\u00f3n nos sirve porque cuando uno vende un trabajo puede explicar c\u00f3mo lo hace, c\u00f3mo se forma la greda y toda esa informaci\u00f3n\u00bb, enfatiz\u00f3.<\/p>\n<p dir=\"ltr\" style=\"text-align: justify;\">Por otra parte, Nicol\u00e1s L\u00f3pez inform\u00f3 que el equipo del programa FNDR tambi\u00e9n realiz\u00f3 reuniones con las Asociaciones Gremiales que son parte del proyecto de Puerto R\u00edo Tranquilo y Puerto Guadal. \u00abEn Puerto R\u00edo Tranquilo estuvimos resolviendo algunos temas administrativos con la Asociaci\u00f3n Gremial para que ellas puedan postular a fondos externos al programa FNDR Rocas ornamentales y estuvimos revisando tambi\u00e9n en el taller las condiciones de seguridad, de implementaci\u00f3n, de infraestructura y las necesidades que tienen para que puedan ser presentadas en proyectos a otros fondos externos al programa; y en Puerto Guadal hicimos el mismo trabajo de revisar con qu\u00e9 herramientas cuentan, si les hacen falta por ejemplo, un sistema de desag\u00fce, el tema el\u00e9ctrico y de servicios sanitarios, entre otras condiciones que ellas deben mejorar para poder llevar de mejor manera su actividad productiva\u00bb, explic\u00f3.<\/p>\n<p dir=\"ltr\" style=\"text-align: justify;\">Finalmente, al respecto el Seremi de Miner\u00eda Ays\u00e9n, Juan V\u00e1squez Alarc\u00f3n, expres\u00f3 que como Ministerio de Miner\u00eda se encuentran muy satisfechos con los avances que ha presentado el proyecto FNDR de Transferencia Fortalecimiento y Fomento Productivo de la Miner\u00eda Artesanal con Rocas Ornamentales, proyecto cuyo objetivo es el de impulsar y desarrollar la peque\u00f1a miner\u00eda artesanal en la regi\u00f3n de Ays\u00e9n.<\/p>\n<\/div><\/section><\/div><div  style='height:50px' class='hr hr-invisible   avia-builder-el-6  el_after_av_one_full  el_before_av_social_share '><span class='hr-inner ' ><span class='hr-inner-style'><\/span><\/span><\/div><\/p>\n<div  class='av-social-sharing-box  avia-builder-el-7  el_after_av_hr  el_before_av_hr  '><div class='av-share-box'><h5 class='av-share-link-description av-no-toc '>Compartir esta noticia<\/h5><ul class='av-share-box-list noLightbox'><li class='av-share-link av-social-link-facebook' ><a target=\"_blank\" aria-label=\"Compartir en Facebook\" href='https:\/\/www.facebook.com\/sharer.php?u=https:\/\/radiorevelacionfm.cl\/?p=42407&#038;t=Sector%20Miner%C3%ADa%20realiz%C3%B3%20taller%20de%20identidad%20y%20rocas%20ornamentales%20en%20Chile%20Chico' aria-hidden='false' data-av_icon='\ue8f3' data-av_iconfont='entypo-fontello' title='' data-avia-related-tooltip='Compartir en Facebook' rel=\"noopener\"><span class='avia_hidden_link_text'>Compartir en Facebook<\/span><\/a><\/li><li class='av-share-link av-social-link-twitter' ><a target=\"_blank\" aria-label=\"Compartir en Twitter\" href='https:\/\/twitter.com\/share?text=Sector%20Miner%C3%ADa%20realiz%C3%B3%20taller%20de%20identidad%20y%20rocas%20ornamentales%20en%20Chile%20Chico&#038;url=https:\/\/radiorevelacionfm.cl\/?p=42407' aria-hidden='false' data-av_icon='\ue8f1' data-av_iconfont='entypo-fontello' title='' data-avia-related-tooltip='Compartir en Twitter' rel=\"noopener\"><span class='avia_hidden_link_text'>Compartir en Twitter<\/span><\/a><\/li><li class='av-share-link av-social-link-whatsapp' ><a target=\"_blank\" aria-label=\"Compartir en Whatsapp\" href='https:\/\/api.whatsapp.com\/send?text=https:\/\/radiorevelacionfm.cl\/?p=42407' aria-hidden='false' data-av_icon='\uf232' data-av_iconfont='entypo-fontello' title='' data-avia-related-tooltip='Compartir en Whatsapp' rel=\"noopener\"><span class='avia_hidden_link_text'>Compartir en Whatsapp<\/span><\/a><\/li><li class='av-share-link av-social-link-linkedin' ><a target=\"_blank\" aria-label=\"Compartir en LinkedIn\" href='https:\/\/linkedin.com\/shareArticle?mini=true&#038;title=Sector%20Miner%C3%ADa%20realiz%C3%B3%20taller%20de%20identidad%20y%20rocas%20ornamentales%20en%20Chile%20Chico&#038;url=https:\/\/radiorevelacionfm.cl\/?p=42407' aria-hidden='false' data-av_icon='\ue8fc' data-av_iconfont='entypo-fontello' title='' data-avia-related-tooltip='Compartir en LinkedIn' rel=\"noopener\"><span class='avia_hidden_link_text'>Compartir en LinkedIn<\/span><\/a><\/li><li class='av-share-link av-social-link-mail' ><a  aria-label=\"Compartir por correo\" href='mailto:?subject=Sector%20Miner%C3%ADa%20realiz%C3%B3%20taller%20de%20identidad%20y%20rocas%20ornamentales%20en%20Chile%20Chico&#038;body=https:\/\/radiorevelacionfm.cl\/?p=42407' aria-hidden='false' data-av_icon='\ue805' data-av_iconfont='entypo-fontello' title='' data-avia-related-tooltip='Compartir por correo'><span class='avia_hidden_link_text'>Compartir por correo<\/span><\/a><\/li><\/ul><\/div><\/div>\n<div  style='height:50px' class='hr hr-invisible   avia-builder-el-8  el_after_av_social_share  el_before_av_comments_list '><span class='hr-inner ' ><span class='hr-inner-style'><\/span><\/span><\/div>\n<div  class='av-buildercomment  av-blog-meta-html-info-disabled av-blog-meta-tag-disabled  '><\/div>\n","protected":false},"excerpt":{"rendered":"","protected":false},"author":1,"featured_media":42408,"comment_status":"open","ping_status":"open","sticky":false,"template":"","format":"standard","meta":{"footnotes":""},"categories":[38],"tags":[],"class_list":["post-42407","post","type-post","status-publish","format-standard","has-post-thumbnail","hentry","category-regional"],"jetpack_featured_media_url":"https:\/\/radiorevelacionfm.cl\/wp-content\/uploads\/2024\/05\/artesanas-1_optimized.jpg","_links":{"self":[{"href":"https:\/\/radiorevelacionfm.cl\/index.php?rest_route=\/wp\/v2\/posts\/42407","targetHints":{"allow":["GET"]}}],"collection":[{"href":"https:\/\/radiorevelacionfm.cl\/index.php?rest_route=\/wp\/v2\/posts"}],"about":[{"href":"https:\/\/radiorevelacionfm.cl\/index.php?rest_route=\/wp\/v2\/types\/post"}],"author":[{"embeddable":true,"href":"https:\/\/radiorevelacionfm.cl\/index.php?rest_route=\/wp\/v2\/users\/1"}],"replies":[{"embeddable":true,"href":"https:\/\/radiorevelacionfm.cl\/index.php?rest_route=%2Fwp%2Fv2%2Fcomments&post=42407"}],"version-history":[{"count":1,"href":"https:\/\/radiorevelacionfm.cl\/index.php?rest_route=\/wp\/v2\/posts\/42407\/revisions"}],"predecessor-version":[{"id":42409,"href":"https:\/\/radiorevelacionfm.cl\/index.php?rest_route=\/wp\/v2\/posts\/42407\/revisions\/42409"}],"wp:featuredmedia":[{"embeddable":true,"href":"https:\/\/radiorevelacionfm.cl\/index.php?rest_route=\/wp\/v2\/media\/42408"}],"wp:attachment":[{"href":"https:\/\/radiorevelacionfm.cl\/index.php?rest_route=%2Fwp%2Fv2%2Fmedia&parent=42407"}],"wp:term":[{"taxonomy":"category","embeddable":true,"href":"https:\/\/radiorevelacionfm.cl\/index.php?rest_route=%2Fwp%2Fv2%2Fcategories&post=42407"},{"taxonomy":"post_tag","embeddable":true,"href":"https:\/\/radiorevelacionfm.cl\/index.php?rest_route=%2Fwp%2Fv2%2Ftags&post=42407"}],"curies":[{"name":"wp","href":"https:\/\/api.w.org\/{rel}","templated":true}]}}