{"id":42404,"date":"2024-05-22T20:45:41","date_gmt":"2024-05-22T23:45:41","guid":{"rendered":"https:\/\/radiorevelacionfm.cl\/?p=42404"},"modified":"2024-05-22T20:45:41","modified_gmt":"2024-05-22T23:45:41","slug":"coyhaique-carabineros-detuvo-a-dos-sujetos-uno-de-ellos-profugo-de-la-justicia-con-tres-requerimientos-y-11-detenciones-previas","status":"publish","type":"post","link":"https:\/\/radiorevelacionfm.cl\/?p=42404","title":{"rendered":"Coyhaique: Carabineros detuvo a dos sujetos, uno de ellos pr\u00f3fugo de la justicia con tres requerimientos y 11 detenciones previas"},"content":{"rendered":"<div class=\"flex_column av_one_full  flex_column_div av-zero-column-padding first  avia-builder-el-0  el_before_av_one_full  avia-builder-el-first  \" style='border-radius:0px; '><div  class='avia-image-container  av-styling-    avia-builder-el-1  avia-builder-el-no-sibling  avia-align-center '  itemprop=\"image\" itemscope=\"itemscope\" itemtype=\"https:\/\/schema.org\/ImageObject\"  ><div class='avia-image-container-inner'><div class='avia-image-overlay-wrap'><img decoding=\"async\" class='wp-image-42405 avia-img-lazy-loading-not-42405 avia_image' src=\"https:\/\/radiorevelacionfm.cl\/wp-content\/uploads\/2024\/05\/48b97047-807c-44b3-825a-dbc9a6f3a94a-1-1.jpg\" alt='' title='48b97047-807c-44b3-825a-dbc9a6f3a94a (1) (1)' height=\"600\" width=\"1080\"  itemprop=\"thumbnailUrl\" srcset=\"https:\/\/radiorevelacionfm.cl\/wp-content\/uploads\/2024\/05\/48b97047-807c-44b3-825a-dbc9a6f3a94a-1-1.jpg 1080w, https:\/\/radiorevelacionfm.cl\/wp-content\/uploads\/2024\/05\/48b97047-807c-44b3-825a-dbc9a6f3a94a-1-1-300x167.jpg 300w, https:\/\/radiorevelacionfm.cl\/wp-content\/uploads\/2024\/05\/48b97047-807c-44b3-825a-dbc9a6f3a94a-1-1-1030x572.jpg 1030w, https:\/\/radiorevelacionfm.cl\/wp-content\/uploads\/2024\/05\/48b97047-807c-44b3-825a-dbc9a6f3a94a-1-1-768x427.jpg 768w, https:\/\/radiorevelacionfm.cl\/wp-content\/uploads\/2024\/05\/48b97047-807c-44b3-825a-dbc9a6f3a94a-1-1-705x392.jpg 705w, https:\/\/radiorevelacionfm.cl\/wp-content\/uploads\/2024\/05\/48b97047-807c-44b3-825a-dbc9a6f3a94a-1-1-450x250.jpg 450w, https:\/\/radiorevelacionfm.cl\/wp-content\/uploads\/2024\/05\/48b97047-807c-44b3-825a-dbc9a6f3a94a-1-1-600x333.jpg 600w\" sizes=\"(max-width: 1080px) 100vw, 1080px\" \/><\/div><\/div><\/div><\/div><div class=\"flex_column av_one_full  flex_column_div av-zero-column-padding first  avia-builder-el-2  el_after_av_one_full  el_before_av_one_full  column-top-margin\" style='border-radius:0px; '><section class=\"av_textblock_section \"  itemscope=\"itemscope\" itemtype=\"https:\/\/schema.org\/BlogPosting\" itemprop=\"blogPost\" ><div class='avia_textblock  '   itemprop=\"text\" ><p style=\"text-align: center;\"><span style=\"font-size: 18pt;\"><b><span lang=\"ES-MX\">Coyhaique: Carabineros detuvo a dos sujetos, uno de ellos pr\u00f3fugo de la justicia con tres requerimientos y 11 detenciones previas<\/span><\/b><\/span><\/p>\n<div id=\"gtx-trans\" style=\"position: absolute; left: -50px; top: 4.31534px;\">\n<div class=\"gtx-trans-icon\"><\/div>\n<\/div>\n<\/div><\/section><\/div><div class=\"flex_column av_one_full  flex_column_div av-zero-column-padding first  avia-builder-el-4  el_after_av_one_full  el_before_av_hr  column-top-margin\" style='border-radius:0px; '><section class=\"av_textblock_section \"  itemscope=\"itemscope\" itemtype=\"https:\/\/schema.org\/BlogPosting\" itemprop=\"blogPost\" ><div class='avia_textblock  '   itemprop=\"text\" ><p class=\"v1gmail-MsoListParagraphCxSpFirst\" style=\"text-align: justify;\"><em><span lang=\"ES-MX\">El sujeto viajaba como acompa\u00f1ante a bordo de un veh\u00edculo, cuyo conductor lo hac\u00eda en estado de ebriedad, quien igualmente registra 8 detenciones previas. <\/span><\/em><\/p>\n<p class=\"v1gmail-MsoListParagraphCxSpFirst\" style=\"text-align: justify;\"><em><span lang=\"ES-MX\">Desde enero al 19 de mayo del presente a\u00f1o, Carabineros ha detenido a 1.867 personas, de los cuales 235 son pr\u00f3fugos de la justicia.<\/span><\/em><\/p>\n<p class=\"v1MsoNormal\" style=\"text-align: justify;\"><span lang=\"ES-MX\">Tras informaci\u00f3n de inteligencia, Carabineros de dotaci\u00f3n de la 1ra. Comisar\u00eda de Coyhaique logr\u00f3 ubicar y detener a pr\u00f3fugo de la justicia en Av. Almirante Simpson con Calle 4 de esta ciudad, quien manten\u00eda tres \u00f3rdenes de aprehensi\u00f3n vigente, sumado a un historial de 11 detenciones previas por parte de Carabineros.<\/span><\/p>\n<p class=\"v1MsoNormal\" style=\"text-align: justify;\"><span lang=\"ES-MX\">Seg\u00fan indic\u00f3 el Comisario de Coyhaique, el Mayor Gerardo Gonz\u00e1lez L\u00f3pez, el procedimiento se enmarca dentro del plan nacional de b\u00fasqueda de pr\u00f3fugos, orientado a ubicar y detener a personas con requerimientos pendientes emanados desde los Tribunales de Justicia.<\/span><\/p>\n<p class=\"v1MsoNormal\" style=\"text-align: justify;\"><span lang=\"ES-MX\">\u00abInformaci\u00f3n de inteligencia permiti\u00f3 establecer que una persona que manten\u00eda tres \u00f3rdenes de aprehensi\u00f3n vigente se desplazaba a bordo de un veh\u00edculo. Ante esta situaci\u00f3n Carabineros intenta -en primera instancia- realizar un control al conductor de este veh\u00edculo, el cual se da a la fuga por diferentes partes de la comuna, de hecho hubo ciertos momentos en que personal policial pierde a esta persona, pero a los minutos se logra nuevamente ubicar a este veh\u00edculo, se inicia un seguimiento tanto vehicular como posteriormente a pie, logrando carabineros alcanzar a dos personas; los reducen, se verifica que las \u00f3rdenes de aprehensi\u00f3n se encuentran vigentes y adem\u00e1s se detiene al conductor de este veh\u00edculo, quien si bien no ten\u00eda orden de aprehensi\u00f3n vigente, se encontraba conduciendo en estado de ebriedad\u00bb, detall\u00f3 el Comisario de Coyhaique.<\/span><\/p>\n<p class=\"v1MsoNormal\" style=\"text-align: justify;\"><b><span lang=\"ES-MX\">Compromiso delictual<\/span><\/b><\/p>\n<p class=\"v1MsoNormal\" style=\"text-align: justify;\"><span lang=\"ES-MX\">El Oficial a\u00f1adi\u00f3 que se trata de personas con un amplio compromiso delictual, uno de los cuales manten\u00eda 11 detenciones previas por parte de Carabineros, en tanto que la otra persona registra 8 detenciones previas por diversos delitos, entre estos: robo, maltrato de obra a Carabineros de servicio, conducci\u00f3n en estado de ebriedad, porte de arma blanca, entre otros.<\/span><\/p>\n<p class=\"v1MsoNormal\" style=\"text-align: justify;\"><span lang=\"ES-MX\">\u00abEs importante esta detenci\u00f3n porque nos permite sacar de circulaci\u00f3n a personas que cometen delito en nuestra comuna y que lamentablemente muchas veces son las mismas personas que se repiten en este tipo de conductas, entonces esto nos permite -a trav\u00e9s de estos actos- reducir la incidencia delictual en la comuna\u00bb, precis\u00f3 el Mayor Gonz\u00e1lez.<\/span><\/p>\n<p class=\"v1MsoNormal\" style=\"text-align: justify;\"><span lang=\"ES-MX\">Los antecedentes del procedimiento fueron puestos en conocimiento de la Fiscal\u00eda, en tanto que el sujeto con \u00f3rdenes vigentes fue puesto a disposici\u00f3n del Tribunal respectivo.<\/span><\/p>\n<p class=\"v1MsoNormal\" style=\"text-align: justify;\"><span lang=\"ES-MX\">Cabe consignar que, desde enero al 19 de mayo del presente a\u00f1o, Carabineros ha detenido a 1.867 personas, de los cuales 235 son por \u00f3rdenes judiciales; correspondiendo 13 por robo, 35 por lesiones, 34 por conducci\u00f3n en estado de ebriedad y 153 por otros delitos.<\/span><\/p>\n<p class=\"v1MsoNormal\" style=\"text-align: justify;\"><span lang=\"ES-MX\">De estos 235 detenidos por \u00f3rdenes vigentes, 89 corresponden a la provincia de Ays\u00e9n, 21 a Capit\u00e1n Prat, 106 a Coyhaique y 19 a la provincia de General Carrera. \u00a0<\/span><\/p>\n<\/div><\/section><\/div><div  style='height:50px' class='hr hr-invisible   avia-builder-el-6  el_after_av_one_full  el_before_av_social_share '><span class='hr-inner ' ><span class='hr-inner-style'><\/span><\/span><\/div><\/p>\n<div  class='av-social-sharing-box  avia-builder-el-7  el_after_av_hr  el_before_av_hr  '><div class='av-share-box'><h5 class='av-share-link-description av-no-toc '>Compartir esta noticia<\/h5><ul class='av-share-box-list noLightbox'><li class='av-share-link av-social-link-facebook' ><a target=\"_blank\" aria-label=\"Compartir en Facebook\" href='https:\/\/www.facebook.com\/sharer.php?u=https:\/\/radiorevelacionfm.cl\/?p=42404&#038;t=Coyhaique%3A%20Carabineros%20detuvo%20a%20dos%20sujetos%2C%20uno%20de%20ellos%20pr%C3%B3fugo%20de%20la%20justicia%20con%20tres%20requerimientos%20y%2011%20detenciones%20previas' aria-hidden='false' data-av_icon='\ue8f3' data-av_iconfont='entypo-fontello' title='' data-avia-related-tooltip='Compartir en Facebook' rel=\"noopener\"><span class='avia_hidden_link_text'>Compartir en Facebook<\/span><\/a><\/li><li class='av-share-link av-social-link-twitter' ><a target=\"_blank\" aria-label=\"Compartir en Twitter\" href='https:\/\/twitter.com\/share?text=Coyhaique%3A%20Carabineros%20detuvo%20a%20dos%20sujetos%2C%20uno%20de%20ellos%20pr%C3%B3fugo%20de%20la%20justicia%20con%20tres%20requerimientos%20y%2011%20detenciones%20previas&#038;url=https:\/\/radiorevelacionfm.cl\/?p=42404' aria-hidden='false' data-av_icon='\ue8f1' data-av_iconfont='entypo-fontello' title='' data-avia-related-tooltip='Compartir en Twitter' rel=\"noopener\"><span class='avia_hidden_link_text'>Compartir en Twitter<\/span><\/a><\/li><li class='av-share-link av-social-link-whatsapp' ><a target=\"_blank\" aria-label=\"Compartir en Whatsapp\" href='https:\/\/api.whatsapp.com\/send?text=https:\/\/radiorevelacionfm.cl\/?p=42404' aria-hidden='false' data-av_icon='\uf232' data-av_iconfont='entypo-fontello' title='' data-avia-related-tooltip='Compartir en Whatsapp' rel=\"noopener\"><span class='avia_hidden_link_text'>Compartir en Whatsapp<\/span><\/a><\/li><li class='av-share-link av-social-link-linkedin' ><a target=\"_blank\" aria-label=\"Compartir en LinkedIn\" href='https:\/\/linkedin.com\/shareArticle?mini=true&#038;title=Coyhaique%3A%20Carabineros%20detuvo%20a%20dos%20sujetos%2C%20uno%20de%20ellos%20pr%C3%B3fugo%20de%20la%20justicia%20con%20tres%20requerimientos%20y%2011%20detenciones%20previas&#038;url=https:\/\/radiorevelacionfm.cl\/?p=42404' aria-hidden='false' data-av_icon='\ue8fc' data-av_iconfont='entypo-fontello' title='' data-avia-related-tooltip='Compartir en LinkedIn' rel=\"noopener\"><span class='avia_hidden_link_text'>Compartir en LinkedIn<\/span><\/a><\/li><li class='av-share-link av-social-link-mail' ><a  aria-label=\"Compartir por correo\" href='mailto:?subject=Coyhaique%3A%20Carabineros%20detuvo%20a%20dos%20sujetos%2C%20uno%20de%20ellos%20pr%C3%B3fugo%20de%20la%20justicia%20con%20tres%20requerimientos%20y%2011%20detenciones%20previas&#038;body=https:\/\/radiorevelacionfm.cl\/?p=42404' aria-hidden='false' data-av_icon='\ue805' data-av_iconfont='entypo-fontello' title='' data-avia-related-tooltip='Compartir por correo'><span class='avia_hidden_link_text'>Compartir por correo<\/span><\/a><\/li><\/ul><\/div><\/div>\n<div  style='height:50px' class='hr hr-invisible   avia-builder-el-8  el_after_av_social_share  el_before_av_comments_list '><span class='hr-inner ' ><span class='hr-inner-style'><\/span><\/span><\/div>\n<div  class='av-buildercomment  av-blog-meta-html-info-disabled av-blog-meta-tag-disabled  '><\/div>\n","protected":false},"excerpt":{"rendered":"","protected":false},"author":1,"featured_media":42405,"comment_status":"open","ping_status":"open","sticky":false,"template":"","format":"standard","meta":{"footnotes":""},"categories":[36],"tags":[],"class_list":["post-42404","post","type-post","status-publish","format-standard","has-post-thumbnail","hentry","category-policial"],"jetpack_featured_media_url":"https:\/\/radiorevelacionfm.cl\/wp-content\/uploads\/2024\/05\/48b97047-807c-44b3-825a-dbc9a6f3a94a-1-1.jpg","_links":{"self":[{"href":"https:\/\/radiorevelacionfm.cl\/index.php?rest_route=\/wp\/v2\/posts\/42404","targetHints":{"allow":["GET"]}}],"collection":[{"href":"https:\/\/radiorevelacionfm.cl\/index.php?rest_route=\/wp\/v2\/posts"}],"about":[{"href":"https:\/\/radiorevelacionfm.cl\/index.php?rest_route=\/wp\/v2\/types\/post"}],"author":[{"embeddable":true,"href":"https:\/\/radiorevelacionfm.cl\/index.php?rest_route=\/wp\/v2\/users\/1"}],"replies":[{"embeddable":true,"href":"https:\/\/radiorevelacionfm.cl\/index.php?rest_route=%2Fwp%2Fv2%2Fcomments&post=42404"}],"version-history":[{"count":1,"href":"https:\/\/radiorevelacionfm.cl\/index.php?rest_route=\/wp\/v2\/posts\/42404\/revisions"}],"predecessor-version":[{"id":42406,"href":"https:\/\/radiorevelacionfm.cl\/index.php?rest_route=\/wp\/v2\/posts\/42404\/revisions\/42406"}],"wp:featuredmedia":[{"embeddable":true,"href":"https:\/\/radiorevelacionfm.cl\/index.php?rest_route=\/wp\/v2\/media\/42405"}],"wp:attachment":[{"href":"https:\/\/radiorevelacionfm.cl\/index.php?rest_route=%2Fwp%2Fv2%2Fmedia&parent=42404"}],"wp:term":[{"taxonomy":"category","embeddable":true,"href":"https:\/\/radiorevelacionfm.cl\/index.php?rest_route=%2Fwp%2Fv2%2Fcategories&post=42404"},{"taxonomy":"post_tag","embeddable":true,"href":"https:\/\/radiorevelacionfm.cl\/index.php?rest_route=%2Fwp%2Fv2%2Ftags&post=42404"}],"curies":[{"name":"wp","href":"https:\/\/api.w.org\/{rel}","templated":true}]}}