{"id":42401,"date":"2024-05-22T21:27:43","date_gmt":"2024-05-23T00:27:43","guid":{"rendered":"https:\/\/radiorevelacionfm.cl\/?p=42401"},"modified":"2024-05-22T21:27:43","modified_gmt":"2024-05-23T00:27:43","slug":"juventudes-se-informan-sobre-la-importancia-del-autocuidado-en-actividad-desarrollada-por-injuv","status":"publish","type":"post","link":"https:\/\/radiorevelacionfm.cl\/?p=42401","title":{"rendered":"Juventudes se informan sobre la importancia del autocuidado en actividad desarrollada por INJUV"},"content":{"rendered":"<div class=\"flex_column av_one_full  flex_column_div av-zero-column-padding first  avia-builder-el-0  el_before_av_one_full  avia-builder-el-first  \" style='border-radius:0px; '><div  class='avia-image-container  av-styling-    avia-builder-el-1  avia-builder-el-no-sibling  avia-align-center '  itemprop=\"image\" itemscope=\"itemscope\" itemtype=\"https:\/\/schema.org\/ImageObject\"  ><div class='avia-image-container-inner'><div class='avia-image-overlay-wrap'><img decoding=\"async\" class='wp-image-42402 avia-img-lazy-loading-not-42402 avia_image' src=\"https:\/\/radiorevelacionfm.cl\/wp-content\/uploads\/2024\/05\/foto-2-43-1_optimized.jpg\" alt='' title='foto-2-(43)-(1)_optimized' height=\"600\" width=\"898\"  itemprop=\"thumbnailUrl\" srcset=\"https:\/\/radiorevelacionfm.cl\/wp-content\/uploads\/2024\/05\/foto-2-43-1_optimized.jpg 898w, https:\/\/radiorevelacionfm.cl\/wp-content\/uploads\/2024\/05\/foto-2-43-1_optimized-300x200.jpg 300w, https:\/\/radiorevelacionfm.cl\/wp-content\/uploads\/2024\/05\/foto-2-43-1_optimized-768x513.jpg 768w, https:\/\/radiorevelacionfm.cl\/wp-content\/uploads\/2024\/05\/foto-2-43-1_optimized-705x471.jpg 705w, https:\/\/radiorevelacionfm.cl\/wp-content\/uploads\/2024\/05\/foto-2-43-1_optimized-450x301.jpg 450w, https:\/\/radiorevelacionfm.cl\/wp-content\/uploads\/2024\/05\/foto-2-43-1_optimized-600x401.jpg 600w\" sizes=\"(max-width: 898px) 100vw, 898px\" \/><\/div><\/div><\/div><\/div><div class=\"flex_column av_one_full  flex_column_div av-zero-column-padding first  avia-builder-el-2  el_after_av_one_full  el_before_av_one_full  column-top-margin\" style='border-radius:0px; '><section class=\"av_textblock_section \"  itemscope=\"itemscope\" itemtype=\"https:\/\/schema.org\/BlogPosting\" itemprop=\"blogPost\" ><div class='avia_textblock  '   itemprop=\"text\" ><p style=\"text-align: center;\"><span style=\"font-size: 18pt;\"><strong>Juventudes se informan sobre la importancia del autocuidado en actividad desarrollada por INJUV<\/strong><\/span><\/p>\n<div id=\"gtx-trans\" style=\"position: absolute; left: -50px; top: 4.31534px;\">\n<div class=\"gtx-trans-icon\"><\/div>\n<\/div>\n<\/div><\/section><\/div><div class=\"flex_column av_one_full  flex_column_div av-zero-column-padding first  avia-builder-el-4  el_after_av_one_full  el_before_av_hr  column-top-margin\" style='border-radius:0px; '><section class=\"av_textblock_section \"  itemscope=\"itemscope\" itemtype=\"https:\/\/schema.org\/BlogPosting\" itemprop=\"blogPost\" ><div class='avia_textblock  '   itemprop=\"text\" ><p style=\"text-align: justify;\">Con el objetivo de difundir el programa Hablemos de Todo e informar sobre autocuidado y bienestar f\u00edsico y mental, el Instituto Nacional de la Juventud realiz\u00f3 una activaci\u00f3n regional a juventudes de cuarto a\u00f1o medio del Colegio Alborada.<\/p>\n<p style=\"text-align: justify;\">La actividad fue lidera por el matr\u00f3n Santiago Guerrero, \u00a0y estuvo enfocada en orientar a las y los j\u00f3venes sobre pr\u00e1cticas sexuales seguras, entregarles informaci\u00f3n actualizada y basada en evidencia cient\u00edfica, con la finalidad de que las y los participantes adquieran herramientas s\u00f3lidas sobre el tema.<\/p>\n<p style=\"text-align: justify;\">El Director Regional de INJUV Ays\u00e9n, Camilo Trivi\u00f1o Urtubia, sostuvo que \u201cun objetivo importante en la juventud es el desarrollo sexual saludable. Todas las decisiones que est\u00e1n asociadas a esta tem\u00e1tica, tienen importantes implicancias para la salud y la educaci\u00f3n, como tambi\u00e9n para las relaciones actuales y futuras. En base a la difusi\u00f3n de nuestra oferta program\u00e1tica a lo largo de este tiempo, hemos podido generar diversos encuentros y acuerdos con las comunidades educativas. En esta ocasi\u00f3n, pudimos vincularnos con el Colegio Alborada, su Centro General de Estudiantes y el \u00e1rea de convivencia escolar, quienes nos expusieron la necesidad de poder realizar este tipo de intervenciones con profesionales del \u00e1rea, por lo que, como Instituto Nacional de la Juventud, nos pusimos a disposici\u00f3n de esto\u201d.<\/p>\n<p style=\"text-align: justify;\">Javiera Asmut, joven participante, agradeci\u00f3 el taller y se\u00f1al\u00f3 que \u201cme pareci\u00f3 bastante buena la actividad, siento que es algo s\u00faper importante, nos entregaron bastante informaci\u00f3n y nos explicaron mucho m\u00e1s a fondo los distintos temas que siempre nos pasan, pero superficialmente, me sent\u00ed muy c\u00f3moda, fue un taller interactivo, espero se sigan realizando este tipo de instancias, son de gran ayuda, ya que as\u00ed nos mantenemos siempre informados\u201d.<\/p>\n<p style=\"text-align: justify;\">En tanto David Mesa, indic\u00f3 que \u201cpersonalmente fue una muy buena iniciativa y necesaria, porque a veces no se tiene toda la informaci\u00f3n para tener pr\u00e1cticas sexuales seguras y es bueno mantenerse informados, siempre hay cosas que uno puede aprender. Ojal\u00e1 se sigan realizando este tipo de actividades, todo es un buen aporte para nosotros como estudiantes y como personas, ya que muchas veces no se hablan estos temas\u201d.<\/p>\n<p style=\"text-align: justify;\">Por su parte Monserrat Vera, explic\u00f3 que \u201cfue una muy buena charla, creo que en la regi\u00f3n hay mucha falta de conciencia sexual y falta de\u00a0 educaci\u00f3n sexual, siento que no se habla mucho sobre el tema, en esta actividad nos explicaron muchas cosas que nosotros sab\u00edamos pero por encima\u201d.<\/p>\n<p style=\"text-align: justify;\">El programa Hablemos de Todo tiene tambi\u00e9n un servicio de chat en l\u00ednea gratuito, donde psic\u00f3logas y psic\u00f3logos atienden las consultas de las y los j\u00f3venes. Se encuentran operativos de lunes a viernes de 10:00 a 21:00 horas y los s\u00e1bados de 11:00 a 17:00 horas. A trav\u00e9s de la entrega de informaci\u00f3n, contenci\u00f3n o derivaci\u00f3n buscan dar respuesta eficaz a problemas o consultas de bienestar y autocuidado, las conversaciones entre las juventudes y el profesional de la salud mental son totalmente confidenciales.<\/p>\n<p style=\"text-align: justify;\">Las subtem\u00e1ticas que se priorizar\u00e1n durante este a\u00f1o 2024 son: Pr\u00e1ctica sexual segura; Actividad f\u00edsica y recreaci\u00f3n; Bullying o Acoso Escolar; V\u00ednculos sexo-afectivos; Trastorno de la conducta alimentaria; Salud menstrual Embarazo no planificado; Ciberacoso; Violencia Ginecobstetricia; Violencia sexual; Discriminaci\u00f3n por diversidad; Alimentaci\u00f3n y Convivencia vial.<\/p>\n<p style=\"text-align: justify;\">Las y los j\u00f3venes interesados en obtener informaci\u00f3n referente a los diversos temas mencionados anteriormente pueden acceder a trav\u00e9s del siguiente link: <a href=\"http:\/\/hablemosdetodo.injuv.gob.cl\">http:\/\/hablemosdetodo.injuv.gob.cl<\/a> , escribirnos a nuestras redes sociales,\u00a0 Fan Page, Instagram y Twitter @injuvaysen\u00a0o visitarnos presencialmente en la Direcci\u00f3n Regional de INJUV Ays\u00e9n, ubicada en Manuel Rodr\u00edguez #239, Coyhaique, de lunes a viernes durante las ma\u00f1anas de 08:00 a 13:00 horas y en la tardes de 14:00 a 17:00 horas, viernes hasta las 16:00 horas.<\/p>\n<\/div><\/section><\/div><div  style='height:50px' class='hr hr-invisible   avia-builder-el-6  el_after_av_one_full  el_before_av_social_share '><span class='hr-inner ' ><span class='hr-inner-style'><\/span><\/span><\/div><\/p>\n<div  class='av-social-sharing-box  avia-builder-el-7  el_after_av_hr  el_before_av_hr  '><div class='av-share-box'><h5 class='av-share-link-description av-no-toc '>Compartir esta noticia<\/h5><ul class='av-share-box-list noLightbox'><li class='av-share-link av-social-link-facebook' ><a target=\"_blank\" aria-label=\"Compartir en Facebook\" href='https:\/\/www.facebook.com\/sharer.php?u=https:\/\/radiorevelacionfm.cl\/?p=42401&#038;t=Juventudes%20se%20informan%20sobre%20la%20importancia%20del%20autocuidado%20en%20actividad%20desarrollada%20por%20INJUV' aria-hidden='false' data-av_icon='\ue8f3' data-av_iconfont='entypo-fontello' title='' data-avia-related-tooltip='Compartir en Facebook' rel=\"noopener\"><span class='avia_hidden_link_text'>Compartir en Facebook<\/span><\/a><\/li><li class='av-share-link av-social-link-twitter' ><a target=\"_blank\" aria-label=\"Compartir en Twitter\" href='https:\/\/twitter.com\/share?text=Juventudes%20se%20informan%20sobre%20la%20importancia%20del%20autocuidado%20en%20actividad%20desarrollada%20por%20INJUV&#038;url=https:\/\/radiorevelacionfm.cl\/?p=42401' aria-hidden='false' data-av_icon='\ue8f1' data-av_iconfont='entypo-fontello' title='' data-avia-related-tooltip='Compartir en Twitter' rel=\"noopener\"><span class='avia_hidden_link_text'>Compartir en Twitter<\/span><\/a><\/li><li class='av-share-link av-social-link-whatsapp' ><a target=\"_blank\" aria-label=\"Compartir en Whatsapp\" href='https:\/\/api.whatsapp.com\/send?text=https:\/\/radiorevelacionfm.cl\/?p=42401' aria-hidden='false' data-av_icon='\uf232' data-av_iconfont='entypo-fontello' title='' data-avia-related-tooltip='Compartir en Whatsapp' rel=\"noopener\"><span class='avia_hidden_link_text'>Compartir en Whatsapp<\/span><\/a><\/li><li class='av-share-link av-social-link-linkedin' ><a target=\"_blank\" aria-label=\"Compartir en LinkedIn\" href='https:\/\/linkedin.com\/shareArticle?mini=true&#038;title=Juventudes%20se%20informan%20sobre%20la%20importancia%20del%20autocuidado%20en%20actividad%20desarrollada%20por%20INJUV&#038;url=https:\/\/radiorevelacionfm.cl\/?p=42401' aria-hidden='false' data-av_icon='\ue8fc' data-av_iconfont='entypo-fontello' title='' data-avia-related-tooltip='Compartir en LinkedIn' rel=\"noopener\"><span class='avia_hidden_link_text'>Compartir en LinkedIn<\/span><\/a><\/li><li class='av-share-link av-social-link-mail' ><a  aria-label=\"Compartir por correo\" href='mailto:?subject=Juventudes%20se%20informan%20sobre%20la%20importancia%20del%20autocuidado%20en%20actividad%20desarrollada%20por%20INJUV&#038;body=https:\/\/radiorevelacionfm.cl\/?p=42401' aria-hidden='false' data-av_icon='\ue805' data-av_iconfont='entypo-fontello' title='' data-avia-related-tooltip='Compartir por correo'><span class='avia_hidden_link_text'>Compartir por correo<\/span><\/a><\/li><\/ul><\/div><\/div>\n<div  style='height:50px' class='hr hr-invisible   avia-builder-el-8  el_after_av_social_share  el_before_av_comments_list '><span class='hr-inner ' ><span class='hr-inner-style'><\/span><\/span><\/div>\n<div  class='av-buildercomment  av-blog-meta-html-info-disabled av-blog-meta-tag-disabled  '><\/div>\n","protected":false},"excerpt":{"rendered":"","protected":false},"author":1,"featured_media":42402,"comment_status":"open","ping_status":"open","sticky":false,"template":"","format":"standard","meta":{"footnotes":""},"categories":[38],"tags":[],"class_list":["post-42401","post","type-post","status-publish","format-standard","has-post-thumbnail","hentry","category-regional"],"jetpack_featured_media_url":"https:\/\/radiorevelacionfm.cl\/wp-content\/uploads\/2024\/05\/foto-2-43-1_optimized.jpg","_links":{"self":[{"href":"https:\/\/radiorevelacionfm.cl\/index.php?rest_route=\/wp\/v2\/posts\/42401","targetHints":{"allow":["GET"]}}],"collection":[{"href":"https:\/\/radiorevelacionfm.cl\/index.php?rest_route=\/wp\/v2\/posts"}],"about":[{"href":"https:\/\/radiorevelacionfm.cl\/index.php?rest_route=\/wp\/v2\/types\/post"}],"author":[{"embeddable":true,"href":"https:\/\/radiorevelacionfm.cl\/index.php?rest_route=\/wp\/v2\/users\/1"}],"replies":[{"embeddable":true,"href":"https:\/\/radiorevelacionfm.cl\/index.php?rest_route=%2Fwp%2Fv2%2Fcomments&post=42401"}],"version-history":[{"count":1,"href":"https:\/\/radiorevelacionfm.cl\/index.php?rest_route=\/wp\/v2\/posts\/42401\/revisions"}],"predecessor-version":[{"id":42403,"href":"https:\/\/radiorevelacionfm.cl\/index.php?rest_route=\/wp\/v2\/posts\/42401\/revisions\/42403"}],"wp:featuredmedia":[{"embeddable":true,"href":"https:\/\/radiorevelacionfm.cl\/index.php?rest_route=\/wp\/v2\/media\/42402"}],"wp:attachment":[{"href":"https:\/\/radiorevelacionfm.cl\/index.php?rest_route=%2Fwp%2Fv2%2Fmedia&parent=42401"}],"wp:term":[{"taxonomy":"category","embeddable":true,"href":"https:\/\/radiorevelacionfm.cl\/index.php?rest_route=%2Fwp%2Fv2%2Fcategories&post=42401"},{"taxonomy":"post_tag","embeddable":true,"href":"https:\/\/radiorevelacionfm.cl\/index.php?rest_route=%2Fwp%2Fv2%2Ftags&post=42401"}],"curies":[{"name":"wp","href":"https:\/\/api.w.org\/{rel}","templated":true}]}}