{"id":42398,"date":"2024-05-22T15:59:21","date_gmt":"2024-05-22T18:59:21","guid":{"rendered":"https:\/\/radiorevelacionfm.cl\/?p=42398"},"modified":"2024-05-22T15:59:21","modified_gmt":"2024-05-22T18:59:21","slug":"ag-artepatagonia-fortalece-imagen-corporativa-y-se-capacita-en-marketing-digital","status":"publish","type":"post","link":"https:\/\/radiorevelacionfm.cl\/?p=42398","title":{"rendered":"AG ArtePatagonia fortalece imagen corporativa y se capacita en marketing digital"},"content":{"rendered":"<div class=\"flex_column av_one_full  flex_column_div av-zero-column-padding first  avia-builder-el-0  el_before_av_one_full  avia-builder-el-first  \" style='border-radius:0px; '><div  class='avia-image-container  av-styling-    avia-builder-el-1  avia-builder-el-no-sibling  avia-align-center '  itemprop=\"image\" itemscope=\"itemscope\" itemtype=\"https:\/\/schema.org\/ImageObject\"  ><div class='avia-image-container-inner'><div class='avia-image-overlay-wrap'><img decoding=\"async\" class='wp-image-42399 avia-img-lazy-loading-not-42399 avia_image' src=\"https:\/\/radiorevelacionfm.cl\/wp-content\/uploads\/2024\/05\/1-69-1-2.jpeg\" alt='' title='1 (69) (1) (2)' height=\"600\" width=\"1067\"  itemprop=\"thumbnailUrl\" srcset=\"https:\/\/radiorevelacionfm.cl\/wp-content\/uploads\/2024\/05\/1-69-1-2.jpeg 1067w, https:\/\/radiorevelacionfm.cl\/wp-content\/uploads\/2024\/05\/1-69-1-2-300x169.jpeg 300w, https:\/\/radiorevelacionfm.cl\/wp-content\/uploads\/2024\/05\/1-69-1-2-1030x579.jpeg 1030w, https:\/\/radiorevelacionfm.cl\/wp-content\/uploads\/2024\/05\/1-69-1-2-768x432.jpeg 768w, https:\/\/radiorevelacionfm.cl\/wp-content\/uploads\/2024\/05\/1-69-1-2-705x396.jpeg 705w, https:\/\/radiorevelacionfm.cl\/wp-content\/uploads\/2024\/05\/1-69-1-2-450x253.jpeg 450w, https:\/\/radiorevelacionfm.cl\/wp-content\/uploads\/2024\/05\/1-69-1-2-600x337.jpeg 600w\" sizes=\"(max-width: 1067px) 100vw, 1067px\" \/><\/div><\/div><\/div><\/div><div class=\"flex_column av_one_full  flex_column_div av-zero-column-padding first  avia-builder-el-2  el_after_av_one_full  el_before_av_one_full  column-top-margin\" style='border-radius:0px; '><section class=\"av_textblock_section \"  itemscope=\"itemscope\" itemtype=\"https:\/\/schema.org\/BlogPosting\" itemprop=\"blogPost\" ><div class='avia_textblock  '   itemprop=\"text\" ><p style=\"text-align: center;\"><span style=\"font-size: 18pt;\"><strong>AG ArtePatagonia fortalece imagen corporativa y se capacita en marketing digital<\/strong><\/span><\/p>\n<div id=\"gtx-trans\" style=\"position: absolute; left: -50px; top: 4.31534px;\">\n<div class=\"gtx-trans-icon\"><\/div>\n<\/div>\n<\/div><\/section><\/div><div class=\"flex_column av_one_full  flex_column_div av-zero-column-padding first  avia-builder-el-4  el_after_av_one_full  el_before_av_hr  column-top-margin\" style='border-radius:0px; '><section class=\"av_textblock_section \"  itemscope=\"itemscope\" itemtype=\"https:\/\/schema.org\/BlogPosting\" itemprop=\"blogPost\" ><div class='avia_textblock  '   itemprop=\"text\" ><p style=\"text-align: justify;\"><em>El programa Emprendamos Grupal Autogestionado, financiado por el FOSIS, permiti\u00f3 adquirir ropa institucional, corp\u00f3reos, cat\u00e1logo digital, video corporativo y capacitaciones para integrantes de la organizaci\u00f3n.<\/em><\/p>\n<p style=\"text-align: justify;\">La iniciativa denominada \u201cFortaleciendo y mejorando las condiciones del desarrollo de nuestra actividad productiva junto a la comunidad\u201d, fue ejecutada por la Asociaci\u00f3n Gremial ArtePatagonia y financiada gracias al programa Emprendamos Grupal Autogestionado del Fondo de Solidaridad e Inversi\u00f3n Social, FOSIS.<\/p>\n<p style=\"text-align: justify;\">Gracias al financiamiento que recibi\u00f3 este proyecto fue posible la adquisici\u00f3n de ropa institucional, video corporativo, cat\u00e1logo digital y corp\u00f3reos para realizar difusi\u00f3n de actividades que la organizaci\u00f3n realiza, junto con una capacitaci\u00f3n en fotograf\u00eda de productos y estrategias de marketing digital, aplicados a la venta de productos por redes sociales.<\/p>\n<p style=\"text-align: justify;\">Marissa Azocar, Presidenta de la A.G. ArtePatagonia, destac\u00f3 que \u201clogramos conseguir muchas cosas para nuestras agrupaci\u00f3n, entre ellas la ropa corporativa, un video corporativo y unos corp\u00f3reos que s\u00f3lo vienen a potenciar m\u00e1s a nuestra agrupaci\u00f3n. Lo que m\u00e1s destaco es el apoyo constante de los funcionarios del FOSIS, porque muchas veces te dicen que es s\u00faper engorroso hacer estos proyectos autogestionados y la verdad es que para nosotros fue algo simple, por lo que invitamos a las dem\u00e1s agrupaciones a participar de estos proyectos\u201d.<\/p>\n<p style=\"text-align: justify;\">La Directora Regional del FOSIS en Ays\u00e9n, Fernanda Leiva, asegur\u00f3 que \u201cayudar, apoyar y fortalecer los emprendimientos es parte de nuestra misi\u00f3n. Estamos contribuyendo a entregar herramientas y capacidades a las personas y organizaciones que se junta dentro del marco productivo, para fortalecer sus emprendimientos, poder mejorar su trabajo y finalmente su calidad de vida, que es el motor que nos mueve. Estamos muy contentos de ayudar a concretar los sue\u00f1os de esta agrupaci\u00f3n de Coyhaique\u201d.<\/p>\n<p style=\"text-align: justify;\">Carlos Gatica, Alcalde de Coyhaique, coment\u00f3 que \u201cpudimos acercar una herramienta tan potente que tiene el estado, a trav\u00e9s del FOSIS, con las habilidades y expertiz que tiene Mart\u00edn en la formulaci\u00f3n y acompa\u00f1amiento en la postulaci\u00f3n a estos proyectos. Son cerca de seis millones de pesos que estuvieron orientados a perfeccionar herramientas para mejorar sus ventas, marketing digital y fotograf\u00eda, que por supuesto unifican la visibilidad que ellos tienen en nuestra plaza, con su vestimenta, se ve mucho m\u00e1s ordenado y cohesionado el equipo\u201d.<\/p>\n<p style=\"text-align: justify;\">El programa Emprendamos Grupal Autogestionado permite que organizaciones productivas desarrollen actividades econ\u00f3micas y mejoren las condiciones de producci\u00f3n de sus negocios, fortaleciendo capacidades personales y de las organizaciones, lazos de asociatividad y acceso a redes; con el fin de aumentar sus ingresos y fomentar su autonom\u00eda econ\u00f3mica.<\/p>\n<\/div><\/section><\/div><div  style='height:50px' class='hr hr-invisible   avia-builder-el-6  el_after_av_one_full  el_before_av_social_share '><span class='hr-inner ' ><span class='hr-inner-style'><\/span><\/span><\/div><\/p>\n<div  class='av-social-sharing-box  avia-builder-el-7  el_after_av_hr  el_before_av_hr  '><div class='av-share-box'><h5 class='av-share-link-description av-no-toc '>Compartir esta noticia<\/h5><ul class='av-share-box-list noLightbox'><li class='av-share-link av-social-link-facebook' ><a target=\"_blank\" aria-label=\"Compartir en Facebook\" href='https:\/\/www.facebook.com\/sharer.php?u=https:\/\/radiorevelacionfm.cl\/?p=42398&#038;t=AG%20ArtePatagonia%20fortalece%20imagen%20corporativa%20y%20se%20capacita%20en%20marketing%20digital' aria-hidden='false' data-av_icon='\ue8f3' data-av_iconfont='entypo-fontello' title='' data-avia-related-tooltip='Compartir en Facebook' rel=\"noopener\"><span class='avia_hidden_link_text'>Compartir en Facebook<\/span><\/a><\/li><li class='av-share-link av-social-link-twitter' ><a target=\"_blank\" aria-label=\"Compartir en Twitter\" href='https:\/\/twitter.com\/share?text=AG%20ArtePatagonia%20fortalece%20imagen%20corporativa%20y%20se%20capacita%20en%20marketing%20digital&#038;url=https:\/\/radiorevelacionfm.cl\/?p=42398' aria-hidden='false' data-av_icon='\ue8f1' data-av_iconfont='entypo-fontello' title='' data-avia-related-tooltip='Compartir en Twitter' rel=\"noopener\"><span class='avia_hidden_link_text'>Compartir en Twitter<\/span><\/a><\/li><li class='av-share-link av-social-link-whatsapp' ><a target=\"_blank\" aria-label=\"Compartir en Whatsapp\" href='https:\/\/api.whatsapp.com\/send?text=https:\/\/radiorevelacionfm.cl\/?p=42398' aria-hidden='false' data-av_icon='\uf232' data-av_iconfont='entypo-fontello' title='' data-avia-related-tooltip='Compartir en Whatsapp' rel=\"noopener\"><span class='avia_hidden_link_text'>Compartir en Whatsapp<\/span><\/a><\/li><li class='av-share-link av-social-link-linkedin' ><a target=\"_blank\" aria-label=\"Compartir en LinkedIn\" href='https:\/\/linkedin.com\/shareArticle?mini=true&#038;title=AG%20ArtePatagonia%20fortalece%20imagen%20corporativa%20y%20se%20capacita%20en%20marketing%20digital&#038;url=https:\/\/radiorevelacionfm.cl\/?p=42398' aria-hidden='false' data-av_icon='\ue8fc' data-av_iconfont='entypo-fontello' title='' data-avia-related-tooltip='Compartir en LinkedIn' rel=\"noopener\"><span class='avia_hidden_link_text'>Compartir en LinkedIn<\/span><\/a><\/li><li class='av-share-link av-social-link-mail' ><a  aria-label=\"Compartir por correo\" href='mailto:?subject=AG%20ArtePatagonia%20fortalece%20imagen%20corporativa%20y%20se%20capacita%20en%20marketing%20digital&#038;body=https:\/\/radiorevelacionfm.cl\/?p=42398' aria-hidden='false' data-av_icon='\ue805' data-av_iconfont='entypo-fontello' title='' data-avia-related-tooltip='Compartir por correo'><span class='avia_hidden_link_text'>Compartir por correo<\/span><\/a><\/li><\/ul><\/div><\/div>\n<div  style='height:50px' class='hr hr-invisible   avia-builder-el-8  el_after_av_social_share  el_before_av_comments_list '><span class='hr-inner ' ><span class='hr-inner-style'><\/span><\/span><\/div>\n<div  class='av-buildercomment  av-blog-meta-html-info-disabled av-blog-meta-tag-disabled  '><\/div>\n","protected":false},"excerpt":{"rendered":"","protected":false},"author":1,"featured_media":42399,"comment_status":"open","ping_status":"open","sticky":false,"template":"","format":"standard","meta":{"footnotes":""},"categories":[38],"tags":[],"class_list":["post-42398","post","type-post","status-publish","format-standard","has-post-thumbnail","hentry","category-regional"],"jetpack_featured_media_url":"https:\/\/radiorevelacionfm.cl\/wp-content\/uploads\/2024\/05\/1-69-1-2.jpeg","_links":{"self":[{"href":"https:\/\/radiorevelacionfm.cl\/index.php?rest_route=\/wp\/v2\/posts\/42398","targetHints":{"allow":["GET"]}}],"collection":[{"href":"https:\/\/radiorevelacionfm.cl\/index.php?rest_route=\/wp\/v2\/posts"}],"about":[{"href":"https:\/\/radiorevelacionfm.cl\/index.php?rest_route=\/wp\/v2\/types\/post"}],"author":[{"embeddable":true,"href":"https:\/\/radiorevelacionfm.cl\/index.php?rest_route=\/wp\/v2\/users\/1"}],"replies":[{"embeddable":true,"href":"https:\/\/radiorevelacionfm.cl\/index.php?rest_route=%2Fwp%2Fv2%2Fcomments&post=42398"}],"version-history":[{"count":1,"href":"https:\/\/radiorevelacionfm.cl\/index.php?rest_route=\/wp\/v2\/posts\/42398\/revisions"}],"predecessor-version":[{"id":42400,"href":"https:\/\/radiorevelacionfm.cl\/index.php?rest_route=\/wp\/v2\/posts\/42398\/revisions\/42400"}],"wp:featuredmedia":[{"embeddable":true,"href":"https:\/\/radiorevelacionfm.cl\/index.php?rest_route=\/wp\/v2\/media\/42399"}],"wp:attachment":[{"href":"https:\/\/radiorevelacionfm.cl\/index.php?rest_route=%2Fwp%2Fv2%2Fmedia&parent=42398"}],"wp:term":[{"taxonomy":"category","embeddable":true,"href":"https:\/\/radiorevelacionfm.cl\/index.php?rest_route=%2Fwp%2Fv2%2Fcategories&post=42398"},{"taxonomy":"post_tag","embeddable":true,"href":"https:\/\/radiorevelacionfm.cl\/index.php?rest_route=%2Fwp%2Fv2%2Ftags&post=42398"}],"curies":[{"name":"wp","href":"https:\/\/api.w.org\/{rel}","templated":true}]}}