{"id":42395,"date":"2024-05-23T16:00:30","date_gmt":"2024-05-23T19:00:30","guid":{"rendered":"https:\/\/radiorevelacionfm.cl\/?p=42395"},"modified":"2024-05-23T16:00:30","modified_gmt":"2024-05-23T19:00:30","slug":"sec-lanza-whatsapp-institucional-para-recoger-reclamos-y-denuncias-de-la-ciudadania","status":"publish","type":"post","link":"https:\/\/radiorevelacionfm.cl\/?p=42395","title":{"rendered":"SEC lanza \u00abWhatsApp\u00bb institucional para recoger reclamos y denuncias de la ciudadan\u00eda"},"content":{"rendered":"<div class=\"flex_column av_one_full  flex_column_div av-zero-column-padding first  avia-builder-el-0  el_before_av_one_full  avia-builder-el-first  \" style='border-radius:0px; '><div  class='avia-image-container  av-styling-    avia-builder-el-1  avia-builder-el-no-sibling  avia-align-center '  itemprop=\"image\" itemscope=\"itemscope\" itemtype=\"https:\/\/schema.org\/ImageObject\"  ><div class='avia-image-container-inner'><div class='avia-image-overlay-wrap'><img decoding=\"async\" class='wp-image-42396 avia-img-lazy-loading-not-42396 avia_image' src=\"https:\/\/radiorevelacionfm.cl\/wp-content\/uploads\/2024\/05\/foto-whatsapp-sec_optimized-1.jpg\" alt='' title='foto-whatsapp-sec_optimized (1)' height=\"628\" width=\"1200\"  itemprop=\"thumbnailUrl\" srcset=\"https:\/\/radiorevelacionfm.cl\/wp-content\/uploads\/2024\/05\/foto-whatsapp-sec_optimized-1.jpg 1200w, https:\/\/radiorevelacionfm.cl\/wp-content\/uploads\/2024\/05\/foto-whatsapp-sec_optimized-1-300x157.jpg 300w, https:\/\/radiorevelacionfm.cl\/wp-content\/uploads\/2024\/05\/foto-whatsapp-sec_optimized-1-1030x539.jpg 1030w, https:\/\/radiorevelacionfm.cl\/wp-content\/uploads\/2024\/05\/foto-whatsapp-sec_optimized-1-768x402.jpg 768w, https:\/\/radiorevelacionfm.cl\/wp-content\/uploads\/2024\/05\/foto-whatsapp-sec_optimized-1-705x369.jpg 705w, https:\/\/radiorevelacionfm.cl\/wp-content\/uploads\/2024\/05\/foto-whatsapp-sec_optimized-1-450x236.jpg 450w, https:\/\/radiorevelacionfm.cl\/wp-content\/uploads\/2024\/05\/foto-whatsapp-sec_optimized-1-600x314.jpg 600w\" sizes=\"(max-width: 1200px) 100vw, 1200px\" \/><\/div><\/div><\/div><\/div><div class=\"flex_column av_one_full  flex_column_div av-zero-column-padding first  avia-builder-el-2  el_after_av_one_full  el_before_av_one_full  column-top-margin\" style='border-radius:0px; '><section class=\"av_textblock_section \"  itemscope=\"itemscope\" itemtype=\"https:\/\/schema.org\/BlogPosting\" itemprop=\"blogPost\" ><div class='avia_textblock  '   itemprop=\"text\" ><p style=\"text-align: center;\"><span style=\"font-size: 18pt;\"><b>SEC lanza \u00abWhatsApp\u00bb institucional para recoger reclamos y denuncias de la ciudadan\u00eda<\/b><\/span><\/p>\n<div id=\"gtx-trans\" style=\"position: absolute; left: -50px; top: 4.31534px;\">\n<div class=\"gtx-trans-icon\"><\/div>\n<\/div>\n<\/div><\/section><\/div><div class=\"flex_column av_one_full  flex_column_div av-zero-column-padding first  avia-builder-el-4  el_after_av_one_full  el_before_av_hr  column-top-margin\" style='border-radius:0px; '><section class=\"av_textblock_section \"  itemscope=\"itemscope\" itemtype=\"https:\/\/schema.org\/BlogPosting\" itemprop=\"blogPost\" ><div class='avia_textblock  '   itemprop=\"text\" ><p style=\"font-weight: 400; text-align: justify;\">La Superintendencia de Electricidad y Combustibles, SEC, inform\u00f3 que ya cuenta con una nueva herramienta de comunicaci\u00f3n con las y los usuarios del pa\u00eds, un \u201cWhatsApp\u201d institucional que permitir\u00e1 recoger una serie de reclamos, denuncias y consultas que puedan surgir en torno a productos y servicios energ\u00e9ticos que se comercializan en la naci\u00f3n.<\/p>\n<p style=\"font-weight: 400; text-align: justify;\">El \u201dAsistente virtual\u201d de este canal, se encuentra disponible en\u00a0<a href=\"https:\/\/www.sec.cl\/atencion-ciudadana\/\" data-saferedirecturl=\"https:\/\/www.google.com\/url?q=https:\/\/www.sec.cl\/atencion-ciudadana\/&amp;source=gmail&amp;ust=1716487028898000&amp;usg=AOvVaw1TGO-TbR3HtDsXqOSpgsoK\">https:\/\/www.sec.cl\/atencion-ciudadana\/<\/a>, y a trav\u00e9s del \u201dWhatsApp\u201d SEC, cuyo n\u00famero es +56 9 9000 0236, el cual recibir\u00e1 las denuncias, por ejemplo, por cortes de luz, e inmediatamente derivar\u00e1 a las y los ciudadanos, a un Men\u00fa a trav\u00e9s del cual podr\u00e1n presentar el reclamo, el que ser\u00e1 enviado a la empresa el\u00e9ctrica correspondiente, lo que permitir\u00e1 monitorear los tiempos de respuesta de las compa\u00f1\u00edas.<\/p>\n<p style=\"font-weight: 400; text-align: justify;\">Del mismo modo, la nueva herramienta podr\u00e1 ayudar a buscar Instaladores de Gas o El\u00e9ctricos que est\u00e9n autorizados por la SEC; permitir\u00e1 responder dudas sobre la no llegada de las boletas de consumo el\u00e9ctrico o de gas; y tambi\u00e9n se podr\u00e1 revisar en qu\u00e9 estado se encuentra la presentaci\u00f3n de un reclamo. Todas estas interacciones se realizar\u00e1n a trav\u00e9s de men\u00fas de f\u00e1cil utilizaci\u00f3n.<\/p>\n<p style=\"font-weight: 400; text-align: justify;\">\u201cAPROVECHAR LA TECNOLOG\u00cdA\u201d<\/p>\n<p style=\"font-weight: 400; text-align: justify;\">El lanzamiento cobra vital importancia en estos d\u00edas en que se est\u00e1 presentando un nuevo sistema frontal en la zona central del pa\u00eds, vi\u00e9ndose afectada la Regi\u00f3n Metropolitana y otras regiones con cortes de suministro el\u00e9ctrico.<\/p>\n<p style=\"font-weight: 400; text-align: justify;\">La Superintendenta de la SEC, Marta Cabeza Vargas, sostuvo que \u201ces importante aprovechar la tecnolog\u00eda, en beneficio de las y los ciudadanos. Por lo mismo, es que quisimos incorporar el WhatsApp, que es una herramienta que manejan personas mayores y j\u00f3venes, por igual, para que puedan presentar sus reclamos por cortes de luz, bajas de voltaje, dudas con las boletas y con los cobros, para as\u00ed resolver estos temas en el m\u00e1s corto tiempo posible\u201d.<\/p>\n<p style=\"font-weight: 400; text-align: justify;\">El WhatsApp de la SEC se suma a una serie de plataformas que tiene el organismo fiscalizador para recibir consultas, dudas o reclamos de la ciudadan\u00eda, las que incluyen su p\u00e1gina web\u00a0<a href=\"http:\/\/www.sec.cl\/\" data-saferedirecturl=\"https:\/\/www.google.com\/url?q=http:\/\/www.sec.cl&amp;source=gmail&amp;ust=1716487028898000&amp;usg=AOvVaw1Jn4iqqET_yZ9OeHwwgaSL\">www.sec.cl<\/a>, a la que se accede desde celulares, sin la necesidad de descargar ninguna aplicaci\u00f3n; las videollamadas que se realizan con personal SEC; y las atenciones presenciales en sus oficinas, desplegadas en todas las capitales regionales del pa\u00eds.<\/p>\n<p style=\"font-weight: 400; text-align: justify;\">Finalmente, desde el organismo fiscalizador hicieron un llamado a seguir las cuentas oficiales de la SEC en Redes Sociales: Instagram (@sec_chile), LinkedIn (Superintendencia de Electricidad y Combustibles &#8211; SEC), X (@SEC_cl) y Superintendencia SEC (Facebook), donde la ciudadan\u00eda podr\u00e1 acceder a informaci\u00f3n \u00fatil y consejos de seguridad para el uso de los energ\u00e9ticos.<\/p>\n<\/div><\/section><\/div><div  style='height:50px' class='hr hr-invisible   avia-builder-el-6  el_after_av_one_full  el_before_av_social_share '><span class='hr-inner ' ><span class='hr-inner-style'><\/span><\/span><\/div><\/p>\n<div  class='av-social-sharing-box  avia-builder-el-7  el_after_av_hr  el_before_av_hr  '><div class='av-share-box'><h5 class='av-share-link-description av-no-toc '>Compartir esta noticia<\/h5><ul class='av-share-box-list noLightbox'><li class='av-share-link av-social-link-facebook' ><a target=\"_blank\" aria-label=\"Compartir en Facebook\" href='https:\/\/www.facebook.com\/sharer.php?u=https:\/\/radiorevelacionfm.cl\/?p=42395&#038;t=SEC%20lanza%20%C2%ABWhatsApp%C2%BB%20institucional%20para%20recoger%20reclamos%20y%20denuncias%20de%20la%20ciudadan%C3%ADa' aria-hidden='false' data-av_icon='\ue8f3' data-av_iconfont='entypo-fontello' title='' data-avia-related-tooltip='Compartir en Facebook' rel=\"noopener\"><span class='avia_hidden_link_text'>Compartir en Facebook<\/span><\/a><\/li><li class='av-share-link av-social-link-twitter' ><a target=\"_blank\" aria-label=\"Compartir en Twitter\" href='https:\/\/twitter.com\/share?text=SEC%20lanza%20%C2%ABWhatsApp%C2%BB%20institucional%20para%20recoger%20reclamos%20y%20denuncias%20de%20la%20ciudadan%C3%ADa&#038;url=https:\/\/radiorevelacionfm.cl\/?p=42395' aria-hidden='false' data-av_icon='\ue8f1' data-av_iconfont='entypo-fontello' title='' data-avia-related-tooltip='Compartir en Twitter' rel=\"noopener\"><span class='avia_hidden_link_text'>Compartir en Twitter<\/span><\/a><\/li><li class='av-share-link av-social-link-whatsapp' ><a target=\"_blank\" aria-label=\"Compartir en Whatsapp\" href='https:\/\/api.whatsapp.com\/send?text=https:\/\/radiorevelacionfm.cl\/?p=42395' aria-hidden='false' data-av_icon='\uf232' data-av_iconfont='entypo-fontello' title='' data-avia-related-tooltip='Compartir en Whatsapp' rel=\"noopener\"><span class='avia_hidden_link_text'>Compartir en Whatsapp<\/span><\/a><\/li><li class='av-share-link av-social-link-linkedin' ><a target=\"_blank\" aria-label=\"Compartir en LinkedIn\" href='https:\/\/linkedin.com\/shareArticle?mini=true&#038;title=SEC%20lanza%20%C2%ABWhatsApp%C2%BB%20institucional%20para%20recoger%20reclamos%20y%20denuncias%20de%20la%20ciudadan%C3%ADa&#038;url=https:\/\/radiorevelacionfm.cl\/?p=42395' aria-hidden='false' data-av_icon='\ue8fc' data-av_iconfont='entypo-fontello' title='' data-avia-related-tooltip='Compartir en LinkedIn' rel=\"noopener\"><span class='avia_hidden_link_text'>Compartir en LinkedIn<\/span><\/a><\/li><li class='av-share-link av-social-link-mail' ><a  aria-label=\"Compartir por correo\" href='mailto:?subject=SEC%20lanza%20%C2%ABWhatsApp%C2%BB%20institucional%20para%20recoger%20reclamos%20y%20denuncias%20de%20la%20ciudadan%C3%ADa&#038;body=https:\/\/radiorevelacionfm.cl\/?p=42395' aria-hidden='false' data-av_icon='\ue805' data-av_iconfont='entypo-fontello' title='' data-avia-related-tooltip='Compartir por correo'><span class='avia_hidden_link_text'>Compartir por correo<\/span><\/a><\/li><\/ul><\/div><\/div>\n<div  style='height:50px' class='hr hr-invisible   avia-builder-el-8  el_after_av_social_share  el_before_av_comments_list '><span class='hr-inner ' ><span class='hr-inner-style'><\/span><\/span><\/div>\n<div  class='av-buildercomment  av-blog-meta-html-info-disabled av-blog-meta-tag-disabled  '><\/div>\n","protected":false},"excerpt":{"rendered":"","protected":false},"author":1,"featured_media":42396,"comment_status":"open","ping_status":"open","sticky":false,"template":"","format":"standard","meta":{"footnotes":""},"categories":[38],"tags":[],"class_list":["post-42395","post","type-post","status-publish","format-standard","has-post-thumbnail","hentry","category-regional"],"jetpack_featured_media_url":"https:\/\/radiorevelacionfm.cl\/wp-content\/uploads\/2024\/05\/foto-whatsapp-sec_optimized-1.jpg","_links":{"self":[{"href":"https:\/\/radiorevelacionfm.cl\/index.php?rest_route=\/wp\/v2\/posts\/42395","targetHints":{"allow":["GET"]}}],"collection":[{"href":"https:\/\/radiorevelacionfm.cl\/index.php?rest_route=\/wp\/v2\/posts"}],"about":[{"href":"https:\/\/radiorevelacionfm.cl\/index.php?rest_route=\/wp\/v2\/types\/post"}],"author":[{"embeddable":true,"href":"https:\/\/radiorevelacionfm.cl\/index.php?rest_route=\/wp\/v2\/users\/1"}],"replies":[{"embeddable":true,"href":"https:\/\/radiorevelacionfm.cl\/index.php?rest_route=%2Fwp%2Fv2%2Fcomments&post=42395"}],"version-history":[{"count":1,"href":"https:\/\/radiorevelacionfm.cl\/index.php?rest_route=\/wp\/v2\/posts\/42395\/revisions"}],"predecessor-version":[{"id":42397,"href":"https:\/\/radiorevelacionfm.cl\/index.php?rest_route=\/wp\/v2\/posts\/42395\/revisions\/42397"}],"wp:featuredmedia":[{"embeddable":true,"href":"https:\/\/radiorevelacionfm.cl\/index.php?rest_route=\/wp\/v2\/media\/42396"}],"wp:attachment":[{"href":"https:\/\/radiorevelacionfm.cl\/index.php?rest_route=%2Fwp%2Fv2%2Fmedia&parent=42395"}],"wp:term":[{"taxonomy":"category","embeddable":true,"href":"https:\/\/radiorevelacionfm.cl\/index.php?rest_route=%2Fwp%2Fv2%2Fcategories&post=42395"},{"taxonomy":"post_tag","embeddable":true,"href":"https:\/\/radiorevelacionfm.cl\/index.php?rest_route=%2Fwp%2Fv2%2Ftags&post=42395"}],"curies":[{"name":"wp","href":"https:\/\/api.w.org\/{rel}","templated":true}]}}