{"id":42392,"date":"2024-05-22T22:43:59","date_gmt":"2024-05-23T01:43:59","guid":{"rendered":"https:\/\/radiorevelacionfm.cl\/?p=42392"},"modified":"2024-05-22T22:43:59","modified_gmt":"2024-05-23T01:43:59","slug":"lanzan-fondo-concursable-para-fortalecer-la-inclusion-de-personas-con-discapacidad","status":"publish","type":"post","link":"https:\/\/radiorevelacionfm.cl\/?p=42392","title":{"rendered":"Lanzan Fondo Concursable para fortalecer la inclusi\u00f3n de personas con discapacidad"},"content":{"rendered":"<div class=\"flex_column av_one_full  flex_column_div av-zero-column-padding first  avia-builder-el-0  el_before_av_one_full  avia-builder-el-first  \" style='border-radius:0px; '><div  class='avia-image-container  av-styling-    avia-builder-el-1  avia-builder-el-no-sibling  avia-align-center '  itemprop=\"image\" itemscope=\"itemscope\" itemtype=\"https:\/\/schema.org\/ImageObject\"  ><div class='avia-image-container-inner'><div class='avia-image-overlay-wrap'><img decoding=\"async\" class='wp-image-42393 avia-img-lazy-loading-not-42393 avia_image' src=\"https:\/\/radiorevelacionfm.cl\/wp-content\/uploads\/2024\/05\/1-67-1-2.jpeg\" alt='' title='1 (67) (1) (2)' height=\"600\" width=\"1065\"  itemprop=\"thumbnailUrl\" srcset=\"https:\/\/radiorevelacionfm.cl\/wp-content\/uploads\/2024\/05\/1-67-1-2.jpeg 1065w, https:\/\/radiorevelacionfm.cl\/wp-content\/uploads\/2024\/05\/1-67-1-2-300x169.jpeg 300w, https:\/\/radiorevelacionfm.cl\/wp-content\/uploads\/2024\/05\/1-67-1-2-1030x580.jpeg 1030w, https:\/\/radiorevelacionfm.cl\/wp-content\/uploads\/2024\/05\/1-67-1-2-768x433.jpeg 768w, https:\/\/radiorevelacionfm.cl\/wp-content\/uploads\/2024\/05\/1-67-1-2-705x397.jpeg 705w, https:\/\/radiorevelacionfm.cl\/wp-content\/uploads\/2024\/05\/1-67-1-2-450x254.jpeg 450w, https:\/\/radiorevelacionfm.cl\/wp-content\/uploads\/2024\/05\/1-67-1-2-600x338.jpeg 600w\" sizes=\"(max-width: 1065px) 100vw, 1065px\" \/><\/div><\/div><\/div><\/div><div class=\"flex_column av_one_full  flex_column_div av-zero-column-padding first  avia-builder-el-2  el_after_av_one_full  el_before_av_one_full  column-top-margin\" style='border-radius:0px; '><section class=\"av_textblock_section \"  itemscope=\"itemscope\" itemtype=\"https:\/\/schema.org\/BlogPosting\" itemprop=\"blogPost\" ><div class='avia_textblock  '   itemprop=\"text\" ><p style=\"text-align: center;\"><strong><span style=\"font-size: 18pt;\">Lanzan Fondo Concursable para fortalecer la inclusi\u00f3n de personas con discapacidad<\/span><\/strong><\/p>\n<div id=\"gtx-trans\" style=\"position: absolute; left: -50px; top: 4.31534px;\">\n<div class=\"gtx-trans-icon\"><\/div>\n<\/div>\n<\/div><\/section><\/div><div class=\"flex_column av_one_full  flex_column_div av-zero-column-padding first  avia-builder-el-4  el_after_av_one_full  el_before_av_hr  column-top-margin\" style='border-radius:0px; '><section class=\"av_textblock_section \"  itemscope=\"itemscope\" itemtype=\"https:\/\/schema.org\/BlogPosting\" itemprop=\"blogPost\" ><div class='avia_textblock  '   itemprop=\"text\" ><p style=\"text-align: justify;\"><em>El fondo que cuenta con 2 componentes, considera un presupuesto regional que supera los $128 millones y tiene abierta sus postulaciones a trav\u00e9s de plataforma <a href=\"http:\/\/www.fondos.gob.cl\">http:\/\/www.fondos.gob.cl<\/a> hasta el 31 de mayo del 2024 a las 14:00 horas.<\/em><\/p>\n<p style=\"text-align: justify;\">La Seremi de Desarrollo Social y Familia, Karina Acevedo Auad, y la Director Regional del Servicio Nacional de la Discapacidad, SENADIS, Viviana Mu\u00f1oz Vargas, se trasladaron hasta la comuna de Ays\u00e9n para realizar el lanzamiento del Fondo Concursable Senadis 2024 que busca financiar iniciativas que aumenten la participaci\u00f3n, autonom\u00eda, promuevan sus derechos, mejoren la calidad de vida, atenci\u00f3n temprana de las personas con discapacidad durante su ciclo vital.<\/p>\n<p style=\"text-align: justify;\">Seg\u00fan Karina Acevedo Auad, SEREMI de Desarrollo Social y Familia, el Fondo Nacional de Proyectos Inclusivos (Fonapi) de m\u00e1s $65 millones destinados a financiar regionalmente proyectos en las l\u00edneas de cultura, deporte, inclusi\u00f3n laboral, entre otras \u00e1reas y considera montos de adjudicaci\u00f3n que van desde 8 a 30 millones de pesos. \u201cEstamos tremendamente contentos porque aumenta el fondo a nivel nacional y regional, estamos cumpliendo con lo que nos encarg\u00f3 el Presidente a principios de este Gobierno: poder generar una sociedad mucho m\u00e1s inclusiva, avanzar hacia un sistema nacional de cuidados como lo es el Chile Cuida y del cual SENADIS forma parte, este desaf\u00edo de dar cuidado tanto a las personas que requieren de cuidado como las que cuidan\u201d.<\/p>\n<p style=\"text-align: justify;\">Otro componente del Fondo Concursables 2024 es el de Atenci\u00f3n Temprana que cuenta con m\u00e1s de $63 millones para la regi\u00f3n Ays\u00e9n y que busca financiar iniciativas que contribuyan a la inclusi\u00f3n social y equiparaci\u00f3n de oportunidades de ni\u00f1os y ni\u00f1as con discapacidad, procurando el acceso y participaci\u00f3n en igualdad de condiciones a los sistemas de educaci\u00f3n regular, que incluye a la Educaci\u00f3n Parvularia, salud y bienestar social.<\/p>\n<p style=\"text-align: justify;\">Viviana Mu\u00f1oz, directora regional de SENADIS, enfatiz\u00f3 que al fondo de Atenci\u00f3n Temprana pueden postular entidades p\u00fablicas y privadas que administren jardines infantiles que reciban aportes del Estado mientras que al Fondo Nacional de Proyectos Inclusivos pueden postular entidades p\u00fablicas o privadas sin fines de lucro. \u201cEste a\u00f1o, el Fondo Nacional de Proyectos Inclusivos destina el 60% del presupuesto a organizaciones peque\u00f1as y eso es algo que queremos relevar, porque queremos potenciar el quehacer de este tipo de organizaciones en nuestra regi\u00f3n, puesto que muchas veces tienen mayores dificultades para el autofinanciamiento o para acceder a fondos concursables\u201d.<\/p>\n<p style=\"text-align: justify;\">En ese sentido, Mar\u00eda Torres, presidenta de la organizaci\u00f3n \u201cEl Sue\u00f1o de Carol\u201d, destac\u00f3 que est\u00e1s instancias son de gran importancia para las organizaciones, las personas con discapacidad y sus familiares. \u201cEsto es s\u00faper bueno, estos proyectos apoyan a las organizaciones y as\u00ed vamos en ayuda a las personas que est\u00e1n con discapacidad, pacientes postrados y otras personas que requieren de apoyo. Es muy bueno capacitar a la gente que est\u00e1 trabajando con personas que est\u00e1n con discapacidad\u201d.<\/p>\n<p style=\"text-align: justify;\">Finalmente, adem\u00e1s de los dirigentes presentes participaron de la reuni\u00f3n la Delegaci\u00f3n Presidencial Provincial de Ays\u00e9n y la Municipalidad de Ays\u00e9n a trav\u00e9s del Alcalde Julio Uribe, quien destac\u00f3 el trabajo conjunto con el Ministerio de Desarrollo Social y Familia. \u201cHemos estado en el lanzamiento de este nuevo fondo, reafirmando el compromiso de apoyar a nuestras organizaciones para que puedan acceder a estas instancias de financiamiento y as\u00ed puedan contar con recursos para sus propias actividades, adem\u00e1s del trabajo conjunto con el Ministerio de Desarrollo Social hemos dispuesto de funcionarios para apoyar a nuestra comunidad\u201d.<\/p>\n<\/div><\/section><\/div><div  style='height:50px' class='hr hr-invisible   avia-builder-el-6  el_after_av_one_full  el_before_av_social_share '><span class='hr-inner ' ><span class='hr-inner-style'><\/span><\/span><\/div><\/p>\n<div  class='av-social-sharing-box  avia-builder-el-7  el_after_av_hr  el_before_av_hr  '><div class='av-share-box'><h5 class='av-share-link-description av-no-toc '>Compartir esta noticia<\/h5><ul class='av-share-box-list noLightbox'><li class='av-share-link av-social-link-facebook' ><a target=\"_blank\" aria-label=\"Compartir en Facebook\" href='https:\/\/www.facebook.com\/sharer.php?u=https:\/\/radiorevelacionfm.cl\/?p=42392&#038;t=Lanzan%20Fondo%20Concursable%20para%20fortalecer%20la%20inclusi%C3%B3n%20de%20personas%20con%20discapacidad' aria-hidden='false' data-av_icon='\ue8f3' data-av_iconfont='entypo-fontello' title='' data-avia-related-tooltip='Compartir en Facebook' rel=\"noopener\"><span class='avia_hidden_link_text'>Compartir en Facebook<\/span><\/a><\/li><li class='av-share-link av-social-link-twitter' ><a target=\"_blank\" aria-label=\"Compartir en Twitter\" href='https:\/\/twitter.com\/share?text=Lanzan%20Fondo%20Concursable%20para%20fortalecer%20la%20inclusi%C3%B3n%20de%20personas%20con%20discapacidad&#038;url=https:\/\/radiorevelacionfm.cl\/?p=42392' aria-hidden='false' data-av_icon='\ue8f1' data-av_iconfont='entypo-fontello' title='' data-avia-related-tooltip='Compartir en Twitter' rel=\"noopener\"><span class='avia_hidden_link_text'>Compartir en Twitter<\/span><\/a><\/li><li class='av-share-link av-social-link-whatsapp' ><a target=\"_blank\" aria-label=\"Compartir en Whatsapp\" href='https:\/\/api.whatsapp.com\/send?text=https:\/\/radiorevelacionfm.cl\/?p=42392' aria-hidden='false' data-av_icon='\uf232' data-av_iconfont='entypo-fontello' title='' data-avia-related-tooltip='Compartir en Whatsapp' rel=\"noopener\"><span class='avia_hidden_link_text'>Compartir en Whatsapp<\/span><\/a><\/li><li class='av-share-link av-social-link-linkedin' ><a target=\"_blank\" aria-label=\"Compartir en LinkedIn\" href='https:\/\/linkedin.com\/shareArticle?mini=true&#038;title=Lanzan%20Fondo%20Concursable%20para%20fortalecer%20la%20inclusi%C3%B3n%20de%20personas%20con%20discapacidad&#038;url=https:\/\/radiorevelacionfm.cl\/?p=42392' aria-hidden='false' data-av_icon='\ue8fc' data-av_iconfont='entypo-fontello' title='' data-avia-related-tooltip='Compartir en LinkedIn' rel=\"noopener\"><span class='avia_hidden_link_text'>Compartir en LinkedIn<\/span><\/a><\/li><li class='av-share-link av-social-link-mail' ><a  aria-label=\"Compartir por correo\" href='mailto:?subject=Lanzan%20Fondo%20Concursable%20para%20fortalecer%20la%20inclusi%C3%B3n%20de%20personas%20con%20discapacidad&#038;body=https:\/\/radiorevelacionfm.cl\/?p=42392' aria-hidden='false' data-av_icon='\ue805' data-av_iconfont='entypo-fontello' title='' data-avia-related-tooltip='Compartir por correo'><span class='avia_hidden_link_text'>Compartir por correo<\/span><\/a><\/li><\/ul><\/div><\/div>\n<div  style='height:50px' class='hr hr-invisible   avia-builder-el-8  el_after_av_social_share  el_before_av_comments_list '><span class='hr-inner ' ><span class='hr-inner-style'><\/span><\/span><\/div>\n<div  class='av-buildercomment  av-blog-meta-html-info-disabled av-blog-meta-tag-disabled  '><\/div>\n","protected":false},"excerpt":{"rendered":"","protected":false},"author":1,"featured_media":42393,"comment_status":"open","ping_status":"open","sticky":false,"template":"","format":"standard","meta":{"footnotes":""},"categories":[38],"tags":[],"class_list":["post-42392","post","type-post","status-publish","format-standard","has-post-thumbnail","hentry","category-regional"],"jetpack_featured_media_url":"https:\/\/radiorevelacionfm.cl\/wp-content\/uploads\/2024\/05\/1-67-1-2.jpeg","_links":{"self":[{"href":"https:\/\/radiorevelacionfm.cl\/index.php?rest_route=\/wp\/v2\/posts\/42392","targetHints":{"allow":["GET"]}}],"collection":[{"href":"https:\/\/radiorevelacionfm.cl\/index.php?rest_route=\/wp\/v2\/posts"}],"about":[{"href":"https:\/\/radiorevelacionfm.cl\/index.php?rest_route=\/wp\/v2\/types\/post"}],"author":[{"embeddable":true,"href":"https:\/\/radiorevelacionfm.cl\/index.php?rest_route=\/wp\/v2\/users\/1"}],"replies":[{"embeddable":true,"href":"https:\/\/radiorevelacionfm.cl\/index.php?rest_route=%2Fwp%2Fv2%2Fcomments&post=42392"}],"version-history":[{"count":1,"href":"https:\/\/radiorevelacionfm.cl\/index.php?rest_route=\/wp\/v2\/posts\/42392\/revisions"}],"predecessor-version":[{"id":42394,"href":"https:\/\/radiorevelacionfm.cl\/index.php?rest_route=\/wp\/v2\/posts\/42392\/revisions\/42394"}],"wp:featuredmedia":[{"embeddable":true,"href":"https:\/\/radiorevelacionfm.cl\/index.php?rest_route=\/wp\/v2\/media\/42393"}],"wp:attachment":[{"href":"https:\/\/radiorevelacionfm.cl\/index.php?rest_route=%2Fwp%2Fv2%2Fmedia&parent=42392"}],"wp:term":[{"taxonomy":"category","embeddable":true,"href":"https:\/\/radiorevelacionfm.cl\/index.php?rest_route=%2Fwp%2Fv2%2Fcategories&post=42392"},{"taxonomy":"post_tag","embeddable":true,"href":"https:\/\/radiorevelacionfm.cl\/index.php?rest_route=%2Fwp%2Fv2%2Ftags&post=42392"}],"curies":[{"name":"wp","href":"https:\/\/api.w.org\/{rel}","templated":true}]}}