{"id":42390,"date":"2024-05-22T19:53:31","date_gmt":"2024-05-22T22:53:31","guid":{"rendered":"https:\/\/radiorevelacionfm.cl\/?p=42390"},"modified":"2024-05-22T19:53:31","modified_gmt":"2024-05-22T22:53:31","slug":"sernatur-aysen-publica-barometro-turistico-de-temporada-alta-2024","status":"publish","type":"post","link":"https:\/\/radiorevelacionfm.cl\/?p=42390","title":{"rendered":"Sernatur Ays\u00e9n publica Bar\u00f3metro Tur\u00edstico de Temporada Alta 2024"},"content":{"rendered":"<div class=\"flex_column av_one_full  flex_column_div av-zero-column-padding first  avia-builder-el-0  el_before_av_one_full  avia-builder-el-first  \" style='border-radius:0px; '><div  class='avia-image-container  av-styling-    avia-builder-el-1  avia-builder-el-no-sibling  avia-align-center '  itemprop=\"image\" itemscope=\"itemscope\" itemtype=\"https:\/\/schema.org\/ImageObject\"  ><div class='avia-image-container-inner'><div class='avia-image-overlay-wrap'><img decoding=\"async\" class='wp-image-22965 avia-img-lazy-loading-not-22965 avia_image' src=\"https:\/\/radiorevelacionfm.cl\/wp-content\/uploads\/2022\/10\/Queulat-IMG_Parque-1.jpg\" alt='' title='Queulat IMG_Parque (1)' height=\"600\" width=\"800\"  itemprop=\"thumbnailUrl\" srcset=\"https:\/\/radiorevelacionfm.cl\/wp-content\/uploads\/2022\/10\/Queulat-IMG_Parque-1.jpg 800w, https:\/\/radiorevelacionfm.cl\/wp-content\/uploads\/2022\/10\/Queulat-IMG_Parque-1-300x225.jpg 300w, https:\/\/radiorevelacionfm.cl\/wp-content\/uploads\/2022\/10\/Queulat-IMG_Parque-1-768x576.jpg 768w, https:\/\/radiorevelacionfm.cl\/wp-content\/uploads\/2022\/10\/Queulat-IMG_Parque-1-705x529.jpg 705w, https:\/\/radiorevelacionfm.cl\/wp-content\/uploads\/2022\/10\/Queulat-IMG_Parque-1-600x450.jpg 600w\" sizes=\"(max-width: 800px) 100vw, 800px\" \/><\/div><\/div><\/div><\/div><div class=\"flex_column av_one_full  flex_column_div av-zero-column-padding first  avia-builder-el-2  el_after_av_one_full  el_before_av_one_full  column-top-margin\" style='border-radius:0px; '><section class=\"av_textblock_section \"  itemscope=\"itemscope\" itemtype=\"https:\/\/schema.org\/BlogPosting\" itemprop=\"blogPost\" ><div class='avia_textblock  '   itemprop=\"text\" ><p style=\"text-align: center;\"><span style=\"font-size: 18pt;\"><strong>Sernatur Ays\u00e9n publica Bar\u00f3metro Tur\u00edstico de Temporada Alta 2024<\/strong><\/span><\/p>\n<div id=\"gtx-trans\" style=\"position: absolute; left: -50px; top: 4.31534px;\">\n<div class=\"gtx-trans-icon\"><\/div>\n<\/div>\n<\/div><\/section><\/div><div class=\"flex_column av_one_full  flex_column_div av-zero-column-padding first  avia-builder-el-4  el_after_av_one_full  el_before_av_hr  column-top-margin\" style='border-radius:0px; '><section class=\"av_textblock_section \"  itemscope=\"itemscope\" itemtype=\"https:\/\/schema.org\/BlogPosting\" itemprop=\"blogPost\" ><div class='avia_textblock  '   itemprop=\"text\" ><p style=\"text-align: justify;\"><em>El \u00faltimo estudio sobre la temporada alta 2024 en la Regi\u00f3n de Ays\u00e9n revela un incremento en la llegada de turistas durante los principales meses de verano, tanto por v\u00eda a\u00e9rea como terrestre, mostrando indicios alentadores de recuperaci\u00f3n post-pandemia.<\/em><\/p>\n<p style=\"text-align: justify;\">La Direcci\u00f3n Regional de Turismo (Sernatur Ays\u00e9n) dio a conocer el Bar\u00f3metro Tur\u00edstico N\u00b019, \u00faltimo estudio de medici\u00f3n del comportamiento del sector durante la temporada alta 2024, el que destaca que la Regi\u00f3n de Ays\u00e9n experimenta un incremento en el flujo tur\u00edstico durante el periodo con respecto al a\u00f1o anterior. Tanto las llegadas de pasajeros v\u00eda a\u00e9rea como la entrada de turistas internacionales por pasos fronterizos muestran cifras positivas, destacando un alza del 5,0% en la llegada de pasajeros a trav\u00e9s del Aer\u00f3dromo Balmaceda.<\/p>\n<p style=\"text-align: justify;\">Durante este periodo un total de 125.398 pasajeros arribaron a la Regi\u00f3n de Ays\u00e9n a trav\u00e9s del Aer\u00f3dromo Balmaceda, lo que representa un aumento con respecto al mismo per\u00edodo del a\u00f1o anterior, donde se registraron 119.463 llegadas.<\/p>\n<p style=\"text-align: justify;\">Al analizar la evoluci\u00f3n mensual, se observa que el impacto del aumento de vuelos fue especialmente notable en los meses de enero y febrero, con incrementos del 8,1% y 9,7% respectivamente, en comparaci\u00f3n con la Temporada Alta 2023. Por otro lado, los meses de diciembre y marzo mantuvieron un comportamiento similar al a\u00f1o anterior, con variaciones m\u00ednimas del 1,0% y -0,6% respectivamente.<\/p>\n<p style=\"text-align: justify;\">En este sentido, Claudio Montecinos, director de Sernatur Ays\u00e9n, explic\u00f3 que \u201clos datos muestran una tendencia al alza desde la perspectiva de recuperaci\u00f3n con respecto a las cifras de pre-pandemia, especialmente en los meses de enero y febrero, con un aumento en la tasa de ocupaci\u00f3n hotelera por sobre el promedio nacional, especialmente en el mes de febrero y un aumento en la estad\u00eda promedio del turista en nuestro destino\u201d.<\/p>\n<p style=\"text-align: justify;\">Desde la perspectiva de la recuperaci\u00f3n de flujos pre-pandemia, la Temporada Alta 2024 alcanz\u00f3 el 85,7% de las llegadas de pasajeros registradas durante el mismo per\u00edodo en 2019, lo que representa una mejora de 4 puntos porcentuales en comparaci\u00f3n con la Temporada Alta 2023.<\/p>\n<p style=\"text-align: justify;\"><strong>Turistas Extranjeros <\/strong><\/p>\n<p style=\"text-align: justify;\">En cuanto a la llegada de turistas internacionales por pasos fronterizos, durante la Temporada Alta 2024 se registr\u00f3 un ingreso de 37.886 extranjeros, una cifra levemente menor a la experimentada en la temporada alta anterior; registr\u00e1ndose principalmente ingresos de turistas argentinos (28.253), chilenos residente en el exterior (3.455) y brasile\u00f1os (1.056).<\/p>\n<p style=\"text-align: justify;\">\u201cEn relaci\u00f3n al turista extranjero destaca el aumento de visitas a nuestra regi\u00f3n de turistas argentinos y brasile\u00f1os, lo que nos ha llevado a focalizar nuestra estrategia regional de promoci\u00f3n internacional en estos pa\u00edses. Esperamos que el despliegue de nuestras acciones de promoci\u00f3n de nuestro destino, de nuestra campa\u00f1a de publicidad y las acciones de comercializaci\u00f3n que tenemos planificadas para este a\u00f1o en estos mercados de corta distancia, nos permita seguir en el camino de recuperaci\u00f3n del turismo en nuestra regi\u00f3n\u201d, indic\u00f3 el director de Sernatur Ays\u00e9n.<\/p>\n<\/div><\/section><\/div><div  style='height:50px' class='hr hr-invisible   avia-builder-el-6  el_after_av_one_full  el_before_av_social_share '><span class='hr-inner ' ><span class='hr-inner-style'><\/span><\/span><\/div><\/p>\n<div  class='av-social-sharing-box  avia-builder-el-7  el_after_av_hr  el_before_av_hr  '><div class='av-share-box'><h5 class='av-share-link-description av-no-toc '>Compartir esta noticia<\/h5><ul class='av-share-box-list noLightbox'><li class='av-share-link av-social-link-facebook' ><a target=\"_blank\" aria-label=\"Compartir en Facebook\" href='https:\/\/www.facebook.com\/sharer.php?u=https:\/\/radiorevelacionfm.cl\/?p=42390&#038;t=Sernatur%20Ays%C3%A9n%20publica%20Bar%C3%B3metro%20Tur%C3%ADstico%20de%20Temporada%20Alta%202024' aria-hidden='false' data-av_icon='\ue8f3' data-av_iconfont='entypo-fontello' title='' data-avia-related-tooltip='Compartir en Facebook' rel=\"noopener\"><span class='avia_hidden_link_text'>Compartir en Facebook<\/span><\/a><\/li><li class='av-share-link av-social-link-twitter' ><a target=\"_blank\" aria-label=\"Compartir en Twitter\" href='https:\/\/twitter.com\/share?text=Sernatur%20Ays%C3%A9n%20publica%20Bar%C3%B3metro%20Tur%C3%ADstico%20de%20Temporada%20Alta%202024&#038;url=https:\/\/radiorevelacionfm.cl\/?p=42390' aria-hidden='false' data-av_icon='\ue8f1' data-av_iconfont='entypo-fontello' title='' data-avia-related-tooltip='Compartir en Twitter' rel=\"noopener\"><span class='avia_hidden_link_text'>Compartir en Twitter<\/span><\/a><\/li><li class='av-share-link av-social-link-whatsapp' ><a target=\"_blank\" aria-label=\"Compartir en Whatsapp\" href='https:\/\/api.whatsapp.com\/send?text=https:\/\/radiorevelacionfm.cl\/?p=42390' aria-hidden='false' data-av_icon='\uf232' data-av_iconfont='entypo-fontello' title='' data-avia-related-tooltip='Compartir en Whatsapp' rel=\"noopener\"><span class='avia_hidden_link_text'>Compartir en Whatsapp<\/span><\/a><\/li><li class='av-share-link av-social-link-linkedin' ><a target=\"_blank\" aria-label=\"Compartir en LinkedIn\" href='https:\/\/linkedin.com\/shareArticle?mini=true&#038;title=Sernatur%20Ays%C3%A9n%20publica%20Bar%C3%B3metro%20Tur%C3%ADstico%20de%20Temporada%20Alta%202024&#038;url=https:\/\/radiorevelacionfm.cl\/?p=42390' aria-hidden='false' data-av_icon='\ue8fc' data-av_iconfont='entypo-fontello' title='' data-avia-related-tooltip='Compartir en LinkedIn' rel=\"noopener\"><span class='avia_hidden_link_text'>Compartir en LinkedIn<\/span><\/a><\/li><li class='av-share-link av-social-link-mail' ><a  aria-label=\"Compartir por correo\" href='mailto:?subject=Sernatur%20Ays%C3%A9n%20publica%20Bar%C3%B3metro%20Tur%C3%ADstico%20de%20Temporada%20Alta%202024&#038;body=https:\/\/radiorevelacionfm.cl\/?p=42390' aria-hidden='false' data-av_icon='\ue805' data-av_iconfont='entypo-fontello' title='' data-avia-related-tooltip='Compartir por correo'><span class='avia_hidden_link_text'>Compartir por correo<\/span><\/a><\/li><\/ul><\/div><\/div>\n<div  style='height:50px' class='hr hr-invisible   avia-builder-el-8  el_after_av_social_share  el_before_av_comments_list '><span class='hr-inner ' ><span class='hr-inner-style'><\/span><\/span><\/div>\n<div  class='av-buildercomment  av-blog-meta-html-info-disabled av-blog-meta-tag-disabled  '><\/div>\n","protected":false},"excerpt":{"rendered":"","protected":false},"author":1,"featured_media":22965,"comment_status":"open","ping_status":"open","sticky":false,"template":"","format":"standard","meta":{"footnotes":""},"categories":[54],"tags":[],"class_list":["post-42390","post","type-post","status-publish","format-standard","has-post-thumbnail","hentry","category-turismo"],"jetpack_featured_media_url":"https:\/\/radiorevelacionfm.cl\/wp-content\/uploads\/2022\/10\/Queulat-IMG_Parque-1.jpg","_links":{"self":[{"href":"https:\/\/radiorevelacionfm.cl\/index.php?rest_route=\/wp\/v2\/posts\/42390","targetHints":{"allow":["GET"]}}],"collection":[{"href":"https:\/\/radiorevelacionfm.cl\/index.php?rest_route=\/wp\/v2\/posts"}],"about":[{"href":"https:\/\/radiorevelacionfm.cl\/index.php?rest_route=\/wp\/v2\/types\/post"}],"author":[{"embeddable":true,"href":"https:\/\/radiorevelacionfm.cl\/index.php?rest_route=\/wp\/v2\/users\/1"}],"replies":[{"embeddable":true,"href":"https:\/\/radiorevelacionfm.cl\/index.php?rest_route=%2Fwp%2Fv2%2Fcomments&post=42390"}],"version-history":[{"count":1,"href":"https:\/\/radiorevelacionfm.cl\/index.php?rest_route=\/wp\/v2\/posts\/42390\/revisions"}],"predecessor-version":[{"id":42391,"href":"https:\/\/radiorevelacionfm.cl\/index.php?rest_route=\/wp\/v2\/posts\/42390\/revisions\/42391"}],"wp:featuredmedia":[{"embeddable":true,"href":"https:\/\/radiorevelacionfm.cl\/index.php?rest_route=\/wp\/v2\/media\/22965"}],"wp:attachment":[{"href":"https:\/\/radiorevelacionfm.cl\/index.php?rest_route=%2Fwp%2Fv2%2Fmedia&parent=42390"}],"wp:term":[{"taxonomy":"category","embeddable":true,"href":"https:\/\/radiorevelacionfm.cl\/index.php?rest_route=%2Fwp%2Fv2%2Fcategories&post=42390"},{"taxonomy":"post_tag","embeddable":true,"href":"https:\/\/radiorevelacionfm.cl\/index.php?rest_route=%2Fwp%2Fv2%2Ftags&post=42390"}],"curies":[{"name":"wp","href":"https:\/\/api.w.org\/{rel}","templated":true}]}}