{"id":42387,"date":"2024-05-22T15:35:18","date_gmt":"2024-05-22T18:35:18","guid":{"rendered":"https:\/\/radiorevelacionfm.cl\/?p=42387"},"modified":"2024-05-22T15:35:18","modified_gmt":"2024-05-22T18:35:18","slug":"inician-proyecto-ampliacion-de-camarines-y-banos-en-balneario-de-bahia-acantilada","status":"publish","type":"post","link":"https:\/\/radiorevelacionfm.cl\/?p=42387","title":{"rendered":"Inician proyecto ampliaci\u00f3n de camarines y ba\u00f1os en balneario de Bah\u00eda Acantilada"},"content":{"rendered":"<div class=\"flex_column av_one_full  flex_column_div av-zero-column-padding first  avia-builder-el-0  el_before_av_one_full  avia-builder-el-first  \" style='border-radius:0px; '><div  class='avia-image-container  av-styling-    avia-builder-el-1  avia-builder-el-no-sibling  avia-align-center '  itemprop=\"image\" itemscope=\"itemscope\" itemtype=\"https:\/\/schema.org\/ImageObject\"  ><div class='avia-image-container-inner'><div class='avia-image-overlay-wrap'><img decoding=\"async\" class='wp-image-42388 avia-img-lazy-loading-not-42388 avia_image' src=\"https:\/\/radiorevelacionfm.cl\/wp-content\/uploads\/2024\/05\/bahia-acantilada-5-1_optimized.jpg\" alt='' title='bahia-acantilada-5-(1)_optimized' height=\"600\" width=\"800\"  itemprop=\"thumbnailUrl\" srcset=\"https:\/\/radiorevelacionfm.cl\/wp-content\/uploads\/2024\/05\/bahia-acantilada-5-1_optimized.jpg 800w, https:\/\/radiorevelacionfm.cl\/wp-content\/uploads\/2024\/05\/bahia-acantilada-5-1_optimized-300x225.jpg 300w, https:\/\/radiorevelacionfm.cl\/wp-content\/uploads\/2024\/05\/bahia-acantilada-5-1_optimized-768x576.jpg 768w, https:\/\/radiorevelacionfm.cl\/wp-content\/uploads\/2024\/05\/bahia-acantilada-5-1_optimized-705x529.jpg 705w, https:\/\/radiorevelacionfm.cl\/wp-content\/uploads\/2024\/05\/bahia-acantilada-5-1_optimized-450x338.jpg 450w, https:\/\/radiorevelacionfm.cl\/wp-content\/uploads\/2024\/05\/bahia-acantilada-5-1_optimized-600x450.jpg 600w\" sizes=\"(max-width: 800px) 100vw, 800px\" \/><\/div><\/div><\/div><\/div><div class=\"flex_column av_one_full  flex_column_div av-zero-column-padding first  avia-builder-el-2  el_after_av_one_full  el_before_av_one_full  column-top-margin\" style='border-radius:0px; '><section class=\"av_textblock_section \"  itemscope=\"itemscope\" itemtype=\"https:\/\/schema.org\/BlogPosting\" itemprop=\"blogPost\" ><div class='avia_textblock  '   itemprop=\"text\" ><p style=\"text-align: center;\"><strong><span style=\"font-size: 18pt;\">Inician proyecto ampliaci\u00f3n de camarines y ba\u00f1os en balneario de Bah\u00eda Acantilada<\/span><\/strong><\/p>\n<div id=\"gtx-trans\" style=\"position: absolute; left: -50px; top: 4.31534px;\">\n<div class=\"gtx-trans-icon\"><\/div>\n<\/div>\n<\/div><\/section><\/div><div class=\"flex_column av_one_full  flex_column_div av-zero-column-padding first  avia-builder-el-4  el_after_av_one_full  el_before_av_hr  column-top-margin\" style='border-radius:0px; '><section class=\"av_textblock_section \"  itemscope=\"itemscope\" itemtype=\"https:\/\/schema.org\/BlogPosting\" itemprop=\"blogPost\" ><div class='avia_textblock  '   itemprop=\"text\" ><p style=\"text-align: justify;\">El balneario de Bah\u00eda Acantilada, en la comuna de Ays\u00e9n, a\u00f1o a a\u00f1o ha ido aumentando el n\u00famero de visitas locales, de la regi\u00f3n, de otras zonas del pa\u00eds y del extranjero, quienes han disfrutado de las aguas, la tranquilidad, el bello escenario natural y la seguridad del lugar.<\/p>\n<p style=\"text-align: justify;\">Esto ha llevado al Municipio a levantar diversas iniciativas que buscan ir mejorando y ampliando algunas \u00e1reas de este recinto. Es as\u00ed que, se dio inicio a las obras de ampliaci\u00f3n de camarines y ba\u00f1os, proyecto que significar\u00e1 una inversi\u00f3n que supera los 167 millones de pesos, mediante un FRIL del Gobierno Regional.<\/p>\n<p style=\"text-align: justify;\">A la actividad y en representaci\u00f3n de la Gobernadora Andrea Mac\u00edas, asisti\u00f3 el jefe de la divisi\u00f3n de infraestructura y transportes del Gobierno Regional, Oscar del Solar, quien, junto con relevar la importancia de la iniciativa, destac\u00f3 el alcance que ha logrado el espacio administrado por la Municipalidad de Ays\u00e9n.<\/p>\n<p style=\"text-align: justify;\">\u201cPermiten dinamizar la mano de obra local, generalmente son contratistas locales que se adjudican este tipo de iniciativas. Felicitar tambi\u00e9n al Municipio, al equipo t\u00e9cnico que dio vida, como idea, a este proyecto. Nosotros en ese sentido, somos reactivos ante este tipo de requerimientos y cuando tienen pertinencia que vienen a beneficiar, no solamente a la gente que vive en Ays\u00e9n, mejor a\u00fan. Bah\u00eda Acantilada es un balneario que es visitado, no tan solo por gente de Ays\u00e9n, sino que tambi\u00e9n de toda la regi\u00f3n y el efecto que va a producir en el \u00e1mbito deportivo, eso tambi\u00e9n hay que resaltarlo\u201d.<\/p>\n<p style=\"text-align: justify;\">El Alcalde, Julio Uribe, enfatiz\u00f3 que el proyecto era bastante necesario y adem\u00e1s permite dinamizar la econom\u00eda local. \u201cTodos estos proyectos vienen a dinamizar la econom\u00eda local, por eso es importante generar estos hitos, sentarse y decir que estamos generando cosas y hoy esta mantenci\u00f3n era necesaria por la cantidad de personas que vienen a nuestro balneario. Recordar que, en la reciente temporada tuvimos, en un d\u00eda, con m\u00e1s de tres mil personas ac\u00e1 en el balneario, por lo tanto, ba\u00f1os y camarines eran una necesidad\u201d.<\/p>\n<p style=\"text-align: justify;\">Seg\u00fan el cronograma de trabajo, las obras de ampliaci\u00f3n de camarines y ba\u00f1os de Bah\u00eda Acantilada, deber\u00edan finalizar a fines del mes de agosto de este a\u00f1o, para luego y tras las revisiones correspondientes, sean entregadas.<\/p>\n<\/div><\/section><\/div><div  style='height:50px' class='hr hr-invisible   avia-builder-el-6  el_after_av_one_full  el_before_av_social_share '><span class='hr-inner ' ><span class='hr-inner-style'><\/span><\/span><\/div><\/p>\n<div  class='av-social-sharing-box  avia-builder-el-7  el_after_av_hr  el_before_av_hr  '><div class='av-share-box'><h5 class='av-share-link-description av-no-toc '>Compartir esta noticia<\/h5><ul class='av-share-box-list noLightbox'><li class='av-share-link av-social-link-facebook' ><a target=\"_blank\" aria-label=\"Compartir en Facebook\" href='https:\/\/www.facebook.com\/sharer.php?u=https:\/\/radiorevelacionfm.cl\/?p=42387&#038;t=Inician%20proyecto%20ampliaci%C3%B3n%20de%20camarines%20y%20ba%C3%B1os%20en%20balneario%20de%20Bah%C3%ADa%20Acantilada' aria-hidden='false' data-av_icon='\ue8f3' data-av_iconfont='entypo-fontello' title='' data-avia-related-tooltip='Compartir en Facebook' rel=\"noopener\"><span class='avia_hidden_link_text'>Compartir en Facebook<\/span><\/a><\/li><li class='av-share-link av-social-link-twitter' ><a target=\"_blank\" aria-label=\"Compartir en Twitter\" href='https:\/\/twitter.com\/share?text=Inician%20proyecto%20ampliaci%C3%B3n%20de%20camarines%20y%20ba%C3%B1os%20en%20balneario%20de%20Bah%C3%ADa%20Acantilada&#038;url=https:\/\/radiorevelacionfm.cl\/?p=42387' aria-hidden='false' data-av_icon='\ue8f1' data-av_iconfont='entypo-fontello' title='' data-avia-related-tooltip='Compartir en Twitter' rel=\"noopener\"><span class='avia_hidden_link_text'>Compartir en Twitter<\/span><\/a><\/li><li class='av-share-link av-social-link-whatsapp' ><a target=\"_blank\" aria-label=\"Compartir en Whatsapp\" href='https:\/\/api.whatsapp.com\/send?text=https:\/\/radiorevelacionfm.cl\/?p=42387' aria-hidden='false' data-av_icon='\uf232' data-av_iconfont='entypo-fontello' title='' data-avia-related-tooltip='Compartir en Whatsapp' rel=\"noopener\"><span class='avia_hidden_link_text'>Compartir en Whatsapp<\/span><\/a><\/li><li class='av-share-link av-social-link-linkedin' ><a target=\"_blank\" aria-label=\"Compartir en LinkedIn\" href='https:\/\/linkedin.com\/shareArticle?mini=true&#038;title=Inician%20proyecto%20ampliaci%C3%B3n%20de%20camarines%20y%20ba%C3%B1os%20en%20balneario%20de%20Bah%C3%ADa%20Acantilada&#038;url=https:\/\/radiorevelacionfm.cl\/?p=42387' aria-hidden='false' data-av_icon='\ue8fc' data-av_iconfont='entypo-fontello' title='' data-avia-related-tooltip='Compartir en LinkedIn' rel=\"noopener\"><span class='avia_hidden_link_text'>Compartir en LinkedIn<\/span><\/a><\/li><li class='av-share-link av-social-link-mail' ><a  aria-label=\"Compartir por correo\" href='mailto:?subject=Inician%20proyecto%20ampliaci%C3%B3n%20de%20camarines%20y%20ba%C3%B1os%20en%20balneario%20de%20Bah%C3%ADa%20Acantilada&#038;body=https:\/\/radiorevelacionfm.cl\/?p=42387' aria-hidden='false' data-av_icon='\ue805' data-av_iconfont='entypo-fontello' title='' data-avia-related-tooltip='Compartir por correo'><span class='avia_hidden_link_text'>Compartir por correo<\/span><\/a><\/li><\/ul><\/div><\/div>\n<div  style='height:50px' class='hr hr-invisible   avia-builder-el-8  el_after_av_social_share  el_before_av_comments_list '><span class='hr-inner ' ><span class='hr-inner-style'><\/span><\/span><\/div>\n<div  class='av-buildercomment  av-blog-meta-html-info-disabled av-blog-meta-tag-disabled  '><\/div>\n","protected":false},"excerpt":{"rendered":"","protected":false},"author":1,"featured_media":42388,"comment_status":"open","ping_status":"open","sticky":false,"template":"","format":"standard","meta":{"footnotes":""},"categories":[38],"tags":[],"class_list":["post-42387","post","type-post","status-publish","format-standard","has-post-thumbnail","hentry","category-regional"],"jetpack_featured_media_url":"https:\/\/radiorevelacionfm.cl\/wp-content\/uploads\/2024\/05\/bahia-acantilada-5-1_optimized.jpg","_links":{"self":[{"href":"https:\/\/radiorevelacionfm.cl\/index.php?rest_route=\/wp\/v2\/posts\/42387","targetHints":{"allow":["GET"]}}],"collection":[{"href":"https:\/\/radiorevelacionfm.cl\/index.php?rest_route=\/wp\/v2\/posts"}],"about":[{"href":"https:\/\/radiorevelacionfm.cl\/index.php?rest_route=\/wp\/v2\/types\/post"}],"author":[{"embeddable":true,"href":"https:\/\/radiorevelacionfm.cl\/index.php?rest_route=\/wp\/v2\/users\/1"}],"replies":[{"embeddable":true,"href":"https:\/\/radiorevelacionfm.cl\/index.php?rest_route=%2Fwp%2Fv2%2Fcomments&post=42387"}],"version-history":[{"count":1,"href":"https:\/\/radiorevelacionfm.cl\/index.php?rest_route=\/wp\/v2\/posts\/42387\/revisions"}],"predecessor-version":[{"id":42389,"href":"https:\/\/radiorevelacionfm.cl\/index.php?rest_route=\/wp\/v2\/posts\/42387\/revisions\/42389"}],"wp:featuredmedia":[{"embeddable":true,"href":"https:\/\/radiorevelacionfm.cl\/index.php?rest_route=\/wp\/v2\/media\/42388"}],"wp:attachment":[{"href":"https:\/\/radiorevelacionfm.cl\/index.php?rest_route=%2Fwp%2Fv2%2Fmedia&parent=42387"}],"wp:term":[{"taxonomy":"category","embeddable":true,"href":"https:\/\/radiorevelacionfm.cl\/index.php?rest_route=%2Fwp%2Fv2%2Fcategories&post=42387"},{"taxonomy":"post_tag","embeddable":true,"href":"https:\/\/radiorevelacionfm.cl\/index.php?rest_route=%2Fwp%2Fv2%2Ftags&post=42387"}],"curies":[{"name":"wp","href":"https:\/\/api.w.org\/{rel}","templated":true}]}}