{"id":42383,"date":"2024-05-22T15:20:46","date_gmt":"2024-05-22T18:20:46","guid":{"rendered":"https:\/\/radiorevelacionfm.cl\/?p=42383"},"modified":"2024-05-22T15:20:46","modified_gmt":"2024-05-22T18:20:46","slug":"realizan-taller-de-capacitacion-a-docentes-sobre-cambio-climatico-e-incendios-forestales","status":"publish","type":"post","link":"https:\/\/radiorevelacionfm.cl\/?p=42383","title":{"rendered":"Realizan taller de capacitaci\u00f3n a docentes sobre cambio clim\u00e1tico e incendios forestales"},"content":{"rendered":"<div class=\"flex_column av_one_full  flex_column_div av-zero-column-padding first  avia-builder-el-0  el_before_av_one_full  avia-builder-el-first  \" style='border-radius:0px; '><div  class='avia-image-container  av-styling-    avia-builder-el-1  avia-builder-el-no-sibling  avia-align-center '  itemprop=\"image\" itemscope=\"itemscope\" itemtype=\"https:\/\/schema.org\/ImageObject\"  ><div class='avia-image-container-inner'><div class='avia-image-overlay-wrap'><img decoding=\"async\" class='wp-image-42384 avia-img-lazy-loading-not-42384 avia_image' src=\"https:\/\/radiorevelacionfm.cl\/wp-content\/uploads\/2024\/05\/foto-grupal-3-1_optimized.jpeg\" alt='' title='foto-grupal-(3)-(1)_optimized' height=\"600\" width=\"1067\"  itemprop=\"thumbnailUrl\" srcset=\"https:\/\/radiorevelacionfm.cl\/wp-content\/uploads\/2024\/05\/foto-grupal-3-1_optimized.jpeg 1067w, https:\/\/radiorevelacionfm.cl\/wp-content\/uploads\/2024\/05\/foto-grupal-3-1_optimized-300x169.jpeg 300w, https:\/\/radiorevelacionfm.cl\/wp-content\/uploads\/2024\/05\/foto-grupal-3-1_optimized-1030x579.jpeg 1030w, https:\/\/radiorevelacionfm.cl\/wp-content\/uploads\/2024\/05\/foto-grupal-3-1_optimized-768x432.jpeg 768w, https:\/\/radiorevelacionfm.cl\/wp-content\/uploads\/2024\/05\/foto-grupal-3-1_optimized-705x396.jpeg 705w, https:\/\/radiorevelacionfm.cl\/wp-content\/uploads\/2024\/05\/foto-grupal-3-1_optimized-450x253.jpeg 450w, https:\/\/radiorevelacionfm.cl\/wp-content\/uploads\/2024\/05\/foto-grupal-3-1_optimized-600x337.jpeg 600w\" sizes=\"(max-width: 1067px) 100vw, 1067px\" \/><\/div><\/div><\/div><\/div><div class=\"flex_column av_one_full  flex_column_div av-zero-column-padding first  avia-builder-el-2  el_after_av_one_full  el_before_av_one_full  column-top-margin\" style='border-radius:0px; '><section class=\"av_textblock_section \"  itemscope=\"itemscope\" itemtype=\"https:\/\/schema.org\/BlogPosting\" itemprop=\"blogPost\" ><div class='avia_textblock  '   itemprop=\"text\" ><p style=\"text-align: center;\"><strong><span style=\"font-size: 18pt;\">Realizan taller de capacitaci\u00f3n a docentes sobre cambio clim\u00e1tico e incendios forestales<\/span><\/strong><\/p>\n<div id=\"gtx-trans\" style=\"position: absolute; left: -50px; top: 4.31534px;\">\n<div class=\"gtx-trans-icon\"><\/div>\n<\/div>\n<\/div><\/section><\/div><div class=\"flex_column av_one_full  flex_column_div av-zero-column-padding first  avia-builder-el-4  el_after_av_one_full  el_before_av_hr  column-top-margin\" style='border-radius:0px; '><section class=\"av_textblock_section \"  itemscope=\"itemscope\" itemtype=\"https:\/\/schema.org\/BlogPosting\" itemprop=\"blogPost\" ><div class='avia_textblock  '   itemprop=\"text\" ><p style=\"text-align: justify;\">Proporcionar a educadoras y docentes de la regi\u00f3n de Ays\u00e9n los antecedentes para comprender de mejor manera conceptos claves relacionados con el cambio clim\u00e1tico, sus causas, impactos y consecuencias, de cara a guiarlos en la prevenci\u00f3n de los incendios forestales, son algunos de los objetivos de la jornada de capacitaci\u00f3n que realizaron en conjunto las Secretar\u00edas Regionales Ministeriales de Medio Ambiente, Educaci\u00f3n, a trav\u00e9s de su Direcci\u00f3n Provincial, y la Corporaci\u00f3n Nacional Forestal (CONAF) del Ministerio de Agricultura.<\/p>\n<p style=\"text-align: justify;\">De esta manera, el pasado jueves 16 de abril se desarroll\u00f3 el taller \u201cEducando para la Resiliencia: Taller sobre Cambio Clim\u00e1tico e Incendios Forestales para Docentes y Educadoras de la Regi\u00f3n de Ays\u00e9n\u201d, donde participaron cerca de 50 profesores de Puerto Ays\u00e9n, Coyhaique, La Junta, Villa Amengual, Puerto Cisnes y Villa Cerro Castillo, quienes se capacitaron para abordar desde las aulas, y junto a sus alumnas y alumnos, los problemas del cambio clim\u00e1tico y los incendios forestales.<\/p>\n<p style=\"text-align: justify;\">Concluida la jornada, la directora del jard\u00edn infantil Aiken Yemel de Coyhaique, Radasma Millalonco, destac\u00f3 la posibilidad de intercambiar aprendizajes con otros profesionales de la red, se\u00f1alando que \u201cfue un encuentro muy enriquecedor, sobre todo porque en nuestra comuna hay altos \u00edndices de contaminaci\u00f3n. Valoramos poder intercambiar experiencias con los encargados de mitigar lo que es la acci\u00f3n clim\u00e1tica, aprender nuevas estrategias y herramientas de la mano de las\u00a0 instituciones que organizaron esta actividad. Creo que es muy importante que podamos adoptar acciones preventivas con los ni\u00f1os, desde peque\u00f1os, en la educaci\u00f3n inicial, la pre b\u00e1sica, b\u00e1sica y la media\u201d.<\/p>\n<p style=\"text-align: justify;\">El seremi de Agricultura de Ays\u00e9n, Eugenio Ruiz, quien estuvo presente en la jornada, sostuvo que \u201ccomo Ministerio de Agricultura, incentivamos trabajar en medidas que aborden el cambio clim\u00e1tico, siempre junto a las personas. Por esto destacamos nuevamente este taller de Conaf, que junto a la participaci\u00f3n de m\u00e1s de 50 docentes y educadoras, busca entregar informaci\u00f3n para comprender los conceptos claves, causas y consecuencias del cambio clim\u00e1tico e incendios forestales en la regi\u00f3n de Ays\u00e9n\u201d.<\/p>\n<p style=\"text-align: justify;\">Del mismo modo, el director regional (I) de CONAF Minagri, Ronald Valenzuela, destac\u00f3 el trabajo coordinado con Medio Ambiente y la Direcci\u00f3n Provincial de Educaci\u00f3n indicando que \u201cnos ha permitido generar instancias como la de hoy, donde hemos reforzado la importancia de adoptar buenas pr\u00e1cticas ambientales, e incorporarlas en el curr\u00edculo de los establecimientos educacionales de nuestra regi\u00f3n\u201d.<\/p>\n<p style=\"text-align: justify;\">Finalmente, cabe indicar que el taller sobre cambio clim\u00e1tico e incendios forestales se realiz\u00f3 en el contexto del Sistema Nacional de Certificaci\u00f3n Ambiental de Establecimientos Educacionales del Ministerio de Medio Ambiente, cuya finalidad es que los centros educativos de la regi\u00f3n aborden la educaci\u00f3n ambiental de manera transversal<strong>. <\/strong><\/p>\n<\/div><\/section><\/div><div  style='height:50px' class='hr hr-invisible   avia-builder-el-6  el_after_av_one_full  el_before_av_social_share '><span class='hr-inner ' ><span class='hr-inner-style'><\/span><\/span><\/div><\/p>\n<div  class='av-social-sharing-box  avia-builder-el-7  el_after_av_hr  el_before_av_hr  '><div class='av-share-box'><h5 class='av-share-link-description av-no-toc '>Compartir esta noticia<\/h5><ul class='av-share-box-list noLightbox'><li class='av-share-link av-social-link-facebook' ><a target=\"_blank\" aria-label=\"Compartir en Facebook\" href='https:\/\/www.facebook.com\/sharer.php?u=https:\/\/radiorevelacionfm.cl\/?p=42383&#038;t=Realizan%20taller%20de%20capacitaci%C3%B3n%20a%20docentes%20sobre%20cambio%20clim%C3%A1tico%20e%20incendios%20forestales' aria-hidden='false' data-av_icon='\ue8f3' data-av_iconfont='entypo-fontello' title='' data-avia-related-tooltip='Compartir en Facebook' rel=\"noopener\"><span class='avia_hidden_link_text'>Compartir en Facebook<\/span><\/a><\/li><li class='av-share-link av-social-link-twitter' ><a target=\"_blank\" aria-label=\"Compartir en Twitter\" href='https:\/\/twitter.com\/share?text=Realizan%20taller%20de%20capacitaci%C3%B3n%20a%20docentes%20sobre%20cambio%20clim%C3%A1tico%20e%20incendios%20forestales&#038;url=https:\/\/radiorevelacionfm.cl\/?p=42383' aria-hidden='false' data-av_icon='\ue8f1' data-av_iconfont='entypo-fontello' title='' data-avia-related-tooltip='Compartir en Twitter' rel=\"noopener\"><span class='avia_hidden_link_text'>Compartir en Twitter<\/span><\/a><\/li><li class='av-share-link av-social-link-whatsapp' ><a target=\"_blank\" aria-label=\"Compartir en Whatsapp\" href='https:\/\/api.whatsapp.com\/send?text=https:\/\/radiorevelacionfm.cl\/?p=42383' aria-hidden='false' data-av_icon='\uf232' data-av_iconfont='entypo-fontello' title='' data-avia-related-tooltip='Compartir en Whatsapp' rel=\"noopener\"><span class='avia_hidden_link_text'>Compartir en Whatsapp<\/span><\/a><\/li><li class='av-share-link av-social-link-linkedin' ><a target=\"_blank\" aria-label=\"Compartir en LinkedIn\" href='https:\/\/linkedin.com\/shareArticle?mini=true&#038;title=Realizan%20taller%20de%20capacitaci%C3%B3n%20a%20docentes%20sobre%20cambio%20clim%C3%A1tico%20e%20incendios%20forestales&#038;url=https:\/\/radiorevelacionfm.cl\/?p=42383' aria-hidden='false' data-av_icon='\ue8fc' data-av_iconfont='entypo-fontello' title='' data-avia-related-tooltip='Compartir en LinkedIn' rel=\"noopener\"><span class='avia_hidden_link_text'>Compartir en LinkedIn<\/span><\/a><\/li><li class='av-share-link av-social-link-mail' ><a  aria-label=\"Compartir por correo\" href='mailto:?subject=Realizan%20taller%20de%20capacitaci%C3%B3n%20a%20docentes%20sobre%20cambio%20clim%C3%A1tico%20e%20incendios%20forestales&#038;body=https:\/\/radiorevelacionfm.cl\/?p=42383' aria-hidden='false' data-av_icon='\ue805' data-av_iconfont='entypo-fontello' title='' data-avia-related-tooltip='Compartir por correo'><span class='avia_hidden_link_text'>Compartir por correo<\/span><\/a><\/li><\/ul><\/div><\/div>\n<div  style='height:50px' class='hr hr-invisible   avia-builder-el-8  el_after_av_social_share  el_before_av_comments_list '><span class='hr-inner ' ><span class='hr-inner-style'><\/span><\/span><\/div>\n<div  class='av-buildercomment  av-blog-meta-html-info-disabled av-blog-meta-tag-disabled  '><\/div>\n","protected":false},"excerpt":{"rendered":"","protected":false},"author":1,"featured_media":42384,"comment_status":"open","ping_status":"open","sticky":false,"template":"","format":"standard","meta":{"footnotes":""},"categories":[38],"tags":[],"class_list":["post-42383","post","type-post","status-publish","format-standard","has-post-thumbnail","hentry","category-regional"],"jetpack_featured_media_url":"https:\/\/radiorevelacionfm.cl\/wp-content\/uploads\/2024\/05\/foto-grupal-3-1_optimized.jpeg","_links":{"self":[{"href":"https:\/\/radiorevelacionfm.cl\/index.php?rest_route=\/wp\/v2\/posts\/42383","targetHints":{"allow":["GET"]}}],"collection":[{"href":"https:\/\/radiorevelacionfm.cl\/index.php?rest_route=\/wp\/v2\/posts"}],"about":[{"href":"https:\/\/radiorevelacionfm.cl\/index.php?rest_route=\/wp\/v2\/types\/post"}],"author":[{"embeddable":true,"href":"https:\/\/radiorevelacionfm.cl\/index.php?rest_route=\/wp\/v2\/users\/1"}],"replies":[{"embeddable":true,"href":"https:\/\/radiorevelacionfm.cl\/index.php?rest_route=%2Fwp%2Fv2%2Fcomments&post=42383"}],"version-history":[{"count":1,"href":"https:\/\/radiorevelacionfm.cl\/index.php?rest_route=\/wp\/v2\/posts\/42383\/revisions"}],"predecessor-version":[{"id":42386,"href":"https:\/\/radiorevelacionfm.cl\/index.php?rest_route=\/wp\/v2\/posts\/42383\/revisions\/42386"}],"wp:featuredmedia":[{"embeddable":true,"href":"https:\/\/radiorevelacionfm.cl\/index.php?rest_route=\/wp\/v2\/media\/42384"}],"wp:attachment":[{"href":"https:\/\/radiorevelacionfm.cl\/index.php?rest_route=%2Fwp%2Fv2%2Fmedia&parent=42383"}],"wp:term":[{"taxonomy":"category","embeddable":true,"href":"https:\/\/radiorevelacionfm.cl\/index.php?rest_route=%2Fwp%2Fv2%2Fcategories&post=42383"},{"taxonomy":"post_tag","embeddable":true,"href":"https:\/\/radiorevelacionfm.cl\/index.php?rest_route=%2Fwp%2Fv2%2Ftags&post=42383"}],"curies":[{"name":"wp","href":"https:\/\/api.w.org\/{rel}","templated":true}]}}