{"id":42371,"date":"2024-05-22T11:17:16","date_gmt":"2024-05-22T14:17:16","guid":{"rendered":"https:\/\/radiorevelacionfm.cl\/?p=42371"},"modified":"2024-05-22T11:17:16","modified_gmt":"2024-05-22T14:17:16","slug":"realizan-primera-jornada-de-formacion-2024-familia-escuela-y-convivencia-escolar-fortalecer-vinculos-para-prevenir-violencia","status":"publish","type":"post","link":"https:\/\/radiorevelacionfm.cl\/?p=42371","title":{"rendered":"Realizan Primera Jornada de Formaci\u00f3n 2024 \u00abFamilia, Escuela y Convivencia Escolar: Fortalecer v\u00ednculos para prevenir violencia\u00bb"},"content":{"rendered":"<div class=\"flex_column av_one_full  flex_column_div av-zero-column-padding first  avia-builder-el-0  el_before_av_one_full  avia-builder-el-first  \" style='border-radius:0px; '><div  class='avia-image-container  av-styling-    avia-builder-el-1  avia-builder-el-no-sibling  avia-align-center '  itemprop=\"image\" itemscope=\"itemscope\" itemtype=\"https:\/\/schema.org\/ImageObject\"  ><div class='avia-image-container-inner'><div class='avia-image-overlay-wrap'><img decoding=\"async\" class='wp-image-42372 avia-img-lazy-loading-not-42372 avia_image' src=\"https:\/\/radiorevelacionfm.cl\/wp-content\/uploads\/2024\/05\/foto-grupal-1_optimized.jpg\" alt='' title='foto-grupal--(1)_optimized' height=\"600\" width=\"800\"  itemprop=\"thumbnailUrl\" srcset=\"https:\/\/radiorevelacionfm.cl\/wp-content\/uploads\/2024\/05\/foto-grupal-1_optimized.jpg 800w, https:\/\/radiorevelacionfm.cl\/wp-content\/uploads\/2024\/05\/foto-grupal-1_optimized-300x225.jpg 300w, https:\/\/radiorevelacionfm.cl\/wp-content\/uploads\/2024\/05\/foto-grupal-1_optimized-768x576.jpg 768w, https:\/\/radiorevelacionfm.cl\/wp-content\/uploads\/2024\/05\/foto-grupal-1_optimized-705x529.jpg 705w, https:\/\/radiorevelacionfm.cl\/wp-content\/uploads\/2024\/05\/foto-grupal-1_optimized-450x338.jpg 450w, https:\/\/radiorevelacionfm.cl\/wp-content\/uploads\/2024\/05\/foto-grupal-1_optimized-600x450.jpg 600w\" sizes=\"(max-width: 800px) 100vw, 800px\" \/><\/div><\/div><\/div><\/div><div class=\"flex_column av_one_full  flex_column_div av-zero-column-padding first  avia-builder-el-2  el_after_av_one_full  el_before_av_one_full  column-top-margin\" style='border-radius:0px; '><section class=\"av_textblock_section \"  itemscope=\"itemscope\" itemtype=\"https:\/\/schema.org\/BlogPosting\" itemprop=\"blogPost\" ><div class='avia_textblock  '   itemprop=\"text\" ><p style=\"text-align: center;\"><strong><span style=\"font-size: 18pt;\">Realizan Primera Jornada de Formaci\u00f3n 2024 \u00abFamilia, Escuela y Convivencia Escolar: Fortalecer v\u00ednculos para prevenir violencia\u00bb<\/span><\/strong><\/p>\n<div id=\"gtx-trans\" style=\"position: absolute; left: -50px; top: 4.31534px;\">\n<div class=\"gtx-trans-icon\"><\/div>\n<\/div>\n<\/div><\/section><\/div><div class=\"flex_column av_one_full  flex_column_div av-zero-column-padding first  avia-builder-el-4  el_after_av_one_full  el_before_av_hr  column-top-margin\" style='border-radius:0px; '><section class=\"av_textblock_section \"  itemscope=\"itemscope\" itemtype=\"https:\/\/schema.org\/BlogPosting\" itemprop=\"blogPost\" ><div class='avia_textblock  '   itemprop=\"text\" ><p class=\"v1MsoNormal\" style=\"text-align: justify;\" align=\"center\"><em><span lang=\"ES\">Durante el encuentro, la Seremi Isabel Garrido present\u00f3\u00a0la\u00a0<\/span>actualizaci\u00f3n de la Pol\u00edtica Nacional \u00abFoco en la Convivencia Educativa\u00bb, un plan estrat\u00e9gico para convivencia y salud mental adem\u00e1s de material pr\u00e1ctico para el desarrollo de la pol\u00edtica.<\/em><\/p>\n<p class=\"v1MsoNormal\" style=\"text-align: justify;\">En el marco del Programa A Convivir se Aprende, se realiz\u00f3 en Coyhaique la Primera\u00a0<span lang=\"ES\">Jornada de Formaci\u00f3n 2024 \u00a0\u00abFamilia, Escuela y Convivencia Escolar: Fortalecer v\u00ednculos para prevenir violencia\u00bb,<\/span><span lang=\"ES\">\u00a0que reuni\u00f3 a e<\/span><span lang=\"ES\">ncargados de convivencia de los establecimientos educacionales comuna de Coyhaique en forma presencial y a encargados de convivencia de los establecimientos de las comunas de Cisnes y Chile Chico a trav\u00e9s de trasmisi\u00f3n on line.<\/span><\/p>\n<p class=\"v1MsoNormal\" style=\"text-align: justify;\"><span lang=\"ES\">Esta actividad se enmarca en el componente de formaci\u00f3n del Programa A\u00a0 Convivir se Aprende y tiene como objetivos la articulaci\u00f3n y\/o fortalecimiento de redes de colaboraci\u00f3n, promoci\u00f3n y acompa\u00f1amiento entre establecimientos educacionales para compartir diagn\u00f3sticos, estrategias, y dise\u00f1os de intervenci\u00f3n en materias de violencia escolar, convivencia escolar, desarrollo de habilidades socioemocionales y bienestar colectivo.<\/span><\/p>\n<p class=\"v1MsoNormal\" style=\"text-align: justify;\"><span lang=\"ES\">La relatora de la jornada fue Ver\u00f3nica Gubbins Foxley, quien es acad\u00e9mica de la Facultad de Educaci\u00f3n, Psicolog\u00eda y Familia de la Universidad Finis Terrae; es psic\u00f3loga de la Universidad de Chile y Doctora en Ciencias de la Educaci\u00f3n.<\/span><\/p>\n<p class=\"v1MsoNormal\" style=\"text-align: justify;\"><span lang=\"ES\">Al abrir la jornada, la Seremi de Educaci\u00f3n Isabel Garrido present\u00f3 la Actualizaci\u00f3n de la Pol\u00edtica Nacional \u00abFoco en la Convivencia Educativa\u00bb, un plan estrat\u00e9gico para convivencia y salud mental adem\u00e1s de material pr\u00e1ctico para el desarrollo de la pol\u00edtica.<\/span><\/p>\n<p class=\"v1MsoNormal\" style=\"text-align: justify;\">En su intervenci\u00f3n, Isabel Garrido detall\u00f3 que la actualizaci\u00f3n de la PNCE, cuya versi\u00f3n original data de 2002, tuvo como fin modernizar los marcos de acci\u00f3n y orientaci\u00f3n a las comunidades educativas para que puedan enfrentar el impacto de la pandemia y la suspensi\u00f3n de clases presenciales durante dos a\u00f1os; definir qu\u00e9 se entiende como aprendizaje socioemocional, bienestar y salud mental en contextos educativos;\u00a0 abrir la pol\u00edtica para que incorpore gran parte de la trayectoria educativa (desde educaci\u00f3n parvularia a educaci\u00f3n de personas j\u00f3venes y adultas), y actualizar y a\u00f1adir estrategias para gestionar la convivencia educativa.<\/p>\n<p class=\"v1MsoNormal\" style=\"text-align: justify;\">\u00abEsta actualizaci\u00f3n busca dotar de herramientas para que las comunidades educativas comprendan cu\u00e1l es el fen\u00f3meno que enfrentan. Y adem\u00e1s abarca una mirada amplia, diversa y compleja de la convivencia, que queda plasmada en estas orientaciones y en el Plan de Acci\u00f3n, porque sabemos que las dificultades que viven muchos establecimientos no comienzan ni terminan dentro de la escuela\u00bb, puntualiz\u00f3 la autoridad sectorial.<\/p>\n<p class=\"v1MsoNormal\" style=\"text-align: justify;\">Seis elementos caracterizan esta actualizaci\u00f3n y la diferencian de las versiones anteriores. Adem\u00e1s de ser fruto de un trabajo participativo de 270 personas, promueve el principio de cuidado colectivo y la inclusi\u00f3n para construir comunidades educativas pluralistas y garantes de derechos; fortalece la perspectiva de cuidados, clarificando el rol de los centros educativos para la promoci\u00f3n del bienestar y las habilidades socioemocionales; establece estrategias para impactar en la mejora de la convivencia en distintos contextos y respecto de diversas tem\u00e1ticas; integra el Modelo de Escuela Total en apoyo a la gesti\u00f3n de la convivencia en los establecimientos educativos; y reconoce el desaf\u00edo de construir una autoridad pedag\u00f3gica basada en nuevos modelos de autoridad a trav\u00e9s de un di\u00e1logo social amplio, vinculado al enfoque participativo, formativo y de derechos.<\/p>\n<p class=\"v1MsoNormal\" style=\"text-align: justify;\"><b><span lang=\"ES\">Programa A Convivir se Aprende ampl\u00eda su cobertura<\/span><\/b><\/p>\n<p class=\"v1MsoNormal\" style=\"text-align: justify;\"><span lang=\"ES\">Durante la Jornada Taller se reforz\u00f3 la pol\u00edtica de convivencia escolar,\u00a0 el modelo de escuela total multinivel y la importancia de gestionar la convivencia y clima escolar como parte del proceso formativo y de calidad de los aprendizajes.<\/span><\/p>\n<p class=\"v1MsoNormal\" style=\"text-align: justify;\"><span lang=\"ES\">El Programa A Convivir se Aprende busca fortalecer en los equipos de gesti\u00f3n y de convivencia escolar a nivel de sostenedores y escuelas de comunas focalizadas, las competencias y habilidades para enfrentar situaciones de violencia escolar, prevenir dicha violencia y favorecer la convivencia escolar, a partir de un modelo de acompa\u00f1amiento con enfoque territorial y de escuela total. En 2024 el programa ampl\u00eda su cobertura a 100 comunas en el pa\u00eds y a 6 en la regi\u00f3n. En esta fase de continuidad de la red se invita a los establecimientos a profundizar en tem\u00e1ticas espec\u00edficas, identificadas dentro de procesos de diagn\u00f3stico realizados, estableciendo mejoras que se plasman dentro del quehacer y los instrumentos de gesti\u00f3n de las comunidades educativas.<\/span><\/p>\n<p class=\"v1MsoNormal\" style=\"text-align: justify;\"><span lang=\"ES\">As\u00ed cada establecimiento educacional que se incorpora al Programa A Convivir se Aprende se compromete a participar en las sesiones del componente de redes, componente de formaci\u00f3n y del componente de acompa\u00f1amiento si corresponde.<\/span><\/p>\n<p class=\"v1MsoNormal\" style=\"text-align: justify;\"><span lang=\"ES\">En tanto el sostenedor se compromete a facilitar condiciones para la participaci\u00f3n de equipos y establecimientos educacionales que sean parte del Programa tanto en el componente redes territoriales, de acompa\u00f1amiento y de formaci\u00f3n.<\/span><\/p>\n<p class=\"v1MsoNormal\" style=\"text-align: justify;\"><b><span lang=\"ES\">Reacciones<\/span><\/b><\/p>\n<p class=\"v1MsoNormal\" style=\"text-align: justify;\"><span lang=\"ES\">Natalia Herrera encargada de convivencia escolar y representante del CEIA Slep Coyhaique se\u00f1al\u00f3 que \u00abHa sido muy interesante abordar los temas de formaci\u00f3n, v\u00ednculo, familia, resoluci\u00f3n de conflictos, que est\u00e1n absolutamente vigentes y necesarias de ser trabajadas en los colegios\u00bb:<\/span><\/p>\n<p class=\"v1MsoNormal\" style=\"text-align: justify;\"><span lang=\"ES\">Por su parte, el Coordinador Regional de Educaci\u00f3n del Mineduc Antonio Canihuante destac\u00f3 que: \u00abLa tem\u00e1tica de Convivencia Escolar \u00a0es uno de los ejes \u00a0que estamos relevando en la Regi\u00f3n de Ays\u00e9n; y especialmente la nueva Pol\u00edtica de Convivencia Educativa que present\u00f3 la Seremi hoy la que ahora interpela a todo el sistema educativo y no solo a una parte sino que a todos sus componentes. El Programa A convivir se Aprende en sus tres l\u00edneas de trabajo aumenta su cobertura en la regi\u00f3n y eso es positivo .Agradecemos\u00a0 la asistencia de los establecimientos y la exposici\u00f3n de Ver\u00f3nica Gubbins que comparti\u00f3 estrategias para la correcta resoluci\u00f3n de conflictos; c\u00f3mo enfrentar, contener y mediar en esos conflictos. Esto forma parte de lo que nos dej\u00f3 la pandemia como aprendizaje, aprender a relacionarnos mejor\u00bb.<\/span><\/p>\n<\/div><\/section><\/div><div  style='height:50px' class='hr hr-invisible   avia-builder-el-6  el_after_av_one_full  el_before_av_social_share '><span class='hr-inner ' ><span class='hr-inner-style'><\/span><\/span><\/div><\/p>\n<div  class='av-social-sharing-box  avia-builder-el-7  el_after_av_hr  el_before_av_hr  '><div class='av-share-box'><h5 class='av-share-link-description av-no-toc '>Compartir esta noticia<\/h5><ul class='av-share-box-list noLightbox'><li class='av-share-link av-social-link-facebook' ><a target=\"_blank\" aria-label=\"Compartir en Facebook\" href='https:\/\/www.facebook.com\/sharer.php?u=https:\/\/radiorevelacionfm.cl\/?p=42371&#038;t=Realizan%20Primera%20Jornada%20de%20Formaci%C3%B3n%202024%20%C2%ABFamilia%2C%20Escuela%20y%20Convivencia%20Escolar%3A%20Fortalecer%20v%C3%ADnculos%20para%20prevenir%20violencia%C2%BB' aria-hidden='false' data-av_icon='\ue8f3' data-av_iconfont='entypo-fontello' title='' data-avia-related-tooltip='Compartir en Facebook' rel=\"noopener\"><span class='avia_hidden_link_text'>Compartir en Facebook<\/span><\/a><\/li><li class='av-share-link av-social-link-twitter' ><a target=\"_blank\" aria-label=\"Compartir en Twitter\" href='https:\/\/twitter.com\/share?text=Realizan%20Primera%20Jornada%20de%20Formaci%C3%B3n%202024%20%C2%ABFamilia%2C%20Escuela%20y%20Convivencia%20Escolar%3A%20Fortalecer%20v%C3%ADnculos%20para%20prevenir%20violencia%C2%BB&#038;url=https:\/\/radiorevelacionfm.cl\/?p=42371' aria-hidden='false' data-av_icon='\ue8f1' data-av_iconfont='entypo-fontello' title='' data-avia-related-tooltip='Compartir en Twitter' rel=\"noopener\"><span class='avia_hidden_link_text'>Compartir en Twitter<\/span><\/a><\/li><li class='av-share-link av-social-link-whatsapp' ><a target=\"_blank\" aria-label=\"Compartir en Whatsapp\" href='https:\/\/api.whatsapp.com\/send?text=https:\/\/radiorevelacionfm.cl\/?p=42371' aria-hidden='false' data-av_icon='\uf232' data-av_iconfont='entypo-fontello' title='' data-avia-related-tooltip='Compartir en Whatsapp' rel=\"noopener\"><span class='avia_hidden_link_text'>Compartir en Whatsapp<\/span><\/a><\/li><li class='av-share-link av-social-link-linkedin' ><a target=\"_blank\" aria-label=\"Compartir en LinkedIn\" href='https:\/\/linkedin.com\/shareArticle?mini=true&#038;title=Realizan%20Primera%20Jornada%20de%20Formaci%C3%B3n%202024%20%C2%ABFamilia%2C%20Escuela%20y%20Convivencia%20Escolar%3A%20Fortalecer%20v%C3%ADnculos%20para%20prevenir%20violencia%C2%BB&#038;url=https:\/\/radiorevelacionfm.cl\/?p=42371' aria-hidden='false' data-av_icon='\ue8fc' data-av_iconfont='entypo-fontello' title='' data-avia-related-tooltip='Compartir en LinkedIn' rel=\"noopener\"><span class='avia_hidden_link_text'>Compartir en LinkedIn<\/span><\/a><\/li><li class='av-share-link av-social-link-mail' ><a  aria-label=\"Compartir por correo\" href='mailto:?subject=Realizan%20Primera%20Jornada%20de%20Formaci%C3%B3n%202024%20%C2%ABFamilia%2C%20Escuela%20y%20Convivencia%20Escolar%3A%20Fortalecer%20v%C3%ADnculos%20para%20prevenir%20violencia%C2%BB&#038;body=https:\/\/radiorevelacionfm.cl\/?p=42371' aria-hidden='false' data-av_icon='\ue805' data-av_iconfont='entypo-fontello' title='' data-avia-related-tooltip='Compartir por correo'><span class='avia_hidden_link_text'>Compartir por correo<\/span><\/a><\/li><\/ul><\/div><\/div>\n<div  style='height:50px' class='hr hr-invisible   avia-builder-el-8  el_after_av_social_share  el_before_av_comments_list '><span class='hr-inner ' ><span class='hr-inner-style'><\/span><\/span><\/div>\n<div  class='av-buildercomment  av-blog-meta-html-info-disabled av-blog-meta-tag-disabled  '><\/div>\n","protected":false},"excerpt":{"rendered":"","protected":false},"author":1,"featured_media":42372,"comment_status":"open","ping_status":"open","sticky":false,"template":"","format":"standard","meta":{"footnotes":""},"categories":[49],"tags":[],"class_list":["post-42371","post","type-post","status-publish","format-standard","has-post-thumbnail","hentry","category-educacion"],"jetpack_featured_media_url":"https:\/\/radiorevelacionfm.cl\/wp-content\/uploads\/2024\/05\/foto-grupal-1_optimized.jpg","_links":{"self":[{"href":"https:\/\/radiorevelacionfm.cl\/index.php?rest_route=\/wp\/v2\/posts\/42371","targetHints":{"allow":["GET"]}}],"collection":[{"href":"https:\/\/radiorevelacionfm.cl\/index.php?rest_route=\/wp\/v2\/posts"}],"about":[{"href":"https:\/\/radiorevelacionfm.cl\/index.php?rest_route=\/wp\/v2\/types\/post"}],"author":[{"embeddable":true,"href":"https:\/\/radiorevelacionfm.cl\/index.php?rest_route=\/wp\/v2\/users\/1"}],"replies":[{"embeddable":true,"href":"https:\/\/radiorevelacionfm.cl\/index.php?rest_route=%2Fwp%2Fv2%2Fcomments&post=42371"}],"version-history":[{"count":1,"href":"https:\/\/radiorevelacionfm.cl\/index.php?rest_route=\/wp\/v2\/posts\/42371\/revisions"}],"predecessor-version":[{"id":42373,"href":"https:\/\/radiorevelacionfm.cl\/index.php?rest_route=\/wp\/v2\/posts\/42371\/revisions\/42373"}],"wp:featuredmedia":[{"embeddable":true,"href":"https:\/\/radiorevelacionfm.cl\/index.php?rest_route=\/wp\/v2\/media\/42372"}],"wp:attachment":[{"href":"https:\/\/radiorevelacionfm.cl\/index.php?rest_route=%2Fwp%2Fv2%2Fmedia&parent=42371"}],"wp:term":[{"taxonomy":"category","embeddable":true,"href":"https:\/\/radiorevelacionfm.cl\/index.php?rest_route=%2Fwp%2Fv2%2Fcategories&post=42371"},{"taxonomy":"post_tag","embeddable":true,"href":"https:\/\/radiorevelacionfm.cl\/index.php?rest_route=%2Fwp%2Fv2%2Ftags&post=42371"}],"curies":[{"name":"wp","href":"https:\/\/api.w.org\/{rel}","templated":true}]}}