{"id":42368,"date":"2024-05-21T22:21:02","date_gmt":"2024-05-22T01:21:02","guid":{"rendered":"https:\/\/radiorevelacionfm.cl\/?p=42368"},"modified":"2024-05-22T10:47:26","modified_gmt":"2024-05-22T13:47:26","slug":"investigadores-destacan-avances-en-programa-para-potenciar-cultivos-industriales-en-aysen","status":"publish","type":"post","link":"https:\/\/radiorevelacionfm.cl\/?p=42368","title":{"rendered":"Investigadores destacan avances en programa para potenciar cultivos industriales en Ays\u00e9n"},"content":{"rendered":"<div class=\"flex_column av_one_full  flex_column_div av-zero-column-padding first  avia-builder-el-0  el_before_av_one_full  avia-builder-el-first  \" style='border-radius:0px; '><div  class='avia-image-container  av-styling-    avia-builder-el-1  avia-builder-el-no-sibling  avia-align-center '  itemprop=\"image\" itemscope=\"itemscope\" itemtype=\"https:\/\/schema.org\/ImageObject\"  ><div class='avia-image-container-inner'><div class='avia-image-overlay-wrap'><img decoding=\"async\" class='wp-image-42369 avia-img-lazy-loading-not-42369 avia_image' src=\"https:\/\/radiorevelacionfm.cl\/wp-content\/uploads\/2024\/05\/z9a9726-1_optimized.jpg\" alt='' title='_z9a9726-(1)_optimized' height=\"600\" width=\"960\"  itemprop=\"thumbnailUrl\" srcset=\"https:\/\/radiorevelacionfm.cl\/wp-content\/uploads\/2024\/05\/z9a9726-1_optimized.jpg 960w, https:\/\/radiorevelacionfm.cl\/wp-content\/uploads\/2024\/05\/z9a9726-1_optimized-300x188.jpg 300w, https:\/\/radiorevelacionfm.cl\/wp-content\/uploads\/2024\/05\/z9a9726-1_optimized-768x480.jpg 768w, https:\/\/radiorevelacionfm.cl\/wp-content\/uploads\/2024\/05\/z9a9726-1_optimized-705x441.jpg 705w, https:\/\/radiorevelacionfm.cl\/wp-content\/uploads\/2024\/05\/z9a9726-1_optimized-450x281.jpg 450w, https:\/\/radiorevelacionfm.cl\/wp-content\/uploads\/2024\/05\/z9a9726-1_optimized-600x375.jpg 600w\" sizes=\"(max-width: 960px) 100vw, 960px\" \/><\/div><\/div><\/div><\/div>\n<div class=\"flex_column av_one_full  flex_column_div av-zero-column-padding first  avia-builder-el-2  el_after_av_one_full  el_before_av_one_full  column-top-margin\" style='border-radius:0px; '><section class=\"av_textblock_section \"  itemscope=\"itemscope\" itemtype=\"https:\/\/schema.org\/BlogPosting\" itemprop=\"blogPost\" ><div class='avia_textblock  '   itemprop=\"text\" ><p style=\"text-align: center;\"><span style=\"font-size: 18pt;\"><b>Investigadores destacan avances en programa para potenciar cultivos industriales en Ays\u00e9n<\/b><\/span><\/p>\n<div id=\"gtx-trans\" style=\"position: absolute; left: -50px; top: 4.31534px;\">\n<div class=\"gtx-trans-icon\"><\/div>\n<\/div>\n<\/div><\/section><\/div>\n<div class=\"flex_column av_one_full  flex_column_div av-zero-column-padding first  avia-builder-el-4  el_after_av_one_full  el_before_av_hr  column-top-margin\" style='border-radius:0px; '><section class=\"av_textblock_section \"  itemscope=\"itemscope\" itemtype=\"https:\/\/schema.org\/BlogPosting\" itemprop=\"blogPost\" ><div class='avia_textblock  '   itemprop=\"text\" ><p style=\"text-align: justify;\">Con la participaci\u00f3n del seremi de Agricultura, Eugenio Ruiz Espinoza; el director de Corfo, Humberto Mar\u00edn; la directora de INIA Tamel Aike, Camila Reyes; productores locales y representantes de la Universidad Austral de Chile, se llev\u00f3 a cabo un seminario para presentar los avances del Programa Tecnol\u00f3gico para la Producci\u00f3n Local de Insumos Vegetales Nutricionales para la Acuicultura (PTEC-INVA).<\/p>\n<p style=\"text-align: justify;\">Este programa tiene como objetivo establecer una plataforma para la producci\u00f3n y uso de insumos vegetales nutricionales derivados de cultivos de rotaci\u00f3n en la macrozona sur y austral de Chile, abarcando desde La Araucan\u00eda hasta Magallanes.<\/p>\n<p style=\"text-align: justify;\">En la regi\u00f3n de Ays\u00e9n, el INIA Tamel Aike, a trav\u00e9s del programa INNOVA-Corfo, est\u00e1 desarrollando investigaciones para fortalecer la producci\u00f3n de insumos vegetales en la zona sur-austral. Entre los cultivos evaluados se encuentran el raps, la camelina, los lupinos, las arvejas, el trigo, la alfalfa y el tr\u00e9bol rosado, todos explorados como alternativas sostenibles para la alimentaci\u00f3n del salm\u00f3n.<\/p>\n<p style=\"text-align: justify;\"><strong>Un esfuerzo colaborativo<\/strong><\/p>\n<p style=\"text-align: justify;\">El seremi de Agricultura, Eugenio Ruiz Espinoza, destac\u00f3 el trabajo conjunto entre el sector p\u00fablico y privado. \u00abEsta jornada representa un esfuerzo colaborativo para impulsar el desarrollo sostenible de la agricultura y acuicultura en Ays\u00e9n. Desde el Ministerio de Agricultura, junto al INIA, fomentamos el desarrollo rural mediante investigaciones que abren nuevas oportunidades productivas\u00bb.<\/p>\n<p style=\"text-align: justify;\">Humberto Mar\u00edn, director de Corfo, subray\u00f3 el impacto positivo del proyecto en la industria alimentaria y la soberan\u00eda alimentaria del pa\u00eds. \u00abA trav\u00e9s de este proyecto de innovaci\u00f3n, estamos apostando por fortalecer la industria alimentaria en la regi\u00f3n, beneficiando tanto a la industria del salm\u00f3n como a nuestra soberan\u00eda alimentaria\u00bb, se\u00f1al\u00f3.<\/p>\n<p style=\"text-align: justify;\">Por su parte, Camila Reyes, directora de INIA Tamel Aike, enfatiz\u00f3 la importancia de la colaboraci\u00f3n y la innovaci\u00f3n para mejorar la productividad y rentabilidad de la industria. \u00abEsta iniciativa busca promover el desarrollo rural mediante investigaciones que generar\u00e1n nuevas alternativas productivas para la agricultura regional\u00bb, explic\u00f3.<\/p>\n<p style=\"text-align: justify;\"><strong>Proyecciones del Programa<\/strong><\/p>\n<p style=\"text-align: justify;\">El evento resalt\u00f3 los avances alcanzados gracias a esta iniciativa p\u00fablico-privada y acad\u00e9mica impulsada por CORFO. Entre los expositores se encontraban la Dra. Claudia Osorio Ulloa, directora de INIA Carillanca y fitomejoradora de leguminosas; el Dr. Claudio Jobet Fornazzari, fitomejorador de trigo; Max Boehmwald y Claudia Acosta, Gerente Agr\u00edcola y de Desarrollo de Agrotop de Temuco; y el Dr. Osvaldo Teuber de INIA Tamel Aike, quienes presentaron sobre la adaptaci\u00f3n y potencial productivo y comercial de diversos cultivos industriales en Ays\u00e9n.<\/p>\n<p style=\"text-align: justify;\">El investigador Osvaldo Teuber coment\u00f3 sobre los avances en los ensayos con cultivos como raps, camelina y trigos de invierno. \u00abEstamos muy satisfechos con los resultados de las dos primeras temporadas de evaluaci\u00f3n. Estos cultivos ofrecen grandes oportunidades para producir prote\u00ednas, aceites y aglutinantes para la industria del salm\u00f3n\u00bb, afirm\u00f3.<\/p>\n<p style=\"text-align: justify;\">La Dra. Claudia Osorio junto con destacar los resultados obtenidos en Ays\u00e9n y Magallanes, precis\u00f3 las siguientes fases a desarrollar por parte del programa. \u00abLa siguiente fase del programa abordar\u00e1 aspectos cruciales como el manejo agron\u00f3mico, el manejo de plagas, enfermedades, conservaci\u00f3n de suelos y sostenibilidad ambiental\u00bb, se\u00f1al\u00f3 la investigadora de INIA Carillanca.<\/p>\n<p style=\"text-align: justify;\">La jornada culmin\u00f3 con una visita de campo a los dos m\u00f3dulos de investigaci\u00f3n, uno ubicado en la Estancia La Rioja del productor Juan Pablo Galilea y en el otro en el Predio El Ciruelo de INIA Tamel Aike.<\/p>\n<p style=\"text-align: justify;\"><strong>Sobre el Programa PTEC-INVA<\/strong><\/p>\n<p style=\"text-align: justify;\">El programa PTEC-INVA es una iniciativa p\u00fablico-privada que se est\u00e1 desarrollando en la Macrozona sur austral, permitiendo impulsar investigaciones para identificar nuevas fuentes de prote\u00ednas y aceites vegetales, aplicables en diversos rubros agropecuarios enfocados en la alimentaci\u00f3n animal. Adem\u00e1s, promueve pr\u00e1cticas agr\u00edcolas que fomentan la econom\u00eda circular entre los productores del territorio.<\/p>\n<p style=\"text-align: justify;\">La iniciativa es liderada por Salmones Ant\u00e1rtica y cuenta con la participaci\u00f3n de seis entidades coejecutoras: INIA, el Centro Tecnol\u00f3gico para la Innovaci\u00f3n Alimentaria (CeTA Alimentos), VeHiCe, Empresas AgroTop (Saprosem), la Universidad Cat\u00f3lica de Temuco y la Universidad de Chile.<\/p>\n<\/div><\/section><\/div><div  style='height:50px' class='hr hr-invisible   avia-builder-el-6  el_after_av_one_full  el_before_av_social_share '><span class='hr-inner ' ><span class='hr-inner-style'><\/span><\/span><\/div><\/p>\n<div  class='av-social-sharing-box  avia-builder-el-7  el_after_av_hr  el_before_av_hr  '><div class='av-share-box'><h5 class='av-share-link-description av-no-toc '>Compartir esta noticia<\/h5><ul class='av-share-box-list noLightbox'><li class='av-share-link av-social-link-facebook' ><a target=\"_blank\" aria-label=\"Compartir en Facebook\" href='https:\/\/www.facebook.com\/sharer.php?u=https:\/\/radiorevelacionfm.cl\/?p=42368&#038;t=Investigadores%20destacan%20avances%20en%20programa%20para%20potenciar%20cultivos%20industriales%20en%20Ays%C3%A9n' aria-hidden='false' data-av_icon='\ue8f3' data-av_iconfont='entypo-fontello' title='' data-avia-related-tooltip='Compartir en Facebook' rel=\"noopener\"><span class='avia_hidden_link_text'>Compartir en Facebook<\/span><\/a><\/li><li class='av-share-link av-social-link-twitter' ><a target=\"_blank\" aria-label=\"Compartir en Twitter\" href='https:\/\/twitter.com\/share?text=Investigadores%20destacan%20avances%20en%20programa%20para%20potenciar%20cultivos%20industriales%20en%20Ays%C3%A9n&#038;url=https:\/\/radiorevelacionfm.cl\/?p=42368' aria-hidden='false' data-av_icon='\ue8f1' data-av_iconfont='entypo-fontello' title='' data-avia-related-tooltip='Compartir en Twitter' rel=\"noopener\"><span class='avia_hidden_link_text'>Compartir en Twitter<\/span><\/a><\/li><li class='av-share-link av-social-link-whatsapp' ><a target=\"_blank\" aria-label=\"Compartir en Whatsapp\" href='https:\/\/api.whatsapp.com\/send?text=https:\/\/radiorevelacionfm.cl\/?p=42368' aria-hidden='false' data-av_icon='\uf232' data-av_iconfont='entypo-fontello' title='' data-avia-related-tooltip='Compartir en Whatsapp' rel=\"noopener\"><span class='avia_hidden_link_text'>Compartir en Whatsapp<\/span><\/a><\/li><li class='av-share-link av-social-link-linkedin' ><a target=\"_blank\" aria-label=\"Compartir en LinkedIn\" href='https:\/\/linkedin.com\/shareArticle?mini=true&#038;title=Investigadores%20destacan%20avances%20en%20programa%20para%20potenciar%20cultivos%20industriales%20en%20Ays%C3%A9n&#038;url=https:\/\/radiorevelacionfm.cl\/?p=42368' aria-hidden='false' data-av_icon='\ue8fc' data-av_iconfont='entypo-fontello' title='' data-avia-related-tooltip='Compartir en LinkedIn' rel=\"noopener\"><span class='avia_hidden_link_text'>Compartir en LinkedIn<\/span><\/a><\/li><li class='av-share-link av-social-link-mail' ><a  aria-label=\"Compartir por correo\" href='mailto:?subject=Investigadores%20destacan%20avances%20en%20programa%20para%20potenciar%20cultivos%20industriales%20en%20Ays%C3%A9n&#038;body=https:\/\/radiorevelacionfm.cl\/?p=42368' aria-hidden='false' data-av_icon='\ue805' data-av_iconfont='entypo-fontello' title='' data-avia-related-tooltip='Compartir por correo'><span class='avia_hidden_link_text'>Compartir por correo<\/span><\/a><\/li><\/ul><\/div><\/div>\n<div  style='height:50px' class='hr hr-invisible   avia-builder-el-8  el_after_av_social_share  el_before_av_comments_list '><span class='hr-inner ' ><span class='hr-inner-style'><\/span><\/span><\/div>\n<div  class='av-buildercomment  av-blog-meta-html-info-disabled av-blog-meta-tag-disabled  '><\/div>\n","protected":false},"excerpt":{"rendered":"","protected":false},"author":1,"featured_media":42369,"comment_status":"open","ping_status":"open","sticky":false,"template":"","format":"standard","meta":{"footnotes":""},"categories":[38],"tags":[],"class_list":["post-42368","post","type-post","status-publish","format-standard","has-post-thumbnail","hentry","category-regional"],"jetpack_featured_media_url":"https:\/\/radiorevelacionfm.cl\/wp-content\/uploads\/2024\/05\/z9a9726-1_optimized.jpg","_links":{"self":[{"href":"https:\/\/radiorevelacionfm.cl\/index.php?rest_route=\/wp\/v2\/posts\/42368","targetHints":{"allow":["GET"]}}],"collection":[{"href":"https:\/\/radiorevelacionfm.cl\/index.php?rest_route=\/wp\/v2\/posts"}],"about":[{"href":"https:\/\/radiorevelacionfm.cl\/index.php?rest_route=\/wp\/v2\/types\/post"}],"author":[{"embeddable":true,"href":"https:\/\/radiorevelacionfm.cl\/index.php?rest_route=\/wp\/v2\/users\/1"}],"replies":[{"embeddable":true,"href":"https:\/\/radiorevelacionfm.cl\/index.php?rest_route=%2Fwp%2Fv2%2Fcomments&post=42368"}],"version-history":[{"count":2,"href":"https:\/\/radiorevelacionfm.cl\/index.php?rest_route=\/wp\/v2\/posts\/42368\/revisions"}],"predecessor-version":[{"id":42374,"href":"https:\/\/radiorevelacionfm.cl\/index.php?rest_route=\/wp\/v2\/posts\/42368\/revisions\/42374"}],"wp:featuredmedia":[{"embeddable":true,"href":"https:\/\/radiorevelacionfm.cl\/index.php?rest_route=\/wp\/v2\/media\/42369"}],"wp:attachment":[{"href":"https:\/\/radiorevelacionfm.cl\/index.php?rest_route=%2Fwp%2Fv2%2Fmedia&parent=42368"}],"wp:term":[{"taxonomy":"category","embeddable":true,"href":"https:\/\/radiorevelacionfm.cl\/index.php?rest_route=%2Fwp%2Fv2%2Fcategories&post=42368"},{"taxonomy":"post_tag","embeddable":true,"href":"https:\/\/radiorevelacionfm.cl\/index.php?rest_route=%2Fwp%2Fv2%2Ftags&post=42368"}],"curies":[{"name":"wp","href":"https:\/\/api.w.org\/{rel}","templated":true}]}}