{"id":42365,"date":"2024-05-21T22:09:24","date_gmt":"2024-05-22T01:09:24","guid":{"rendered":"https:\/\/radiorevelacionfm.cl\/?p=42365"},"modified":"2024-05-21T22:09:24","modified_gmt":"2024-05-22T01:09:24","slug":"apertura-del-glaciar-exploradores-donde-esta-la-responsabilidad-del-gobierno-con-el-turismo-en-aysen","status":"publish","type":"post","link":"https:\/\/radiorevelacionfm.cl\/?p=42365","title":{"rendered":"Apertura del Glaciar Exploradores \u00bfD\u00f3nde est\u00e1 la responsabilidad del Gobierno con el turismo en Ays\u00e9n?"},"content":{"rendered":"<div class=\"flex_column av_one_full  flex_column_div av-zero-column-padding first  avia-builder-el-0  el_before_av_one_full  avia-builder-el-first  \" style='border-radius:0px; '><div  class='avia-image-container  av-styling-    avia-builder-el-1  avia-builder-el-no-sibling  avia-align-center '  itemprop=\"image\" itemscope=\"itemscope\" itemtype=\"https:\/\/schema.org\/ImageObject\"  ><div class='avia-image-container-inner'><div class='avia-image-overlay-wrap'><img decoding=\"async\" class='wp-image-42366 avia-img-lazy-loading-not-42366 avia_image' src=\"https:\/\/radiorevelacionfm.cl\/wp-content\/uploads\/2024\/05\/Exploradores-1-1-1.jpg\" alt='' title='Exploradores (1) (1) (1)' height=\"600\" width=\"800\"  itemprop=\"thumbnailUrl\" srcset=\"https:\/\/radiorevelacionfm.cl\/wp-content\/uploads\/2024\/05\/Exploradores-1-1-1.jpg 800w, https:\/\/radiorevelacionfm.cl\/wp-content\/uploads\/2024\/05\/Exploradores-1-1-1-300x225.jpg 300w, https:\/\/radiorevelacionfm.cl\/wp-content\/uploads\/2024\/05\/Exploradores-1-1-1-768x576.jpg 768w, https:\/\/radiorevelacionfm.cl\/wp-content\/uploads\/2024\/05\/Exploradores-1-1-1-705x529.jpg 705w, https:\/\/radiorevelacionfm.cl\/wp-content\/uploads\/2024\/05\/Exploradores-1-1-1-450x338.jpg 450w, https:\/\/radiorevelacionfm.cl\/wp-content\/uploads\/2024\/05\/Exploradores-1-1-1-600x450.jpg 600w\" sizes=\"(max-width: 800px) 100vw, 800px\" \/><\/div><\/div><\/div><\/div><div class=\"flex_column av_one_full  flex_column_div av-zero-column-padding first  avia-builder-el-2  el_after_av_one_full  el_before_av_one_full  column-top-margin\" style='border-radius:0px; '><section class=\"av_textblock_section \"  itemscope=\"itemscope\" itemtype=\"https:\/\/schema.org\/BlogPosting\" itemprop=\"blogPost\" ><div class='avia_textblock  '   itemprop=\"text\" ><p style=\"text-align: center;\"><span style=\"font-size: 18pt;\"><b>Apertura del Glaciar Exploradores<\/b><b>\u00a0\u00bfD\u00f3nde est\u00e1 la responsabilidad del Gobierno con el turismo en Ays\u00e9n?<\/b><\/span><\/p>\n<div id=\"gtx-trans\" style=\"position: absolute; left: -50px; top: 4.31534px;\">\n<div class=\"gtx-trans-icon\"><\/div>\n<\/div>\n<\/div><\/section><\/div><div class=\"flex_column av_one_full  flex_column_div av-zero-column-padding first  avia-builder-el-4  el_after_av_one_full  el_before_av_hr  column-top-margin\" style='border-radius:0px; '><section class=\"av_textblock_section \"  itemscope=\"itemscope\" itemtype=\"https:\/\/schema.org\/BlogPosting\" itemprop=\"blogPost\" ><div class='avia_textblock  '   itemprop=\"text\" ><p class=\"v1MsoNormal\" style=\"text-align: justify;\">El 2023 se volvi\u00f3 a licitar los ingresos guiados a este importante atractivo de la Regi\u00f3n de Ays\u00e9n, pero las autoridades resolvieron extender los contratos a la decena de empresas regionales que all\u00ed trabajan hasta el 30 de mayo del a\u00f1o en curso. Todo esto tras cinco meses de cierre y, reci\u00e9n el pasado mes de febrero, se reabri\u00f3 con mayores exigencias y rutas m\u00e1s seguras. \u00abHoy desde los gremios de empresas tur\u00edsticas incumbentes, acusan la falta de preocupaci\u00f3n de las autoridades, cuyo \u00fanico argumento es el traspaso del Glaciar al Servicio de Biodiversidad y \u00c1reas Protegidas (SBAP), una iniciativa que tardar\u00e1 como m\u00ednimo tres a\u00f1os m\u00e1s\u00bb, explic\u00f3 Marcelo Santana Vargas.<\/p>\n<p class=\"v1MsoNormal\" style=\"text-align: justify;\">El 31 de octubre del a\u00f1o 2023 se realiz\u00f3 el cierre con car\u00e1cter definitivo del Glaciar Exploradores, que es parte del Parque Nacional Laguna San Rafael. Las condiciones de inestabilidad de la ruta principal del glaciar fueron las principales razones para la medida, que termin\u00f3 con un impedimento de acceso de cinco meses, en plena temporada alta para quienes visitan Puerto R\u00edo Tranquilo, una de las localidades m\u00e1s emblem\u00e1ticas de la Carretera Austral.<\/p>\n<p class=\"v1MsoNormal\" style=\"text-align: justify;\">Empresas del rubro han mantenido contacto con el ex -alcalde de R\u00edo Ib\u00e1\u00f1ez, manifest\u00e1ndole que &#8216;desde el ministerio de Medio Ambiente deben hacerse cargo del traspaso de la administraci\u00f3n de Glaciar Exploradores al Servicio de Biodiversidad y \u00c1reas Protegidas, pero no se vislumbra ning\u00fan avance para implementar para algo que podr\u00eda tardar m\u00ednimo 36 meses o m\u00e1s \u00bfEntonces c\u00f3mo se har\u00e1n cargo de Exploradores? Finalmente, todo indica que nuevamente ser\u00e1 CONAF quien nuevamente asuma la administraci\u00f3n, lo que conlleva a la improvisaci\u00f3n y falta de planificaci\u00f3n en el uso y manejo de esta \u00e1rea silvestre. Esto es lo que m\u00e1s molesta causa en las empresas del rubro, que acusan una grave falta de planificaci\u00f3n que de certezas a la actividad tur\u00edstica en esta zona de la regi\u00f3n.<\/p>\n<p class=\"v1MsoNormal\" style=\"text-align: justify;\">Desde la Asociaci\u00f3n Gremial Hielo Norte, han solicitado audiencia a la Comisi\u00f3n de Regionalizaci\u00f3n, Integraci\u00f3n Territorial y Medioambiente, como tambi\u00e9n Fomento Productivo del Consejo Regional de Ays\u00e9n, donde advierten que \u00abverbalmente no entienden del tema y no respondieron las solicitudes de dichas empresas\u00bb.<\/p>\n<p class=\"v1MsoNormal\" style=\"text-align: justify;\">\u00abEstos &#8216;portazos&#8217; que reciben nuestros empresarios tur\u00edsticos no se condicen con la visi\u00f3n y el anhelo de transformarnos en una regi\u00f3n que protege y promueva el desarrollo tur\u00edstico. Asimismo, la reciente negativa que sufrieron estas Pymes por parte del Gobierno Regional fue una m\u00e1s, ya que hace unos d\u00edas los Secretarios Regionales Ministeriales de Econom\u00eda, Medio Ambiente, Agricultura, Delegaci\u00f3n de General Carrera y Sernatur se escudaron en que a fines de mayo analizar\u00e1n la evaluaci\u00f3n del glaciar por parte de la Direcci\u00f3n General de Aguas y que &#8216;est\u00e1n pensando&#8217; en hacer una nueva licitaci\u00f3n con las directrices del SBAP. Si ya estamos casi a fines de mayo y aunque el informe llegue a tiempo, no llegar\u00e1 a tiempo la licitaci\u00f3n y ser\u00e1 otro golpe al turismo de Puerto R\u00edo Tranquilo y de la regi\u00f3n. Terrible y penoso, por ello comparto la desaz\u00f3n y frustraci\u00f3n de este grupo de empresas regionales\u00bb, afirm\u00f3 Marcelo Santana, tambi\u00e9n Ingeniero Ambiental y ex alcalde de R\u00edo Ib\u00e1\u00f1ez.<\/p>\n<p class=\"v1MsoNormal\" style=\"text-align: justify;\">\u00bfQu\u00e9 piden desde los gremios? &#8216;Principalmente que las autoridades pol\u00edticas no los hagan otra vez trabajar sobre la marcha, la afectaci\u00f3n de la dependencia de una Seremi de Agricultura que no ha gestionado bien el rubro y que cuestiona el desarrollo de una actividad de turismo aventura frente a posibles accidentes en el glaciar, lo que los ha obligado a implementar un formulario de responsabilidad empresarial que exime de responsabilidad a CONAF en caso de accidente. Finalmente, la temporada de turismo 2024- 2025 nuevamente pende de un hilo&#8217;.<\/p>\n<\/div><\/section><\/div><div  style='height:50px' class='hr hr-invisible   avia-builder-el-6  el_after_av_one_full  el_before_av_social_share '><span class='hr-inner ' ><span class='hr-inner-style'><\/span><\/span><\/div><\/p>\n<div  class='av-social-sharing-box  avia-builder-el-7  el_after_av_hr  el_before_av_hr  '><div class='av-share-box'><h5 class='av-share-link-description av-no-toc '>Compartir esta noticia<\/h5><ul class='av-share-box-list noLightbox'><li class='av-share-link av-social-link-facebook' ><a target=\"_blank\" aria-label=\"Compartir en Facebook\" href='https:\/\/www.facebook.com\/sharer.php?u=https:\/\/radiorevelacionfm.cl\/?p=42365&#038;t=Apertura%20del%20Glaciar%20Exploradores%20%C2%BFD%C3%B3nde%20est%C3%A1%20la%20responsabilidad%20del%20Gobierno%20con%20el%20turismo%20en%20Ays%C3%A9n%3F' aria-hidden='false' data-av_icon='\ue8f3' data-av_iconfont='entypo-fontello' title='' data-avia-related-tooltip='Compartir en Facebook' rel=\"noopener\"><span class='avia_hidden_link_text'>Compartir en Facebook<\/span><\/a><\/li><li class='av-share-link av-social-link-twitter' ><a target=\"_blank\" aria-label=\"Compartir en Twitter\" href='https:\/\/twitter.com\/share?text=Apertura%20del%20Glaciar%20Exploradores%20%C2%BFD%C3%B3nde%20est%C3%A1%20la%20responsabilidad%20del%20Gobierno%20con%20el%20turismo%20en%20Ays%C3%A9n%3F&#038;url=https:\/\/radiorevelacionfm.cl\/?p=42365' aria-hidden='false' data-av_icon='\ue8f1' data-av_iconfont='entypo-fontello' title='' data-avia-related-tooltip='Compartir en Twitter' rel=\"noopener\"><span class='avia_hidden_link_text'>Compartir en Twitter<\/span><\/a><\/li><li class='av-share-link av-social-link-whatsapp' ><a target=\"_blank\" aria-label=\"Compartir en Whatsapp\" href='https:\/\/api.whatsapp.com\/send?text=https:\/\/radiorevelacionfm.cl\/?p=42365' aria-hidden='false' data-av_icon='\uf232' data-av_iconfont='entypo-fontello' title='' data-avia-related-tooltip='Compartir en Whatsapp' rel=\"noopener\"><span class='avia_hidden_link_text'>Compartir en Whatsapp<\/span><\/a><\/li><li class='av-share-link av-social-link-linkedin' ><a target=\"_blank\" aria-label=\"Compartir en LinkedIn\" href='https:\/\/linkedin.com\/shareArticle?mini=true&#038;title=Apertura%20del%20Glaciar%20Exploradores%20%C2%BFD%C3%B3nde%20est%C3%A1%20la%20responsabilidad%20del%20Gobierno%20con%20el%20turismo%20en%20Ays%C3%A9n%3F&#038;url=https:\/\/radiorevelacionfm.cl\/?p=42365' aria-hidden='false' data-av_icon='\ue8fc' data-av_iconfont='entypo-fontello' title='' data-avia-related-tooltip='Compartir en LinkedIn' rel=\"noopener\"><span class='avia_hidden_link_text'>Compartir en LinkedIn<\/span><\/a><\/li><li class='av-share-link av-social-link-mail' ><a  aria-label=\"Compartir por correo\" href='mailto:?subject=Apertura%20del%20Glaciar%20Exploradores%20%C2%BFD%C3%B3nde%20est%C3%A1%20la%20responsabilidad%20del%20Gobierno%20con%20el%20turismo%20en%20Ays%C3%A9n%3F&#038;body=https:\/\/radiorevelacionfm.cl\/?p=42365' aria-hidden='false' data-av_icon='\ue805' data-av_iconfont='entypo-fontello' title='' data-avia-related-tooltip='Compartir por correo'><span class='avia_hidden_link_text'>Compartir por correo<\/span><\/a><\/li><\/ul><\/div><\/div>\n<div  style='height:50px' class='hr hr-invisible   avia-builder-el-8  el_after_av_social_share  el_before_av_comments_list '><span class='hr-inner ' ><span class='hr-inner-style'><\/span><\/span><\/div>\n<div  class='av-buildercomment  av-blog-meta-html-info-disabled av-blog-meta-tag-disabled  '><\/div>\n","protected":false},"excerpt":{"rendered":"","protected":false},"author":1,"featured_media":42366,"comment_status":"open","ping_status":"open","sticky":false,"template":"","format":"standard","meta":{"footnotes":""},"categories":[38],"tags":[],"class_list":["post-42365","post","type-post","status-publish","format-standard","has-post-thumbnail","hentry","category-regional"],"jetpack_featured_media_url":"https:\/\/radiorevelacionfm.cl\/wp-content\/uploads\/2024\/05\/Exploradores-1-1-1.jpg","_links":{"self":[{"href":"https:\/\/radiorevelacionfm.cl\/index.php?rest_route=\/wp\/v2\/posts\/42365","targetHints":{"allow":["GET"]}}],"collection":[{"href":"https:\/\/radiorevelacionfm.cl\/index.php?rest_route=\/wp\/v2\/posts"}],"about":[{"href":"https:\/\/radiorevelacionfm.cl\/index.php?rest_route=\/wp\/v2\/types\/post"}],"author":[{"embeddable":true,"href":"https:\/\/radiorevelacionfm.cl\/index.php?rest_route=\/wp\/v2\/users\/1"}],"replies":[{"embeddable":true,"href":"https:\/\/radiorevelacionfm.cl\/index.php?rest_route=%2Fwp%2Fv2%2Fcomments&post=42365"}],"version-history":[{"count":1,"href":"https:\/\/radiorevelacionfm.cl\/index.php?rest_route=\/wp\/v2\/posts\/42365\/revisions"}],"predecessor-version":[{"id":42367,"href":"https:\/\/radiorevelacionfm.cl\/index.php?rest_route=\/wp\/v2\/posts\/42365\/revisions\/42367"}],"wp:featuredmedia":[{"embeddable":true,"href":"https:\/\/radiorevelacionfm.cl\/index.php?rest_route=\/wp\/v2\/media\/42366"}],"wp:attachment":[{"href":"https:\/\/radiorevelacionfm.cl\/index.php?rest_route=%2Fwp%2Fv2%2Fmedia&parent=42365"}],"wp:term":[{"taxonomy":"category","embeddable":true,"href":"https:\/\/radiorevelacionfm.cl\/index.php?rest_route=%2Fwp%2Fv2%2Fcategories&post=42365"},{"taxonomy":"post_tag","embeddable":true,"href":"https:\/\/radiorevelacionfm.cl\/index.php?rest_route=%2Fwp%2Fv2%2Ftags&post=42365"}],"curies":[{"name":"wp","href":"https:\/\/api.w.org\/{rel}","templated":true}]}}