{"id":42362,"date":"2024-05-21T21:37:49","date_gmt":"2024-05-22T00:37:49","guid":{"rendered":"https:\/\/radiorevelacionfm.cl\/?p=42362"},"modified":"2024-05-21T21:37:49","modified_gmt":"2024-05-22T00:37:49","slug":"aysen-con-desfile-rinden-homenaje-a-las-glorias-navales-y-a-los-145-anos-del-combate-naval-de-iquique","status":"publish","type":"post","link":"https:\/\/radiorevelacionfm.cl\/?p=42362","title":{"rendered":"Ays\u00e9n: Con desfile rinden homenaje a las Glorias Navales y a los 145 a\u00f1os del Combate Naval de Iquique"},"content":{"rendered":"<div class=\"flex_column av_one_full  flex_column_div av-zero-column-padding first  avia-builder-el-0  el_before_av_one_full  avia-builder-el-first  \" style='border-radius:0px; '><div  class='avia-image-container  av-styling-    avia-builder-el-1  avia-builder-el-no-sibling  avia-align-center '  itemprop=\"image\" itemscope=\"itemscope\" itemtype=\"https:\/\/schema.org\/ImageObject\"  ><div class='avia-image-container-inner'><div class='avia-image-overlay-wrap'><img decoding=\"async\" class='wp-image-42363 avia-img-lazy-loading-not-42363 avia_image' src=\"https:\/\/radiorevelacionfm.cl\/wp-content\/uploads\/2024\/05\/desfile-6-1_optimized-1.jpg\" alt='' title='desfile-6-(1)_optimized (1)' height=\"600\" width=\"1067\"  itemprop=\"thumbnailUrl\" srcset=\"https:\/\/radiorevelacionfm.cl\/wp-content\/uploads\/2024\/05\/desfile-6-1_optimized-1.jpg 1067w, https:\/\/radiorevelacionfm.cl\/wp-content\/uploads\/2024\/05\/desfile-6-1_optimized-1-300x169.jpg 300w, https:\/\/radiorevelacionfm.cl\/wp-content\/uploads\/2024\/05\/desfile-6-1_optimized-1-1030x579.jpg 1030w, https:\/\/radiorevelacionfm.cl\/wp-content\/uploads\/2024\/05\/desfile-6-1_optimized-1-768x432.jpg 768w, https:\/\/radiorevelacionfm.cl\/wp-content\/uploads\/2024\/05\/desfile-6-1_optimized-1-705x396.jpg 705w, https:\/\/radiorevelacionfm.cl\/wp-content\/uploads\/2024\/05\/desfile-6-1_optimized-1-450x253.jpg 450w, https:\/\/radiorevelacionfm.cl\/wp-content\/uploads\/2024\/05\/desfile-6-1_optimized-1-600x337.jpg 600w\" sizes=\"(max-width: 1067px) 100vw, 1067px\" \/><\/div><\/div><\/div><\/div><div class=\"flex_column av_one_full  flex_column_div av-zero-column-padding first  avia-builder-el-2  el_after_av_one_full  el_before_av_one_full  column-top-margin\" style='border-radius:0px; '><section class=\"av_textblock_section \"  itemscope=\"itemscope\" itemtype=\"https:\/\/schema.org\/BlogPosting\" itemprop=\"blogPost\" ><div class='avia_textblock  '   itemprop=\"text\" ><p style=\"text-align: center;\"><strong><span style=\"font-size: 18pt;\">Ays\u00e9n: Con desfile rinden homenaje a las Glorias Navales y a los 145 a\u00f1os del Combate Naval de Iquique<\/span><\/strong><\/p>\n<div id=\"gtx-trans\" style=\"position: absolute; left: -50px; top: 4.31534px;\">\n<div class=\"gtx-trans-icon\"><\/div>\n<\/div>\n<\/div><\/section><\/div><div class=\"flex_column av_one_full  flex_column_div av-zero-column-padding first  avia-builder-el-4  el_after_av_one_full  el_before_av_hr  column-top-margin\" style='border-radius:0px; '><section class=\"av_textblock_section \"  itemscope=\"itemscope\" itemtype=\"https:\/\/schema.org\/BlogPosting\" itemprop=\"blogPost\" ><div class='avia_textblock  '   itemprop=\"text\" ><p style=\"text-align: justify;\"><em>Asistieron autoridades civiles y militares de la regi\u00f3n, provincia y comuna de Ays\u00e9n. Tambi\u00e9n estuvieron presentes los voluntariados y organizaciones de la comunidad.<\/em><\/p>\n<p style=\"text-align: justify;\">Un gran marco de p\u00fablico asisti\u00f3 este martes a la Plaza de Armas de Puerto Ays\u00e9n, lugar que reuni\u00f3 a todas las Fuerzas Armadas, organizaciones sociales y autoridades Regionales, Provinciales y Comunales, en el desarrollo del Desfile en Honor a las Glorias Navales y a los 145 a\u00f1os del Combate Naval de Iquique.<\/p>\n<p style=\"text-align: justify;\">Este acto c\u00edvico \u2013 militar fue ampliamente aplaudido por las familias que repletaron el principal paseo p\u00fablico de Puerto Ays\u00e9n y al momento de concluir las autoridades evaluaron positivamente esta ceremonia, que se realiza a\u00f1o a a\u00f1o y que es encabezada por la Armada de Chile. Adem\u00e1s, el clima acompa\u00f1\u00f3 y permiti\u00f3 el desarrollo de esta actividad sin mayores problemas, as\u00ed lo destac\u00f3 el Gobernador Mar\u00edtimo, Comandante Mario Besoain.<\/p>\n<p style=\"text-align: justify;\">\u201cUn d\u00eda fant\u00e1stico, que acompa\u00f1\u00f3 a todas las fuerzas vivas de la comunidad, hemos visto ni\u00f1os, j\u00f3venes y adultos, en este d\u00eda tan especial para el pa\u00eds, que es, recordar las Glorias Navales, as\u00ed es que, muy contento y mucho orgullo estar en esta regi\u00f3n celebrando por primera vez, en lo personal, esta festividad. Lo m\u00e1s importante aqu\u00ed es, la responsabilidad que tenemos todos los adultos, todos los servicios en el pa\u00eds, es, mantener vivas las tradiciones, es una de las cosas que alimenta el alma nacional, que nos convoca hacia un bien com\u00fan y general\u201d.<\/p>\n<p style=\"text-align: justify;\">Desde muy temprano en la Gobernaci\u00f3n Mar\u00edtima de Ays\u00e9n, el Comandante Besoain, recibi\u00f3 los saludos protocolares, para luego ser parte del Tedeum de acci\u00f3n de gracias, finalizando con el desfile en la Plaza porte\u00f1a, instancias donde particip\u00f3 el Delegado Presidencial Regional, Rodrigo Araya. \u201cPartimos temprano, haciendo un saludo protocolar al Gobernador Mar\u00edtimo, donde hacemos el reconocimiento que para el Gobierno Interior tiene la Armada en nuestra regi\u00f3n. En todo el territorio est\u00e1n desplegados, brindando seguridad y protecci\u00f3n a todo el mundo que tiene que ver con la vida mar\u00edtima\u201d.<\/p>\n<p style=\"text-align: justify;\">Un destacado y permanente trabajo es que realiza la Armada junto a la Municipalidad de Ays\u00e9n, muchas son las acciones que habitualmente llevan a cabo ambos organismos en bien de la comunidad. Por ello, el Alcalde Julio Uribe, cree que es la instancia propicia para relevar esta tarea. \u201cMuy temprano estuvimos en el saludo protocolar, luego en el tedeum, para concluir en el desfile. Una instancia muy emotiva, muy hermosa y que mantiene nuestras tradiciones intactas. Por lo tanto, no me queda m\u00e1s que felicitar a la Armada y agradecer el trabajo permanente que se realiza junto al Municipio, en apoyo a la ciudadan\u00eda\u201d.<\/p>\n<p style=\"text-align: justify;\">Durante la jornada y as\u00ed lo resaltaron las distintas autoridades, tambi\u00e9n se reconocen los 115 a\u00f1os de la creaci\u00f3n del Movimiento Scout de Chile y el Club de Huasos de Puerto Ays\u00e9n, celebra un a\u00f1o m\u00e1s rescatando las tradiciones en la porte\u00f1a ciudad.<\/p>\n<\/div><\/section><\/div><div  style='height:50px' class='hr hr-invisible   avia-builder-el-6  el_after_av_one_full  el_before_av_social_share '><span class='hr-inner ' ><span class='hr-inner-style'><\/span><\/span><\/div><\/p>\n<div  class='av-social-sharing-box  avia-builder-el-7  el_after_av_hr  el_before_av_hr  '><div class='av-share-box'><h5 class='av-share-link-description av-no-toc '>Compartir esta noticia<\/h5><ul class='av-share-box-list noLightbox'><li class='av-share-link av-social-link-facebook' ><a target=\"_blank\" aria-label=\"Compartir en Facebook\" href='https:\/\/www.facebook.com\/sharer.php?u=https:\/\/radiorevelacionfm.cl\/?p=42362&#038;t=Ays%C3%A9n%3A%20Con%20desfile%20rinden%20homenaje%20a%20las%20Glorias%20Navales%20y%20a%20los%20145%20a%C3%B1os%20del%20Combate%20Naval%20de%20Iquique' aria-hidden='false' data-av_icon='\ue8f3' data-av_iconfont='entypo-fontello' title='' data-avia-related-tooltip='Compartir en Facebook' rel=\"noopener\"><span class='avia_hidden_link_text'>Compartir en Facebook<\/span><\/a><\/li><li class='av-share-link av-social-link-twitter' ><a target=\"_blank\" aria-label=\"Compartir en Twitter\" href='https:\/\/twitter.com\/share?text=Ays%C3%A9n%3A%20Con%20desfile%20rinden%20homenaje%20a%20las%20Glorias%20Navales%20y%20a%20los%20145%20a%C3%B1os%20del%20Combate%20Naval%20de%20Iquique&#038;url=https:\/\/radiorevelacionfm.cl\/?p=42362' aria-hidden='false' data-av_icon='\ue8f1' data-av_iconfont='entypo-fontello' title='' data-avia-related-tooltip='Compartir en Twitter' rel=\"noopener\"><span class='avia_hidden_link_text'>Compartir en Twitter<\/span><\/a><\/li><li class='av-share-link av-social-link-whatsapp' ><a target=\"_blank\" aria-label=\"Compartir en Whatsapp\" href='https:\/\/api.whatsapp.com\/send?text=https:\/\/radiorevelacionfm.cl\/?p=42362' aria-hidden='false' data-av_icon='\uf232' data-av_iconfont='entypo-fontello' title='' data-avia-related-tooltip='Compartir en Whatsapp' rel=\"noopener\"><span class='avia_hidden_link_text'>Compartir en Whatsapp<\/span><\/a><\/li><li class='av-share-link av-social-link-linkedin' ><a target=\"_blank\" aria-label=\"Compartir en LinkedIn\" href='https:\/\/linkedin.com\/shareArticle?mini=true&#038;title=Ays%C3%A9n%3A%20Con%20desfile%20rinden%20homenaje%20a%20las%20Glorias%20Navales%20y%20a%20los%20145%20a%C3%B1os%20del%20Combate%20Naval%20de%20Iquique&#038;url=https:\/\/radiorevelacionfm.cl\/?p=42362' aria-hidden='false' data-av_icon='\ue8fc' data-av_iconfont='entypo-fontello' title='' data-avia-related-tooltip='Compartir en LinkedIn' rel=\"noopener\"><span class='avia_hidden_link_text'>Compartir en LinkedIn<\/span><\/a><\/li><li class='av-share-link av-social-link-mail' ><a  aria-label=\"Compartir por correo\" href='mailto:?subject=Ays%C3%A9n%3A%20Con%20desfile%20rinden%20homenaje%20a%20las%20Glorias%20Navales%20y%20a%20los%20145%20a%C3%B1os%20del%20Combate%20Naval%20de%20Iquique&#038;body=https:\/\/radiorevelacionfm.cl\/?p=42362' aria-hidden='false' data-av_icon='\ue805' data-av_iconfont='entypo-fontello' title='' data-avia-related-tooltip='Compartir por correo'><span class='avia_hidden_link_text'>Compartir por correo<\/span><\/a><\/li><\/ul><\/div><\/div>\n<div  style='height:50px' class='hr hr-invisible   avia-builder-el-8  el_after_av_social_share  el_before_av_comments_list '><span class='hr-inner ' ><span class='hr-inner-style'><\/span><\/span><\/div>\n<div  class='av-buildercomment  av-blog-meta-html-info-disabled av-blog-meta-tag-disabled  '><\/div>\n","protected":false},"excerpt":{"rendered":"","protected":false},"author":1,"featured_media":42363,"comment_status":"open","ping_status":"open","sticky":false,"template":"","format":"standard","meta":{"footnotes":""},"categories":[38],"tags":[],"class_list":["post-42362","post","type-post","status-publish","format-standard","has-post-thumbnail","hentry","category-regional"],"jetpack_featured_media_url":"https:\/\/radiorevelacionfm.cl\/wp-content\/uploads\/2024\/05\/desfile-6-1_optimized-1.jpg","_links":{"self":[{"href":"https:\/\/radiorevelacionfm.cl\/index.php?rest_route=\/wp\/v2\/posts\/42362","targetHints":{"allow":["GET"]}}],"collection":[{"href":"https:\/\/radiorevelacionfm.cl\/index.php?rest_route=\/wp\/v2\/posts"}],"about":[{"href":"https:\/\/radiorevelacionfm.cl\/index.php?rest_route=\/wp\/v2\/types\/post"}],"author":[{"embeddable":true,"href":"https:\/\/radiorevelacionfm.cl\/index.php?rest_route=\/wp\/v2\/users\/1"}],"replies":[{"embeddable":true,"href":"https:\/\/radiorevelacionfm.cl\/index.php?rest_route=%2Fwp%2Fv2%2Fcomments&post=42362"}],"version-history":[{"count":1,"href":"https:\/\/radiorevelacionfm.cl\/index.php?rest_route=\/wp\/v2\/posts\/42362\/revisions"}],"predecessor-version":[{"id":42364,"href":"https:\/\/radiorevelacionfm.cl\/index.php?rest_route=\/wp\/v2\/posts\/42362\/revisions\/42364"}],"wp:featuredmedia":[{"embeddable":true,"href":"https:\/\/radiorevelacionfm.cl\/index.php?rest_route=\/wp\/v2\/media\/42363"}],"wp:attachment":[{"href":"https:\/\/radiorevelacionfm.cl\/index.php?rest_route=%2Fwp%2Fv2%2Fmedia&parent=42362"}],"wp:term":[{"taxonomy":"category","embeddable":true,"href":"https:\/\/radiorevelacionfm.cl\/index.php?rest_route=%2Fwp%2Fv2%2Fcategories&post=42362"},{"taxonomy":"post_tag","embeddable":true,"href":"https:\/\/radiorevelacionfm.cl\/index.php?rest_route=%2Fwp%2Fv2%2Ftags&post=42362"}],"curies":[{"name":"wp","href":"https:\/\/api.w.org\/{rel}","templated":true}]}}