{"id":42353,"date":"2024-05-20T20:17:53","date_gmt":"2024-05-20T23:17:53","guid":{"rendered":"https:\/\/radiorevelacionfm.cl\/?p=42353"},"modified":"2024-05-20T20:17:53","modified_gmt":"2024-05-20T23:17:53","slug":"con-actividades-educativas-y-reconocimiento-a-gestores-ambientales-conmemoran-dia-mundial-del-reciclaje","status":"publish","type":"post","link":"https:\/\/radiorevelacionfm.cl\/?p=42353","title":{"rendered":"Con actividades educativas y reconocimiento a gestores ambientales conmemoran D\u00eda Mundial del Reciclaje"},"content":{"rendered":"<div class=\"flex_column av_one_full  flex_column_div av-zero-column-padding first  avia-builder-el-0  el_before_av_one_full  avia-builder-el-first  \" style='border-radius:0px; '><div  class='avia-image-container  av-styling-    avia-builder-el-1  avia-builder-el-no-sibling  avia-align-center '  itemprop=\"image\" itemscope=\"itemscope\" itemtype=\"https:\/\/schema.org\/ImageObject\"  ><div class='avia-image-container-inner'><div class='avia-image-overlay-wrap'><img decoding=\"async\" class='wp-image-42354 avia-img-lazy-loading-not-42354 avia_image' src=\"https:\/\/radiorevelacionfm.cl\/wp-content\/uploads\/2024\/05\/img_6745-1_optimized.jpg\" alt='' title='img_6745-(1)_optimized' height=\"600\" width=\"892\"  itemprop=\"thumbnailUrl\" srcset=\"https:\/\/radiorevelacionfm.cl\/wp-content\/uploads\/2024\/05\/img_6745-1_optimized.jpg 892w, https:\/\/radiorevelacionfm.cl\/wp-content\/uploads\/2024\/05\/img_6745-1_optimized-300x202.jpg 300w, https:\/\/radiorevelacionfm.cl\/wp-content\/uploads\/2024\/05\/img_6745-1_optimized-768x517.jpg 768w, https:\/\/radiorevelacionfm.cl\/wp-content\/uploads\/2024\/05\/img_6745-1_optimized-705x474.jpg 705w, https:\/\/radiorevelacionfm.cl\/wp-content\/uploads\/2024\/05\/img_6745-1_optimized-450x303.jpg 450w, https:\/\/radiorevelacionfm.cl\/wp-content\/uploads\/2024\/05\/img_6745-1_optimized-600x404.jpg 600w\" sizes=\"(max-width: 892px) 100vw, 892px\" \/><\/div><\/div><\/div><\/div><div class=\"flex_column av_one_full  flex_column_div av-zero-column-padding first  avia-builder-el-2  el_after_av_one_full  el_before_av_one_full  column-top-margin\" style='border-radius:0px; '><section class=\"av_textblock_section \"  itemscope=\"itemscope\" itemtype=\"https:\/\/schema.org\/BlogPosting\" itemprop=\"blogPost\" ><div class='avia_textblock  '   itemprop=\"text\" ><p style=\"text-align: center;\"><span style=\"font-size: 18pt;\"><strong>Con actividades educativas y reconocimiento a gestores ambientales conmemoran D\u00eda Mundial del Reciclaje <\/strong><\/span><\/p>\n<div id=\"gtx-trans\" style=\"position: absolute; left: -50px; top: 4.31534px;\">\n<div class=\"gtx-trans-icon\"><\/div>\n<\/div>\n<\/div><\/section><\/div><div class=\"flex_column av_one_full  flex_column_div av-zero-column-padding first  avia-builder-el-4  el_after_av_one_full  el_before_av_hr  column-top-margin\" style='border-radius:0px; '><section class=\"av_textblock_section \"  itemscope=\"itemscope\" itemtype=\"https:\/\/schema.org\/BlogPosting\" itemprop=\"blogPost\" ><div class='avia_textblock  '   itemprop=\"text\" ><p style=\"text-align: justify;\">El D\u00eda Mundial del reciclaje se celebra cada a\u00f1o el 17 de mayo para crear conciencia en todo el mundo acerca de la importancia que tiene tratar los residuos y proteger el medio ambiente., adem\u00e1s de educar a la ciudadan\u00eda en lo importante que es esta herramienta para hacer frente al cambio clim\u00e1tico.<\/p>\n<p style=\"text-align: justify;\">Para conmemorar este d\u00eda, la SEREMI del Medio Ambiente, junto al Gobierno Regional de Ays\u00e9n recorrieron las distintas iniciativas impulsadas en las ciudades de Coyhaique y Puerto Ays\u00e9n en materia de econom\u00eda circular, destacando las actividades educativas, comunitarias y el reconocimiento de gestores ambientales.<\/p>\n<p style=\"text-align: justify;\">El recorrido comenz\u00f3 en Coyhaique donde El Seremi del Medio Ambiente, Yoal D\u00edaz en compa\u00f1\u00eda de la profesional de Infraestructura y Transportes del Gobierno Regional, Paula Cruces, en representaci\u00f3n de la Secretar\u00eda Ejecutiva de Residuos y Econom\u00eda Circular, se sumaron a la tercera versi\u00f3n de la Feria del Reciclaje del Jard\u00edn infantil Futuro Austral.<\/p>\n<p style=\"text-align: justify;\">El establecimiento que cuenta con certificaci\u00f3n ambiental de excelencia, una serie de proyectos del Fondo de Protecci\u00f3n Ambiental y un punto limpio comunitario, volvi\u00f3 a convocar a vecinos y vecinas a compartir buenas pr\u00e1cticas ambientales de reutilizaci\u00f3n de residuos \u201cLa feria est\u00e1 cada vez m\u00e1s conocida, la gente ya quiere venir, porque ya est\u00e1 teniendo un sello nuestro establecimiento educativo con la Feria de recicladores, que es un reciclaje para la comunidad, para nuestros ni\u00f1os, para nuestra familia y para nuestros vecinos y vecinas de Coyhaique, tenemos una muestra de diferentes artesanos que le dan una segunda vida a los productos\u201d, declar\u00f3 la Educadora y encargada de Medio Ambiente del Jard\u00edn Infantil Futuro Austral, Yannia P\u00e9rez.<\/p>\n<p style=\"text-align: justify;\">Luego fue el turno de la Escuela Altamira, establecimiento que tambi\u00e9n ha conseguido la certificaci\u00f3n de excelencia y que conmemor\u00f3 el d\u00eda con un encuentro interactivo donde ni\u00f1os y ni\u00f1as pudieron, mediante experimentos, explicar y dialogar sobre la importancia del tratamiento de residuos org\u00e1nicos domiciliarios, recibiendo adem\u00e1s por parte del equipo de la Seremi una peque\u00f1a charla sobre cambio clim\u00e1tico.<\/p>\n<p style=\"text-align: justify;\"><strong>Reconocimiento a Gestores Ambientales<\/strong><\/p>\n<p style=\"text-align: justify;\">En compa\u00f1\u00eda de la Gobernadora Regional, Andrea Mac\u00edas, el Seremi del Medio Ambiente Yoal D\u00edaz visit\u00f3 los centros de Gesti\u00f3n de Residuos de las comunas de Coyhaique y Puerto Ays\u00e9n, donde se realiz\u00f3 un reconocimiento a Reciclajes Martino, Greenspot y Patagonia Sin Residuos por su trabajo y compromiso en el cuidado del Medio Ambiente.<\/p>\n<p style=\"text-align: justify;\">La planta Greenspot se encuentra en funcionamiento desde el a\u00f1o 2023,\u00a0 su enfoque se centra en gestionar los residuos de una determinada \u00e1rea y a trav\u00e9s de la innovaci\u00f3n local, el emprendimiento local y la generaci\u00f3n de empleo local, transform\u00e1ndolos en productos que beneficien a la zona y fomenten su desarrollo. Durante la visita a la planta se cont\u00f3 adem\u00e1s con la participaci\u00f3n de estudiantes del CFT Ays\u00e9n, quienes conocieron el trabajo y distintas experiencias de sus trabajadores.<\/p>\n<p style=\"text-align: justify;\">La planta de Reciclajes Martino, ubicada en Puerto Ays\u00e9n, destaca por su trabajo educativo en vinculaci\u00f3n con la Red Reinventa Ays\u00e9n, con quienes realizan la gesti\u00f3n de residuos de los establecimientos educacionales de la ciudad a trav\u00e9s del tren ecol\u00f3gico.<\/p>\n<p style=\"text-align: justify;\">Patagonia Sin Residuos, ex Fecunda Patagonia contin\u00faa en la gesti\u00f3n de residuos regionales, campa\u00f1as de recolecci\u00f3n de bater\u00edas y actividades educativas para incentivar el reciclaje \u201cMuy agradecido y muy emocionado porque son a\u00f1os de esfuerzo y de trabajo que se hace con mucha pasi\u00f3n y cari\u00f1o la verdad. Este trabajo es para nuestros hijos y nuestras hijas,ellos son nuestro motor y la verdad es que agradecerle a los chiquillos porque sin el trabajo en equipo esto no funciona.\u201d, agradeci\u00f3 el gestor Feisal Ahuile.<\/p>\n<p style=\"text-align: justify;\">El ministerio del Medio Ambiente aborda la econom\u00eda circular mediante la Ley REP \u00a0de Responsabilidad Extendida al Productor en proceso de implementaci\u00f3n, la Ley Pl\u00e1sticos de un solo Uso (PUSU) cuya entrada en total vigencia este 13 de agosto,\u00a0 la ENRO Estrategia Nacional de Residuos Org\u00e1nicos, y la Ley de reciclaje de residuos org\u00e1nicos, en tramitaci\u00f3n en el Congreso; y en nuestra regi\u00f3n a trav\u00e9s de la SEREC Secretaria Ejecutiva de Residuos y Econom\u00eda Circular, mesa de trabajo liderada por el Gobierno Regional, que busca generar alianzas p\u00fablico privadas en relaci\u00f3n a la gesti\u00f3n de residuos y econom\u00eda circular a nivel regional.<\/p>\n<p style=\"text-align: justify;\">\u201cComo Gobierno Regional, la verdad es que para nosotros poder sumarnos como Secretar\u00eda Ejecutiva de Residuos y Econom\u00eda Circular y el poder sumar, sobre todo porque esta Secretar\u00eda ya exist\u00eda antes y estaba conformada solamente por organismos p\u00fablicos, y uno de los temas m\u00e1s importantes fue poder incorporar obviamente a los organismos privados que est\u00e1n trabajando en el tema de reciclaje y de econom\u00eda circular\u201d, destac\u00f3 la profesional del Gobierno Regional , Paula Cruces, indicando que esa es la forma \u00a0de avanzar.<\/p>\n<p style=\"text-align: justify;\">Finalmente el Seremi del Medio Ambiente destac\u00f3 la oportunidad de compartir con las comunidades de Coyhaique y Puerto Ays\u00e9n, \u201cde recorrer las distintas iniciativas que avanzan en econom\u00eda circular, en gesti\u00f3n de residuos, en reducci\u00f3n y tambi\u00e9n en reutilizaci\u00f3n. As\u00ed que este complemento, en el paraguas del D\u00eda del Reciclaje, nos permite pensar que el trabajo tiene que ser ideado en distintas alternativas de abordaje de los residuos y ah\u00ed tenemos una tarea y estas iniciativas nos permiten robustecer el trabajo que vamos haciendo en la Regi\u00f3n de Ays\u00e9n y en todo el pa\u00eds\u201d, concluy\u00f3 Yoal Diaz.<\/p>\n<\/div><\/section><\/div><div  style='height:50px' class='hr hr-invisible   avia-builder-el-6  el_after_av_one_full  el_before_av_social_share '><span class='hr-inner ' ><span class='hr-inner-style'><\/span><\/span><\/div><\/p>\n<div  class='av-social-sharing-box  avia-builder-el-7  el_after_av_hr  el_before_av_hr  '><div class='av-share-box'><h5 class='av-share-link-description av-no-toc '>Compartir esta noticia<\/h5><ul class='av-share-box-list noLightbox'><li class='av-share-link av-social-link-facebook' ><a target=\"_blank\" aria-label=\"Compartir en Facebook\" href='https:\/\/www.facebook.com\/sharer.php?u=https:\/\/radiorevelacionfm.cl\/?p=42353&#038;t=Con%20actividades%20educativas%20y%20reconocimiento%20a%20gestores%20ambientales%20conmemoran%20D%C3%ADa%20Mundial%20del%20Reciclaje' aria-hidden='false' data-av_icon='\ue8f3' data-av_iconfont='entypo-fontello' title='' data-avia-related-tooltip='Compartir en Facebook' rel=\"noopener\"><span class='avia_hidden_link_text'>Compartir en Facebook<\/span><\/a><\/li><li class='av-share-link av-social-link-twitter' ><a target=\"_blank\" aria-label=\"Compartir en Twitter\" href='https:\/\/twitter.com\/share?text=Con%20actividades%20educativas%20y%20reconocimiento%20a%20gestores%20ambientales%20conmemoran%20D%C3%ADa%20Mundial%20del%20Reciclaje&#038;url=https:\/\/radiorevelacionfm.cl\/?p=42353' aria-hidden='false' data-av_icon='\ue8f1' data-av_iconfont='entypo-fontello' title='' data-avia-related-tooltip='Compartir en Twitter' rel=\"noopener\"><span class='avia_hidden_link_text'>Compartir en Twitter<\/span><\/a><\/li><li class='av-share-link av-social-link-whatsapp' ><a target=\"_blank\" aria-label=\"Compartir en Whatsapp\" href='https:\/\/api.whatsapp.com\/send?text=https:\/\/radiorevelacionfm.cl\/?p=42353' aria-hidden='false' data-av_icon='\uf232' data-av_iconfont='entypo-fontello' title='' data-avia-related-tooltip='Compartir en Whatsapp' rel=\"noopener\"><span class='avia_hidden_link_text'>Compartir en Whatsapp<\/span><\/a><\/li><li class='av-share-link av-social-link-linkedin' ><a target=\"_blank\" aria-label=\"Compartir en LinkedIn\" href='https:\/\/linkedin.com\/shareArticle?mini=true&#038;title=Con%20actividades%20educativas%20y%20reconocimiento%20a%20gestores%20ambientales%20conmemoran%20D%C3%ADa%20Mundial%20del%20Reciclaje&#038;url=https:\/\/radiorevelacionfm.cl\/?p=42353' aria-hidden='false' data-av_icon='\ue8fc' data-av_iconfont='entypo-fontello' title='' data-avia-related-tooltip='Compartir en LinkedIn' rel=\"noopener\"><span class='avia_hidden_link_text'>Compartir en LinkedIn<\/span><\/a><\/li><li class='av-share-link av-social-link-mail' ><a  aria-label=\"Compartir por correo\" href='mailto:?subject=Con%20actividades%20educativas%20y%20reconocimiento%20a%20gestores%20ambientales%20conmemoran%20D%C3%ADa%20Mundial%20del%20Reciclaje&#038;body=https:\/\/radiorevelacionfm.cl\/?p=42353' aria-hidden='false' data-av_icon='\ue805' data-av_iconfont='entypo-fontello' title='' data-avia-related-tooltip='Compartir por correo'><span class='avia_hidden_link_text'>Compartir por correo<\/span><\/a><\/li><\/ul><\/div><\/div>\n<div  style='height:50px' class='hr hr-invisible   avia-builder-el-8  el_after_av_social_share  el_before_av_comments_list '><span class='hr-inner ' ><span class='hr-inner-style'><\/span><\/span><\/div>\n<div  class='av-buildercomment  av-blog-meta-html-info-disabled av-blog-meta-tag-disabled  '><\/div>\n","protected":false},"excerpt":{"rendered":"","protected":false},"author":1,"featured_media":42354,"comment_status":"open","ping_status":"open","sticky":false,"template":"","format":"standard","meta":{"footnotes":""},"categories":[39],"tags":[],"class_list":["post-42353","post","type-post","status-publish","format-standard","has-post-thumbnail","hentry","category-medio-ambiente"],"jetpack_featured_media_url":"https:\/\/radiorevelacionfm.cl\/wp-content\/uploads\/2024\/05\/img_6745-1_optimized.jpg","_links":{"self":[{"href":"https:\/\/radiorevelacionfm.cl\/index.php?rest_route=\/wp\/v2\/posts\/42353","targetHints":{"allow":["GET"]}}],"collection":[{"href":"https:\/\/radiorevelacionfm.cl\/index.php?rest_route=\/wp\/v2\/posts"}],"about":[{"href":"https:\/\/radiorevelacionfm.cl\/index.php?rest_route=\/wp\/v2\/types\/post"}],"author":[{"embeddable":true,"href":"https:\/\/radiorevelacionfm.cl\/index.php?rest_route=\/wp\/v2\/users\/1"}],"replies":[{"embeddable":true,"href":"https:\/\/radiorevelacionfm.cl\/index.php?rest_route=%2Fwp%2Fv2%2Fcomments&post=42353"}],"version-history":[{"count":1,"href":"https:\/\/radiorevelacionfm.cl\/index.php?rest_route=\/wp\/v2\/posts\/42353\/revisions"}],"predecessor-version":[{"id":42355,"href":"https:\/\/radiorevelacionfm.cl\/index.php?rest_route=\/wp\/v2\/posts\/42353\/revisions\/42355"}],"wp:featuredmedia":[{"embeddable":true,"href":"https:\/\/radiorevelacionfm.cl\/index.php?rest_route=\/wp\/v2\/media\/42354"}],"wp:attachment":[{"href":"https:\/\/radiorevelacionfm.cl\/index.php?rest_route=%2Fwp%2Fv2%2Fmedia&parent=42353"}],"wp:term":[{"taxonomy":"category","embeddable":true,"href":"https:\/\/radiorevelacionfm.cl\/index.php?rest_route=%2Fwp%2Fv2%2Fcategories&post=42353"},{"taxonomy":"post_tag","embeddable":true,"href":"https:\/\/radiorevelacionfm.cl\/index.php?rest_route=%2Fwp%2Fv2%2Ftags&post=42353"}],"curies":[{"name":"wp","href":"https:\/\/api.w.org\/{rel}","templated":true}]}}