{"id":42348,"date":"2024-05-20T16:32:23","date_gmt":"2024-05-20T19:32:23","guid":{"rendered":"https:\/\/radiorevelacionfm.cl\/?p=42348"},"modified":"2024-05-20T16:32:23","modified_gmt":"2024-05-20T19:32:23","slug":"condenan-a-6-anos-de-presidio-efectivo-a-autor-de-robo-con-intimidacion","status":"publish","type":"post","link":"https:\/\/radiorevelacionfm.cl\/?p=42348","title":{"rendered":"Condenan a 6 a\u00f1os de presidio efectivo a autor de robo con intimidaci\u00f3n"},"content":{"rendered":"<div class=\"flex_column av_one_full  flex_column_div av-zero-column-padding first  avia-builder-el-0  el_before_av_one_full  avia-builder-el-first  \" style='border-radius:0px; '><div  class='avia-image-container  av-styling-    avia-builder-el-1  avia-builder-el-no-sibling  avia-align-center '  itemprop=\"image\" itemscope=\"itemscope\" itemtype=\"https:\/\/schema.org\/ImageObject\"  ><div class='avia-image-container-inner'><div class='avia-image-overlay-wrap'><img decoding=\"async\" class='wp-image-24329 avia-img-lazy-loading-not-24329 avia_image' src=\"https:\/\/radiorevelacionfm.cl\/wp-content\/uploads\/2022\/11\/top-2-1-1.jpeg\" alt='' title='top 2 (1) (1)' height=\"600\" width=\"1297\"  itemprop=\"thumbnailUrl\" srcset=\"https:\/\/radiorevelacionfm.cl\/wp-content\/uploads\/2022\/11\/top-2-1-1.jpeg 1297w, https:\/\/radiorevelacionfm.cl\/wp-content\/uploads\/2022\/11\/top-2-1-1-300x139.jpeg 300w, https:\/\/radiorevelacionfm.cl\/wp-content\/uploads\/2022\/11\/top-2-1-1-1030x476.jpeg 1030w, https:\/\/radiorevelacionfm.cl\/wp-content\/uploads\/2022\/11\/top-2-1-1-768x355.jpeg 768w, https:\/\/radiorevelacionfm.cl\/wp-content\/uploads\/2022\/11\/top-2-1-1-705x326.jpeg 705w, https:\/\/radiorevelacionfm.cl\/wp-content\/uploads\/2022\/11\/top-2-1-1-600x278.jpeg 600w\" sizes=\"(max-width: 1297px) 100vw, 1297px\" \/><\/div><\/div><\/div><\/div><div class=\"flex_column av_one_full  flex_column_div av-zero-column-padding first  avia-builder-el-2  el_after_av_one_full  el_before_av_one_full  column-top-margin\" style='border-radius:0px; '><section class=\"av_textblock_section \"  itemscope=\"itemscope\" itemtype=\"https:\/\/schema.org\/BlogPosting\" itemprop=\"blogPost\" ><div class='avia_textblock  '   itemprop=\"text\" ><p style=\"text-align: center;\"><strong><span style=\"font-size: 18pt;\">Condenan a 6 a\u00f1os de presidio efectivo a autor de robo con intimidaci\u00f3n<\/span><\/strong><\/p>\n<div id=\"gtx-trans\" style=\"position: absolute; left: -50px; top: 4.31534px;\">\n<div class=\"gtx-trans-icon\"><\/div>\n<\/div>\n<\/div><\/section><\/div><div class=\"flex_column av_one_full  flex_column_div av-zero-column-padding first  avia-builder-el-4  el_after_av_one_full  el_before_av_hr  column-top-margin\" style='border-radius:0px; '><section class=\"av_textblock_section \"  itemscope=\"itemscope\" itemtype=\"https:\/\/schema.org\/BlogPosting\" itemprop=\"blogPost\" ><div class='avia_textblock  '   itemprop=\"text\" ><p class=\"v1MsoNormal\" style=\"text-align: justify;\">El Tribunal de Juicio Oral en lo Penal de Coyhaique conden\u00f3 a\u00a0Jorge Ismael Rodr\u00edguez Soto a la pena de cumplimiento efectivo 6 a\u00f1os de presidio y las accesorias legales de inhabilitaci\u00f3n absoluta perpetua para cargos y oficios p\u00fablicos y derechos pol\u00edticos y la inhabilitaci\u00f3n absoluta para profesiones titular mientras dure la condena, en calidad de autor del delito consumado de robo con intimidaci\u00f3n. Il\u00edcito perpetrado en octubre del a\u00f1o pasado, en la ciudad.<\/p>\n<p class=\"v1MsoNormal\" style=\"text-align: justify;\">En fallo un\u00e1nime\u00a0(causa rol 35-2024), el tribunal \u2013integrado por los magistrados\u00a0Rosal\u00eda\u00a0Mansilla Quiroz (presidenta), Patricio Z\u00fa\u00f1iga Valenzuela y M\u00f3nica Coloma Pulgar (redactora)\u2013 conden\u00f3, adem\u00e1s, a Rodr\u00edguez Soto a la pena de 61 d\u00edas de presidio\u00a0efectivo\u00a0y al pago de una multa de un tercio de UTM, como de autor del delito de hurto simple, cometido en agosto de 2023, en la comuna.<\/p>\n<p class=\"v1MsoNormal\" style=\"text-align: justify;\">Una vez que el fallo quede ejecutoriado, el tribunal dispuso que se proceda a la toma de muestras biol\u00f3gicas del sentenciado para determinar\u00a0su huella gen\u00e9tica\u00a0e incorporaci\u00f3n en el registro nacional de ADN de condenados.<\/p>\n<p class=\"v1MsoNormal\" style=\"text-align: justify;\">El tribunal dio por acreditado, que\u00a0aproximadamente a las 13:41 horas el d\u00eda 16 de octubre de 2023, Rodr\u00edguez Soto y otro sujeto no identificado, con el rostro cubierto, hicieron ingreso al establecimiento comercial de nombre \u00abCantar\u00eda\u00bb, ubicado en calle Francisco Bilbao N\u00b0 982, comuna de Coyhaique, lugar donde se encontraba una vendedora. En estas circunstancias, Rodr\u00edguez Soto se aproxim\u00f3 a la v\u00edctima, la cogi\u00f3 de los brazos y, con el objeto de intimidarla y lograr la sustracci\u00f3n de especies, le dijo textualmente: \u00abesto es un asalto, qu\u00e9date tranquila, no hagas se\u00f1ales a las c\u00e1maras y no te va a pasar nada si me entregas la plata\u00bb, \u00ab(&#8230;) causando fundado temor a la v\u00edctima, quien acat\u00f3 las \u00f3rdenes del imputado cogiendo dinero en efectivo desde la caja de recaudaci\u00f3n, correspondiente a la suma de 53.000 pesos m\u00e1s la recaudaci\u00f3n desde las 10 de la ma\u00f1ana a la hora de los hechos. Asimismo, el imputado Rodr\u00edguez Soto sustrajo 12 cajetillas de cigarros que se encontraban en el local, avaluadas en la suma total de $67.200, adem\u00e1s de un tel\u00e9fono celular de propiedad de la v\u00edctima, que se encontraba sobre un mes\u00f3n marca Motorola, modelo GS5 Plus, color gris oscuro, avaluado en la suma de $150.000. Posterior a ello y como una forma de continuar intimidando a la v\u00edctima y para favorecer su impunidad le se\u00f1al\u00f3 textualmente &#8216;llama a carabineros, que se d\u00f3nde vives&#8217;, causando fundado temor en la v\u00edctima, para luego huir del lugar en compa\u00f1\u00eda del sujeto no identificado, con las especies en su poder\u00bb.<\/p>\n<p class=\"v1MsoNormal\" style=\"text-align: justify;\">En tanto, el segundo hecho se registr\u00f3 en agosto de 2023, ocasi\u00f3n en la cual Jorge Ismael Rodr\u00edguez Soto fue contratado por la v\u00edctima, D.H.V., para realizar trabajos de construcci\u00f3n en su domicilio ubicado en calle Ogana de la ciudad de Coyhaique. \u00abEn dicho contexto, el Rodr\u00edguez Soto concurri\u00f3 hasta el lugar anteriormente se\u00f1alado, desde donde sustrajo un martillo moledor marca Makita, avaluado en la suma equivalente a 4 Unidades Tributarias Mensuales, de propiedad de la v\u00edctima y que eran utilizados para realizar los trabajos de construcci\u00f3n, retir\u00e1ndose el imputado del lugar con la especie en su poder, apropi\u00e1ndoselas sin la voluntad de su due\u00f1o\u00bb.<\/p>\n<\/div><\/section><\/div><div  style='height:50px' class='hr hr-invisible   avia-builder-el-6  el_after_av_one_full  el_before_av_social_share '><span class='hr-inner ' ><span class='hr-inner-style'><\/span><\/span><\/div><\/p>\n<div  class='av-social-sharing-box  avia-builder-el-7  el_after_av_hr  el_before_av_hr  '><div class='av-share-box'><h5 class='av-share-link-description av-no-toc '>Compartir esta noticia<\/h5><ul class='av-share-box-list noLightbox'><li class='av-share-link av-social-link-facebook' ><a target=\"_blank\" aria-label=\"Compartir en Facebook\" href='https:\/\/www.facebook.com\/sharer.php?u=https:\/\/radiorevelacionfm.cl\/?p=42348&#038;t=Condenan%20a%206%20a%C3%B1os%20de%20presidio%20efectivo%20a%20autor%20de%20robo%20con%20intimidaci%C3%B3n' aria-hidden='false' data-av_icon='\ue8f3' data-av_iconfont='entypo-fontello' title='' data-avia-related-tooltip='Compartir en Facebook' rel=\"noopener\"><span class='avia_hidden_link_text'>Compartir en Facebook<\/span><\/a><\/li><li class='av-share-link av-social-link-twitter' ><a target=\"_blank\" aria-label=\"Compartir en Twitter\" href='https:\/\/twitter.com\/share?text=Condenan%20a%206%20a%C3%B1os%20de%20presidio%20efectivo%20a%20autor%20de%20robo%20con%20intimidaci%C3%B3n&#038;url=https:\/\/radiorevelacionfm.cl\/?p=42348' aria-hidden='false' data-av_icon='\ue8f1' data-av_iconfont='entypo-fontello' title='' data-avia-related-tooltip='Compartir en Twitter' rel=\"noopener\"><span class='avia_hidden_link_text'>Compartir en Twitter<\/span><\/a><\/li><li class='av-share-link av-social-link-whatsapp' ><a target=\"_blank\" aria-label=\"Compartir en Whatsapp\" href='https:\/\/api.whatsapp.com\/send?text=https:\/\/radiorevelacionfm.cl\/?p=42348' aria-hidden='false' data-av_icon='\uf232' data-av_iconfont='entypo-fontello' title='' data-avia-related-tooltip='Compartir en Whatsapp' rel=\"noopener\"><span class='avia_hidden_link_text'>Compartir en Whatsapp<\/span><\/a><\/li><li class='av-share-link av-social-link-linkedin' ><a target=\"_blank\" aria-label=\"Compartir en LinkedIn\" href='https:\/\/linkedin.com\/shareArticle?mini=true&#038;title=Condenan%20a%206%20a%C3%B1os%20de%20presidio%20efectivo%20a%20autor%20de%20robo%20con%20intimidaci%C3%B3n&#038;url=https:\/\/radiorevelacionfm.cl\/?p=42348' aria-hidden='false' data-av_icon='\ue8fc' data-av_iconfont='entypo-fontello' title='' data-avia-related-tooltip='Compartir en LinkedIn' rel=\"noopener\"><span class='avia_hidden_link_text'>Compartir en LinkedIn<\/span><\/a><\/li><li class='av-share-link av-social-link-mail' ><a  aria-label=\"Compartir por correo\" href='mailto:?subject=Condenan%20a%206%20a%C3%B1os%20de%20presidio%20efectivo%20a%20autor%20de%20robo%20con%20intimidaci%C3%B3n&#038;body=https:\/\/radiorevelacionfm.cl\/?p=42348' aria-hidden='false' data-av_icon='\ue805' data-av_iconfont='entypo-fontello' title='' data-avia-related-tooltip='Compartir por correo'><span class='avia_hidden_link_text'>Compartir por correo<\/span><\/a><\/li><\/ul><\/div><\/div>\n<div  style='height:50px' class='hr hr-invisible   avia-builder-el-8  el_after_av_social_share  el_before_av_comments_list '><span class='hr-inner ' ><span class='hr-inner-style'><\/span><\/span><\/div>\n<div  class='av-buildercomment  av-blog-meta-html-info-disabled av-blog-meta-tag-disabled  '><\/div>\n","protected":false},"excerpt":{"rendered":"","protected":false},"author":1,"featured_media":24329,"comment_status":"open","ping_status":"open","sticky":false,"template":"","format":"standard","meta":{"footnotes":""},"categories":[55],"tags":[],"class_list":["post-42348","post","type-post","status-publish","format-standard","has-post-thumbnail","hentry","category-justicia"],"jetpack_featured_media_url":"https:\/\/radiorevelacionfm.cl\/wp-content\/uploads\/2022\/11\/top-2-1-1.jpeg","_links":{"self":[{"href":"https:\/\/radiorevelacionfm.cl\/index.php?rest_route=\/wp\/v2\/posts\/42348","targetHints":{"allow":["GET"]}}],"collection":[{"href":"https:\/\/radiorevelacionfm.cl\/index.php?rest_route=\/wp\/v2\/posts"}],"about":[{"href":"https:\/\/radiorevelacionfm.cl\/index.php?rest_route=\/wp\/v2\/types\/post"}],"author":[{"embeddable":true,"href":"https:\/\/radiorevelacionfm.cl\/index.php?rest_route=\/wp\/v2\/users\/1"}],"replies":[{"embeddable":true,"href":"https:\/\/radiorevelacionfm.cl\/index.php?rest_route=%2Fwp%2Fv2%2Fcomments&post=42348"}],"version-history":[{"count":1,"href":"https:\/\/radiorevelacionfm.cl\/index.php?rest_route=\/wp\/v2\/posts\/42348\/revisions"}],"predecessor-version":[{"id":42349,"href":"https:\/\/radiorevelacionfm.cl\/index.php?rest_route=\/wp\/v2\/posts\/42348\/revisions\/42349"}],"wp:featuredmedia":[{"embeddable":true,"href":"https:\/\/radiorevelacionfm.cl\/index.php?rest_route=\/wp\/v2\/media\/24329"}],"wp:attachment":[{"href":"https:\/\/radiorevelacionfm.cl\/index.php?rest_route=%2Fwp%2Fv2%2Fmedia&parent=42348"}],"wp:term":[{"taxonomy":"category","embeddable":true,"href":"https:\/\/radiorevelacionfm.cl\/index.php?rest_route=%2Fwp%2Fv2%2Fcategories&post=42348"},{"taxonomy":"post_tag","embeddable":true,"href":"https:\/\/radiorevelacionfm.cl\/index.php?rest_route=%2Fwp%2Fv2%2Ftags&post=42348"}],"curies":[{"name":"wp","href":"https:\/\/api.w.org\/{rel}","templated":true}]}}