{"id":42342,"date":"2024-05-20T15:53:57","date_gmt":"2024-05-20T18:53:57","guid":{"rendered":"https:\/\/radiorevelacionfm.cl\/?p=42342"},"modified":"2024-05-20T15:53:57","modified_gmt":"2024-05-20T18:53:57","slug":"aysen-celebra-el-dia-de-los-patrimonios-con-mas-de-60-actividades-en-9-comunas","status":"publish","type":"post","link":"https:\/\/radiorevelacionfm.cl\/?p=42342","title":{"rendered":"Ays\u00e9n celebra el D\u00eda de los Patrimonios con m\u00e1s de 60 actividades en 9 comunas"},"content":{"rendered":"<div class=\"flex_column av_one_full  flex_column_div av-zero-column-padding first  avia-builder-el-0  el_before_av_one_full  avia-builder-el-first  \" style='border-radius:0px; '><div  class='avia-image-container  av-styling-    avia-builder-el-1  avia-builder-el-no-sibling  avia-align-center '  itemprop=\"image\" itemscope=\"itemscope\" itemtype=\"https:\/\/schema.org\/ImageObject\"  ><div class='avia-image-container-inner'><div class='avia-image-overlay-wrap'><img decoding=\"async\" class='wp-image-42343 avia-img-lazy-loading-not-42343 avia_image' src=\"https:\/\/radiorevelacionfm.cl\/wp-content\/uploads\/2024\/05\/museo-regional-1_optimized.jpeg\" alt='' title='museo-regional-(1)_optimized' height=\"600\" width=\"900\"  itemprop=\"thumbnailUrl\" srcset=\"https:\/\/radiorevelacionfm.cl\/wp-content\/uploads\/2024\/05\/museo-regional-1_optimized.jpeg 900w, https:\/\/radiorevelacionfm.cl\/wp-content\/uploads\/2024\/05\/museo-regional-1_optimized-300x200.jpeg 300w, https:\/\/radiorevelacionfm.cl\/wp-content\/uploads\/2024\/05\/museo-regional-1_optimized-768x512.jpeg 768w, https:\/\/radiorevelacionfm.cl\/wp-content\/uploads\/2024\/05\/museo-regional-1_optimized-705x470.jpeg 705w, https:\/\/radiorevelacionfm.cl\/wp-content\/uploads\/2024\/05\/museo-regional-1_optimized-450x300.jpeg 450w, https:\/\/radiorevelacionfm.cl\/wp-content\/uploads\/2024\/05\/museo-regional-1_optimized-600x400.jpeg 600w\" sizes=\"(max-width: 900px) 100vw, 900px\" \/><\/div><\/div><\/div><\/div><div class=\"flex_column av_one_full  flex_column_div av-zero-column-padding first  avia-builder-el-2  el_after_av_one_full  el_before_av_one_full  column-top-margin\" style='border-radius:0px; '><section class=\"av_textblock_section \"  itemscope=\"itemscope\" itemtype=\"https:\/\/schema.org\/BlogPosting\" itemprop=\"blogPost\" ><div class='avia_textblock  '   itemprop=\"text\" ><p style=\"text-align: center;\"><strong><span style=\"font-size: 18pt;\">Ays\u00e9n celebra el D\u00eda de los Patrimonios con m\u00e1s de 60 actividades en 9 comunas<\/span><\/strong><\/p>\n<div id=\"gtx-trans\" style=\"position: absolute; left: -50px; top: 4.31534px;\">\n<div class=\"gtx-trans-icon\"><\/div>\n<\/div>\n<\/div><\/section><\/div><div class=\"flex_column av_one_full  flex_column_div av-zero-column-padding first  avia-builder-el-4  el_after_av_one_full  el_before_av_hr  column-top-margin\" style='border-radius:0px; '><section class=\"av_textblock_section \"  itemscope=\"itemscope\" itemtype=\"https:\/\/schema.org\/BlogPosting\" itemprop=\"blogPost\" ><div class='avia_textblock  '   itemprop=\"text\" ><p style=\"text-align: justify;\">25 A\u00f1os de Historias cumple este a\u00f1o la fiesta cultural m\u00e1s grande del pa\u00eds que re\u00fane a las familias chilenas en torno al patrimonio en un gran encuentro ciudadano, que permitir\u00e1 disfrutar de m\u00e1s de 2100 actividades en espacios patrimoniales e hist\u00f3ricos de todo Chile este s\u00e1bado 25 y domingo 26 de mayo.<\/p>\n<p style=\"text-align: justify;\">Organismos e instituciones p\u00fablicas y privadas de la Regi\u00f3n de Ays\u00e9n ya han inscrito casi 60 actividades en 9 comunas, dise\u00f1adas para toda la familia y que abarcan desde el patrimonio fotogr\u00e1fico, hasta la apertura de espacios p\u00fablicos, pasando por talleres creativos en torno a espacios hist\u00f3ricos y un especial recorrido por la Escuela Pedro Quintana Mansilla en Coyhaique, Monumento Hist\u00f3rico.<\/p>\n<p style=\"text-align: justify;\">Se trata de actividades gratuitas, virtuales o presenciales que proponen compartir, reflexionar y disfrutar las culturas y los patrimonios presentes en los diferentes territorios y comunidades.<\/p>\n<p style=\"text-align: justify;\">El seremi de Culturas Ays\u00e9n, Felipe Quiroz, extendi\u00f3 la invitaci\u00f3n a toda la regi\u00f3n: \u201cQueremos que, como cada a\u00f1o, nuestras vecinas y vecinas ocupen los edificios p\u00fablicos, llenen de vida sus espacios ciudadanos, se empapen del patrimonio presente en tantas experiencias regionales. Hay un gran inter\u00e9s por participar y eso se refleja en las 60 actividades ya inscritas en toda la regi\u00f3n, desde muestras de danza y patrimonio geol\u00f3gico, una nutrida agenda de nuestro Museo Regional de Ays\u00e9n, talleres patrimoniales en Guaitecas, un Encuentro de Payadores en O\u2019Higgins, y decenas de otras actividades. Ya pueden revisar las opciones en\u00a0<u><a id=\"m_3183590106643792887OWAad8cce80-4d21-327b-0e45-3a7d3f2f4ebe\" href=\"http:\/\/diadelospatrimonios.cl\/\" target=\"_blank\" rel=\"noopener\" data-saferedirecturl=\"https:\/\/www.google.com\/url?q=http:\/\/diadelospatrimonios.cl&amp;source=gmail&amp;ust=1716316683604000&amp;usg=AOvVaw1Jk5FxD4nPJDjuebTpb8g4\">diadelospatrimonios.cl<\/a><\/u>\u00a0y organizar sus jornadas de este fin de semana\u201d.<\/p>\n<p style=\"text-align: justify;\">La agenda regional del D\u00eda de los Patrimonios ser\u00e1 apoyada por decenas de voluntarios reclutados por el Instituto Nacional de la Juventud.<\/p>\n<p style=\"text-align: justify;\">El director (s) de Patrimonio Cultural de Ays\u00e9n, Jos\u00e9 Mansilla, dijo que \u201cpara el Servicio Nacional del Patrimonio Cultural es muy relevante poder compartir y organizar el D\u00eda de los Patrimonios. Es una fiesta ciudadana donde lo que nos importa es la participaci\u00f3n de personas y organizaciones que quisieron relevar temas patrimoniales. Invitamos no solo a quienes quieran organizar actividades que todav\u00eda tienen tiempo, sino a todos quienes quieran sumarse\u201d.<\/p>\n<p style=\"text-align: justify;\">La Corte de Apelaciones de Coyhaique abrir\u00e1 sus puertas este fin de semana para sumarse a los edificios p\u00fablicos que participan de la celebraci\u00f3n. Su presidente Luis Aedo Mora, manifest\u00f3 que \u201cse van a encontrar con este edificio que si bien no tiene gran antig\u00fcedad, es el lugar donde desempe\u00f1amos a diario nuestra tarea. La idea es difundir cu\u00e1l es el trabajo judicial, pero ya desde otra mirada, otra esfera. La gente suele venir ac\u00e1 con problem\u00e1ticas, pero ese d\u00eda es un d\u00eda de encuentro para conocer un poco m\u00e1s el cariz la nuestra labor. En paralelo, habr\u00e1 una muestra fotogr\u00e1fica relativa al poblamiento de nuestra regi\u00f3n, los primeros colonos, como tambi\u00e9n alg\u00fan material bibliogr\u00e1fico respecto de las actividades de la corte, su historia\u201d.<\/p>\n<p style=\"text-align: justify;\">El Museo Regional de Ays\u00e9n ha preparado m\u00faltiples actividades y cobijar\u00e1 algunas externas, al igual que a\u00f1os anteriores. En el Museo de Sitio podr\u00e1n encontrar las muestras de siempre, pero adem\u00e1s, habr\u00e1 talleres y juegos patrimoniales. Tambi\u00e9n podr\u00e1n conocer las nuevas piezas paleontol\u00f3gicas que alberga el principal museo de la regi\u00f3n y que corresponden al chilesaurus diegosuarezi y a un nuevo hu\u00e9sped de otra especie. El equipo muse\u00edstico tiene una gran sorpresa: Secretos del subterr\u00e1neo, actividad en la que las familias podr\u00e1n recorrer lo profundo del museo e investigar su herbario entre otras actividades.<\/p>\n<p style=\"text-align: justify;\">En\u00a0<u><a id=\"m_3183590106643792887OWA68c689fd-2390-c6ad-918e-cb00fd164151\" href=\"http:\/\/diadelospatrimonios.cl\/\" target=\"_blank\" rel=\"noopener\" data-saferedirecturl=\"https:\/\/www.google.com\/url?q=http:\/\/diadelospatrimonios.cl&amp;source=gmail&amp;ust=1716316683604000&amp;usg=AOvVaw1Jk5FxD4nPJDjuebTpb8g4\">diadelospatrimonios.cl<\/a><\/u>\u00a0todav\u00eda puedes inscribir actividades desde una instituci\u00f3n p\u00fablica o privada hasta el 22 de mayo o comenzar a armar tu propio panorama en las comunas de Guaitecas, Cisnes, Coyhaique, Ays\u00e9n, R\u00edo Ib\u00e1\u00f1ez, Chile Chico, Cochrane, O&#8217;Higgins y Tortel.<\/p>\n<\/div><\/section><\/div><div  style='height:50px' class='hr hr-invisible   avia-builder-el-6  el_after_av_one_full  el_before_av_social_share '><span class='hr-inner ' ><span class='hr-inner-style'><\/span><\/span><\/div><\/p>\n<div  class='av-social-sharing-box  avia-builder-el-7  el_after_av_hr  el_before_av_hr  '><div class='av-share-box'><h5 class='av-share-link-description av-no-toc '>Compartir esta noticia<\/h5><ul class='av-share-box-list noLightbox'><li class='av-share-link av-social-link-facebook' ><a target=\"_blank\" aria-label=\"Compartir en Facebook\" href='https:\/\/www.facebook.com\/sharer.php?u=https:\/\/radiorevelacionfm.cl\/?p=42342&#038;t=Ays%C3%A9n%20celebra%20el%20D%C3%ADa%20de%20los%20Patrimonios%20con%20m%C3%A1s%20de%2060%20actividades%20en%209%20comunas' aria-hidden='false' data-av_icon='\ue8f3' data-av_iconfont='entypo-fontello' title='' data-avia-related-tooltip='Compartir en Facebook' rel=\"noopener\"><span class='avia_hidden_link_text'>Compartir en Facebook<\/span><\/a><\/li><li class='av-share-link av-social-link-twitter' ><a target=\"_blank\" aria-label=\"Compartir en Twitter\" href='https:\/\/twitter.com\/share?text=Ays%C3%A9n%20celebra%20el%20D%C3%ADa%20de%20los%20Patrimonios%20con%20m%C3%A1s%20de%2060%20actividades%20en%209%20comunas&#038;url=https:\/\/radiorevelacionfm.cl\/?p=42342' aria-hidden='false' data-av_icon='\ue8f1' data-av_iconfont='entypo-fontello' title='' data-avia-related-tooltip='Compartir en Twitter' rel=\"noopener\"><span class='avia_hidden_link_text'>Compartir en Twitter<\/span><\/a><\/li><li class='av-share-link av-social-link-whatsapp' ><a target=\"_blank\" aria-label=\"Compartir en Whatsapp\" href='https:\/\/api.whatsapp.com\/send?text=https:\/\/radiorevelacionfm.cl\/?p=42342' aria-hidden='false' data-av_icon='\uf232' data-av_iconfont='entypo-fontello' title='' data-avia-related-tooltip='Compartir en Whatsapp' rel=\"noopener\"><span class='avia_hidden_link_text'>Compartir en Whatsapp<\/span><\/a><\/li><li class='av-share-link av-social-link-linkedin' ><a target=\"_blank\" aria-label=\"Compartir en LinkedIn\" href='https:\/\/linkedin.com\/shareArticle?mini=true&#038;title=Ays%C3%A9n%20celebra%20el%20D%C3%ADa%20de%20los%20Patrimonios%20con%20m%C3%A1s%20de%2060%20actividades%20en%209%20comunas&#038;url=https:\/\/radiorevelacionfm.cl\/?p=42342' aria-hidden='false' data-av_icon='\ue8fc' data-av_iconfont='entypo-fontello' title='' data-avia-related-tooltip='Compartir en LinkedIn' rel=\"noopener\"><span class='avia_hidden_link_text'>Compartir en LinkedIn<\/span><\/a><\/li><li class='av-share-link av-social-link-mail' ><a  aria-label=\"Compartir por correo\" href='mailto:?subject=Ays%C3%A9n%20celebra%20el%20D%C3%ADa%20de%20los%20Patrimonios%20con%20m%C3%A1s%20de%2060%20actividades%20en%209%20comunas&#038;body=https:\/\/radiorevelacionfm.cl\/?p=42342' aria-hidden='false' data-av_icon='\ue805' data-av_iconfont='entypo-fontello' title='' data-avia-related-tooltip='Compartir por correo'><span class='avia_hidden_link_text'>Compartir por correo<\/span><\/a><\/li><\/ul><\/div><\/div>\n<div  style='height:50px' class='hr hr-invisible   avia-builder-el-8  el_after_av_social_share  el_before_av_comments_list '><span class='hr-inner ' ><span class='hr-inner-style'><\/span><\/span><\/div>\n<div  class='av-buildercomment  av-blog-meta-html-info-disabled av-blog-meta-tag-disabled  '><\/div>\n","protected":false},"excerpt":{"rendered":"","protected":false},"author":1,"featured_media":42343,"comment_status":"open","ping_status":"open","sticky":false,"template":"","format":"standard","meta":{"footnotes":""},"categories":[52],"tags":[],"class_list":["post-42342","post","type-post","status-publish","format-standard","has-post-thumbnail","hentry","category-cultura"],"jetpack_featured_media_url":"https:\/\/radiorevelacionfm.cl\/wp-content\/uploads\/2024\/05\/museo-regional-1_optimized.jpeg","_links":{"self":[{"href":"https:\/\/radiorevelacionfm.cl\/index.php?rest_route=\/wp\/v2\/posts\/42342","targetHints":{"allow":["GET"]}}],"collection":[{"href":"https:\/\/radiorevelacionfm.cl\/index.php?rest_route=\/wp\/v2\/posts"}],"about":[{"href":"https:\/\/radiorevelacionfm.cl\/index.php?rest_route=\/wp\/v2\/types\/post"}],"author":[{"embeddable":true,"href":"https:\/\/radiorevelacionfm.cl\/index.php?rest_route=\/wp\/v2\/users\/1"}],"replies":[{"embeddable":true,"href":"https:\/\/radiorevelacionfm.cl\/index.php?rest_route=%2Fwp%2Fv2%2Fcomments&post=42342"}],"version-history":[{"count":1,"href":"https:\/\/radiorevelacionfm.cl\/index.php?rest_route=\/wp\/v2\/posts\/42342\/revisions"}],"predecessor-version":[{"id":42344,"href":"https:\/\/radiorevelacionfm.cl\/index.php?rest_route=\/wp\/v2\/posts\/42342\/revisions\/42344"}],"wp:featuredmedia":[{"embeddable":true,"href":"https:\/\/radiorevelacionfm.cl\/index.php?rest_route=\/wp\/v2\/media\/42343"}],"wp:attachment":[{"href":"https:\/\/radiorevelacionfm.cl\/index.php?rest_route=%2Fwp%2Fv2%2Fmedia&parent=42342"}],"wp:term":[{"taxonomy":"category","embeddable":true,"href":"https:\/\/radiorevelacionfm.cl\/index.php?rest_route=%2Fwp%2Fv2%2Fcategories&post=42342"},{"taxonomy":"post_tag","embeddable":true,"href":"https:\/\/radiorevelacionfm.cl\/index.php?rest_route=%2Fwp%2Fv2%2Ftags&post=42342"}],"curies":[{"name":"wp","href":"https:\/\/api.w.org\/{rel}","templated":true}]}}