{"id":42337,"date":"2024-05-20T11:10:29","date_gmt":"2024-05-20T14:10:29","guid":{"rendered":"https:\/\/radiorevelacionfm.cl\/?p=42337"},"modified":"2024-05-20T11:10:29","modified_gmt":"2024-05-20T14:10:29","slug":"con-apoyo-de-carabineros-salud-refuerza-proceso-de-vacunacion-en-el-litoral-aysenino","status":"publish","type":"post","link":"https:\/\/radiorevelacionfm.cl\/?p=42337","title":{"rendered":"Con apoyo de carabineros Salud refuerza proceso de vacunaci\u00f3n en el litoral aysenino"},"content":{"rendered":"<div class=\"flex_column av_one_full  flex_column_div av-zero-column-padding first  avia-builder-el-0  el_before_av_one_full  avia-builder-el-first  \" style='border-radius:0px; '><div  class='avia-image-container  av-styling-    avia-builder-el-1  avia-builder-el-no-sibling  avia-align-center '  itemprop=\"image\" itemscope=\"itemscope\" itemtype=\"https:\/\/schema.org\/ImageObject\"  ><div class='avia-image-container-inner'><div class='avia-image-overlay-wrap'><img decoding=\"async\" class='wp-image-42338 avia-img-lazy-loading-not-42338 avia_image' src=\"https:\/\/radiorevelacionfm.cl\/wp-content\/uploads\/2024\/05\/TRASLADO-AEREO-1-1.jpeg\" alt='' title='TRASLADO A\u00c9REO (1) (1)' height=\"600\" width=\"800\"  itemprop=\"thumbnailUrl\" srcset=\"https:\/\/radiorevelacionfm.cl\/wp-content\/uploads\/2024\/05\/TRASLADO-AEREO-1-1.jpeg 800w, https:\/\/radiorevelacionfm.cl\/wp-content\/uploads\/2024\/05\/TRASLADO-AEREO-1-1-300x225.jpeg 300w, https:\/\/radiorevelacionfm.cl\/wp-content\/uploads\/2024\/05\/TRASLADO-AEREO-1-1-768x576.jpeg 768w, https:\/\/radiorevelacionfm.cl\/wp-content\/uploads\/2024\/05\/TRASLADO-AEREO-1-1-705x529.jpeg 705w, https:\/\/radiorevelacionfm.cl\/wp-content\/uploads\/2024\/05\/TRASLADO-AEREO-1-1-450x338.jpeg 450w, https:\/\/radiorevelacionfm.cl\/wp-content\/uploads\/2024\/05\/TRASLADO-AEREO-1-1-600x450.jpeg 600w\" sizes=\"(max-width: 800px) 100vw, 800px\" \/><\/div><\/div><\/div><\/div><div class=\"flex_column av_one_full  flex_column_div av-zero-column-padding first  avia-builder-el-2  el_after_av_one_full  el_before_av_one_full  column-top-margin\" style='border-radius:0px; '><section class=\"av_textblock_section \"  itemscope=\"itemscope\" itemtype=\"https:\/\/schema.org\/BlogPosting\" itemprop=\"blogPost\" ><div class='avia_textblock  '   itemprop=\"text\" ><p style=\"text-align: center;\"><strong><span style=\"font-size: 18pt;\">Con apoyo de carabineros Salud refuerza proceso de vacunaci\u00f3n en el litoral aysenino<\/span><\/strong><\/p>\n<div id=\"gtx-trans\" style=\"position: absolute; left: -50px; top: 4.31534px;\">\n<div class=\"gtx-trans-icon\"><\/div>\n<\/div>\n<\/div><\/section><\/div><div class=\"flex_column av_one_full  flex_column_div av-zero-column-padding first  avia-builder-el-4  el_after_av_one_full  el_before_av_hr  column-top-margin\" style='border-radius:0px; '><section class=\"av_textblock_section \"  itemscope=\"itemscope\" itemtype=\"https:\/\/schema.org\/BlogPosting\" itemprop=\"blogPost\" ><div class='avia_textblock  '   itemprop=\"text\" ><p style=\"text-align: justify;\"><em>A trav\u00e9s de la Secci\u00f3n Aeropolicial de la XI Zona de Carabineros, personal de salud, junto al voluntariado del Colegio de Enfermeras que apoya la Campa\u00f1a de Invierno del Ministerio de Salud, lograron inmunizar contra el COVID-19 e Influenza a pobladores de sectores aislados.<\/em><\/p>\n<p style=\"text-align: justify;\">Hasta la zona de Melinka, ubicada en el litoral aisenino, se traslad\u00f3 un equipo de vacunaci\u00f3n conformado por profesionales de la red asistencial y voluntariado del Colegio de Enfermeras Ays\u00e9n, quienes han estado colaborando en su tiempo libre con la campa\u00f1a de vacunaci\u00f3n que impulsa el Ministerio de Salud a lo largo del pa\u00eds.<\/p>\n<p style=\"text-align: justify;\">En este contexto, la Seremi de Salud Ays\u00e9n, Carmen Monsalve G\u00f3mez, valor\u00f3 el trabajo intersectorial en resguardo de la salud de las comunidades m\u00e1s aisladas. \u201cSeguimos reforzando la campa\u00f1a de vacunaci\u00f3n con el voluntariado de Colegio de Enfermeras, donde gracias a la colaboraci\u00f3n permanente de una instituci\u00f3n como Carabineros, que ha estado siempre cercana al sector de salud, se logr\u00f3 el traslado de vacunas y personal para seguir protegiendo a nuestras comunidades m\u00e1s vulnerables, a quienes est\u00e1n m\u00e1s apartados, particularmente contra la Influenza que es una enfermedad que est\u00e1 causando muchas complicaciones a las personas mayores y aquellas que no est\u00e1n protegidas\u201d.<\/p>\n<p style=\"text-align: justify;\">Gracias a la colaboraci\u00f3n del Colegio de Enfermeras Ays\u00e9n, quienes se han integrado al proceso de vacunaci\u00f3n extramuro, actualmente se han administrado cerca de 450 dosis contra el COVID19 e Influenza en la poblaci\u00f3n objetivo.<\/p>\n<p style=\"text-align: justify;\">Vocaci\u00f3n de trabajo en favor de la comunidad que fue reafirmado por la Pdta. Colegio de Enfermeras Ays\u00e9n, Ivonne Gaete.\u00a0 \u201cPara nosotros como colegio, es un agrado tener esta alianza con la Seremi de Salud para as\u00ed poder apoyar a todos nuestros usuarios a trav\u00e9s de este voluntariado, y reforzar las tasas de vacunaci\u00f3n a\u00fan est\u00e1n bajas. Estamos felices de apoyar, en nuestro tiempo libre, para que nuestra comunidad este inmunizada\u201d.<\/p>\n<p style=\"text-align: justify;\">Finalmente, el Subprefecto de los Servicios de la Prefectura de Carabineros, Tte. Crl. Juan Abarca, reiter\u00f3 la disposici\u00f3n de su instituci\u00f3n de seguir colaborando con el cuidado de la poblaci\u00f3n. \u201cComo Carabineros de Chile, siempre estamos llanos a ayudar a la comunidad, y en esta oportunidad nos ha tocado brindar colaboraci\u00f3n a personal de salud para que puedan brindar esta vacunaci\u00f3n especial contra la Influenza a los pobladores de Melinka, y en sectores apartados de nuestra regi\u00f3n.\u201d<\/p>\n<p style=\"text-align: justify;\">En todo este trabajo de vacunaci\u00f3n, cabe destacar igualmente la labor y log\u00edstica realizada por los CESFAM V\u00edctor Domingo Silva y Alejandro Guti\u00e9rrez, adem\u00e1s del trabajo de los funcionarios y la Direcci\u00f3n de Salud Rural a lo largo de la regi\u00f3n de Ays\u00e9n.<\/p>\n<p style=\"text-align: justify;\">De esta forma, reiteramos a la comunidad a acudir a los centros de salud p\u00fablica regional para acceder a la vacunaci\u00f3n contra la Influenza y el COVID-19, ya que esta inmunizaci\u00f3n esta disponible en toda la red asistencial.<\/p>\n<\/div><\/section><\/div><div  style='height:50px' class='hr hr-invisible   avia-builder-el-6  el_after_av_one_full  el_before_av_social_share '><span class='hr-inner ' ><span class='hr-inner-style'><\/span><\/span><\/div><\/p>\n<div  class='av-social-sharing-box  avia-builder-el-7  el_after_av_hr  el_before_av_hr  '><div class='av-share-box'><h5 class='av-share-link-description av-no-toc '>Compartir esta noticia<\/h5><ul class='av-share-box-list noLightbox'><li class='av-share-link av-social-link-facebook' ><a target=\"_blank\" aria-label=\"Compartir en Facebook\" href='https:\/\/www.facebook.com\/sharer.php?u=https:\/\/radiorevelacionfm.cl\/?p=42337&#038;t=Con%20apoyo%20de%20carabineros%20Salud%20refuerza%20proceso%20de%20vacunaci%C3%B3n%20en%20el%20litoral%20aysenino' aria-hidden='false' data-av_icon='\ue8f3' data-av_iconfont='entypo-fontello' title='' data-avia-related-tooltip='Compartir en Facebook' rel=\"noopener\"><span class='avia_hidden_link_text'>Compartir en Facebook<\/span><\/a><\/li><li class='av-share-link av-social-link-twitter' ><a target=\"_blank\" aria-label=\"Compartir en Twitter\" href='https:\/\/twitter.com\/share?text=Con%20apoyo%20de%20carabineros%20Salud%20refuerza%20proceso%20de%20vacunaci%C3%B3n%20en%20el%20litoral%20aysenino&#038;url=https:\/\/radiorevelacionfm.cl\/?p=42337' aria-hidden='false' data-av_icon='\ue8f1' data-av_iconfont='entypo-fontello' title='' data-avia-related-tooltip='Compartir en Twitter' rel=\"noopener\"><span class='avia_hidden_link_text'>Compartir en Twitter<\/span><\/a><\/li><li class='av-share-link av-social-link-whatsapp' ><a target=\"_blank\" aria-label=\"Compartir en Whatsapp\" href='https:\/\/api.whatsapp.com\/send?text=https:\/\/radiorevelacionfm.cl\/?p=42337' aria-hidden='false' data-av_icon='\uf232' data-av_iconfont='entypo-fontello' title='' data-avia-related-tooltip='Compartir en Whatsapp' rel=\"noopener\"><span class='avia_hidden_link_text'>Compartir en Whatsapp<\/span><\/a><\/li><li class='av-share-link av-social-link-linkedin' ><a target=\"_blank\" aria-label=\"Compartir en LinkedIn\" href='https:\/\/linkedin.com\/shareArticle?mini=true&#038;title=Con%20apoyo%20de%20carabineros%20Salud%20refuerza%20proceso%20de%20vacunaci%C3%B3n%20en%20el%20litoral%20aysenino&#038;url=https:\/\/radiorevelacionfm.cl\/?p=42337' aria-hidden='false' data-av_icon='\ue8fc' data-av_iconfont='entypo-fontello' title='' data-avia-related-tooltip='Compartir en LinkedIn' rel=\"noopener\"><span class='avia_hidden_link_text'>Compartir en LinkedIn<\/span><\/a><\/li><li class='av-share-link av-social-link-mail' ><a  aria-label=\"Compartir por correo\" href='mailto:?subject=Con%20apoyo%20de%20carabineros%20Salud%20refuerza%20proceso%20de%20vacunaci%C3%B3n%20en%20el%20litoral%20aysenino&#038;body=https:\/\/radiorevelacionfm.cl\/?p=42337' aria-hidden='false' data-av_icon='\ue805' data-av_iconfont='entypo-fontello' title='' data-avia-related-tooltip='Compartir por correo'><span class='avia_hidden_link_text'>Compartir por correo<\/span><\/a><\/li><\/ul><\/div><\/div>\n<div  style='height:50px' class='hr hr-invisible   avia-builder-el-8  el_after_av_social_share  el_before_av_comments_list '><span class='hr-inner ' ><span class='hr-inner-style'><\/span><\/span><\/div>\n<div  class='av-buildercomment  av-blog-meta-html-info-disabled av-blog-meta-tag-disabled  '><\/div>\n","protected":false},"excerpt":{"rendered":"","protected":false},"author":1,"featured_media":42338,"comment_status":"open","ping_status":"open","sticky":false,"template":"","format":"standard","meta":{"footnotes":""},"categories":[46],"tags":[],"class_list":["post-42337","post","type-post","status-publish","format-standard","has-post-thumbnail","hentry","category-salud"],"jetpack_featured_media_url":"https:\/\/radiorevelacionfm.cl\/wp-content\/uploads\/2024\/05\/TRASLADO-AEREO-1-1.jpeg","_links":{"self":[{"href":"https:\/\/radiorevelacionfm.cl\/index.php?rest_route=\/wp\/v2\/posts\/42337","targetHints":{"allow":["GET"]}}],"collection":[{"href":"https:\/\/radiorevelacionfm.cl\/index.php?rest_route=\/wp\/v2\/posts"}],"about":[{"href":"https:\/\/radiorevelacionfm.cl\/index.php?rest_route=\/wp\/v2\/types\/post"}],"author":[{"embeddable":true,"href":"https:\/\/radiorevelacionfm.cl\/index.php?rest_route=\/wp\/v2\/users\/1"}],"replies":[{"embeddable":true,"href":"https:\/\/radiorevelacionfm.cl\/index.php?rest_route=%2Fwp%2Fv2%2Fcomments&post=42337"}],"version-history":[{"count":1,"href":"https:\/\/radiorevelacionfm.cl\/index.php?rest_route=\/wp\/v2\/posts\/42337\/revisions"}],"predecessor-version":[{"id":42339,"href":"https:\/\/radiorevelacionfm.cl\/index.php?rest_route=\/wp\/v2\/posts\/42337\/revisions\/42339"}],"wp:featuredmedia":[{"embeddable":true,"href":"https:\/\/radiorevelacionfm.cl\/index.php?rest_route=\/wp\/v2\/media\/42338"}],"wp:attachment":[{"href":"https:\/\/radiorevelacionfm.cl\/index.php?rest_route=%2Fwp%2Fv2%2Fmedia&parent=42337"}],"wp:term":[{"taxonomy":"category","embeddable":true,"href":"https:\/\/radiorevelacionfm.cl\/index.php?rest_route=%2Fwp%2Fv2%2Fcategories&post=42337"},{"taxonomy":"post_tag","embeddable":true,"href":"https:\/\/radiorevelacionfm.cl\/index.php?rest_route=%2Fwp%2Fv2%2Ftags&post=42337"}],"curies":[{"name":"wp","href":"https:\/\/api.w.org\/{rel}","templated":true}]}}