{"id":42331,"date":"2024-05-20T00:06:42","date_gmt":"2024-05-20T03:06:42","guid":{"rendered":"https:\/\/radiorevelacionfm.cl\/?p=42331"},"modified":"2024-05-20T00:06:42","modified_gmt":"2024-05-20T03:06:42","slug":"destacan-importancia-del-programa-4-a-7-que-beneficia-a-madres-trabajadoras-y-a-sus-hijos","status":"publish","type":"post","link":"https:\/\/radiorevelacionfm.cl\/?p=42331","title":{"rendered":"Destacan importancia del programa \u201c4 a 7\u201d que beneficia a madres trabajadoras y a sus hijos"},"content":{"rendered":"<div class=\"flex_column av_one_full  flex_column_div av-zero-column-padding first  avia-builder-el-0  el_before_av_one_full  avia-builder-el-first  \" style='border-radius:0px; '><div  class='avia-image-container  av-styling-    avia-builder-el-1  avia-builder-el-no-sibling  avia-align-center '  itemprop=\"image\" itemscope=\"itemscope\" itemtype=\"https:\/\/schema.org\/ImageObject\"  ><div class='avia-image-container-inner'><div class='avia-image-overlay-wrap'><img decoding=\"async\" class='wp-image-42332 avia-img-lazy-loading-not-42332 avia_image' src=\"https:\/\/radiorevelacionfm.cl\/wp-content\/uploads\/2024\/05\/chacabuco-lanzamiento-4-a-7-3-1_optimized.jpg\" alt='' title='chacabuco-lanzamiento-4-a-7-3-(1)_optimized' height=\"600\" width=\"884\"  itemprop=\"thumbnailUrl\" srcset=\"https:\/\/radiorevelacionfm.cl\/wp-content\/uploads\/2024\/05\/chacabuco-lanzamiento-4-a-7-3-1_optimized.jpg 884w, https:\/\/radiorevelacionfm.cl\/wp-content\/uploads\/2024\/05\/chacabuco-lanzamiento-4-a-7-3-1_optimized-300x204.jpg 300w, https:\/\/radiorevelacionfm.cl\/wp-content\/uploads\/2024\/05\/chacabuco-lanzamiento-4-a-7-3-1_optimized-768x521.jpg 768w, https:\/\/radiorevelacionfm.cl\/wp-content\/uploads\/2024\/05\/chacabuco-lanzamiento-4-a-7-3-1_optimized-705x479.jpg 705w, https:\/\/radiorevelacionfm.cl\/wp-content\/uploads\/2024\/05\/chacabuco-lanzamiento-4-a-7-3-1_optimized-450x305.jpg 450w, https:\/\/radiorevelacionfm.cl\/wp-content\/uploads\/2024\/05\/chacabuco-lanzamiento-4-a-7-3-1_optimized-600x407.jpg 600w\" sizes=\"(max-width: 884px) 100vw, 884px\" \/><\/div><\/div><\/div><\/div><div class=\"flex_column av_one_full  flex_column_div av-zero-column-padding first  avia-builder-el-2  el_after_av_one_full  el_before_av_one_full  column-top-margin\" style='border-radius:0px; '><section class=\"av_textblock_section \"  itemscope=\"itemscope\" itemtype=\"https:\/\/schema.org\/BlogPosting\" itemprop=\"blogPost\" ><div class='avia_textblock  '   itemprop=\"text\" ><p style=\"text-align: center;\"><strong><span style=\"font-size: 18pt;\">Destacan importancia del programa \u201c4 a 7\u201d que beneficia a madres trabajadoras y a sus hijos<\/span><\/strong><\/p>\n<div id=\"gtx-trans\" style=\"position: absolute; left: -50px; top: 4.31534px;\">\n<div class=\"gtx-trans-icon\"><\/div>\n<\/div>\n<\/div><\/section><\/div><div class=\"flex_column av_one_full  flex_column_div av-zero-column-padding first  avia-builder-el-4  el_after_av_one_full  el_before_av_hr  column-top-margin\" style='border-radius:0px; '><section class=\"av_textblock_section \"  itemscope=\"itemscope\" itemtype=\"https:\/\/schema.org\/BlogPosting\" itemprop=\"blogPost\" ><div class='avia_textblock  '   itemprop=\"text\" ><p style=\"text-align: justify;\"><em>En la comuna de Ays\u00e9n, esta iniciativa que se ejecuta gracias al convenio vigente entre Sernameg y la Municipalidad, esta vez, tuvo su hito de lanzamiento en Puerto Chacabuco.<\/em><\/p>\n<p style=\"text-align: justify;\">Un positivo balance ha tenido el programa \u201c4 a 7\u201d, que impulsa el Servicio Nacional de la Mujer y Equidad de G\u00e9nero, SERNAMEG, y que en la comuna de Ays\u00e9n se ejecuta gracias al convenio establecido con la Municipalidad.<\/p>\n<p style=\"text-align: justify;\">Este a\u00f1o, el hito de lanzamiento se llev\u00f3 a cabo en Puerto Chacabuco, donde fueron las propias beneficiarias quienes dieron cuenta del positivo desarrollo de esta iniciativa en la localidad. As\u00ed lo dio a conocer una de ellas, Sandra Offman.<\/p>\n<p style=\"text-align: justify;\">\u201cEste programa ha sido muy importante para m\u00ed como mam\u00e1, como trabajadora tambi\u00e9n y para todas esas mamitas que no cuentan con redes con quien dejar a sus hijos. Este ha sido un apoyo fundamental para todas las mamitas de Puerto Chacabuco, de esta localidad. Lo ideal es que siga este programa, que no se pierda, porque en realidad es muy necesario para todas nosotras, por el lazo que ellas crean, el v\u00ednculo que ellas crean, la confianza que a nosotras nos entregan, la tranquilidad para nosotras como mam\u00e1 es fundamental\u201d.<\/p>\n<p style=\"text-align: justify;\">En tanto, Patricia Baeza, directora regional SernamEG, explic\u00f3 los principales alcances del programa \u201c4 a 7\u201d, \u201ceste es un programa que brinda atenci\u00f3n integral a ni\u00f1os y ni\u00f1as de entre 6 y 13 a\u00f1os, es un programa que se ha venido implementando hace bastantes a\u00f1os aqu\u00ed en la comuna y de manera exitosa, tenemos una demanda por los cupos bastante alta. Al brindar atenci\u00f3n integral a los ni\u00f1os, permite que sus madres, ya sean, t\u00edas, abuelas, alg\u00fan familiar o adulto responsable, en este caso mujer, pueda incorporarse y desarrollarse en el \u00e1mbito laboral de manera mucho m\u00e1s tranquila, al tener cubierta la labor de cuidado\u201d.<\/p>\n<p style=\"text-align: justify;\">En la ceremonia de lanzamiento del programa \u201c4 a 7\u201d, estuvo en representaci\u00f3n del alcalde Julio Uribe, la directora de Dideco, Nadia Bravo, quien enfatiz\u00f3 en lo beneficioso de la iniciativa.<\/p>\n<p style=\"text-align: justify;\">\u201cEn este momento el programa 4 a 7 est\u00e1 cubriendo bastante espacio en la comuna, porque son madres y ni\u00f1os los beneficiados, mientras las mam\u00e1s est\u00e1n buscando un recurso para el hogar. En el periodo en que ellas trabajan, los ni\u00f1os est\u00e1n protegidos dentro de los colegios, haciendo actividades con monitoras y adem\u00e1s brindando alimentaci\u00f3n para ellos. Por lo tanto, es muy importante poder otorgarles un espacio seguro, para que los ni\u00f1os mientras sus mam\u00e1s trabajan, se sientan acompa\u00f1ados y en un lugar c\u00e1lido\u201d.<\/p>\n<p style=\"text-align: justify;\">Hasta el momento el balance del trabajo desarrollado por el programa \u201c4 a 7\u201d en la comuna de Ays\u00e9n ha sido muy positivo y de gran ayuda para las madres trabajadoras y sus hijos.<\/p>\n<\/div><\/section><\/div><div  style='height:50px' class='hr hr-invisible   avia-builder-el-6  el_after_av_one_full  el_before_av_social_share '><span class='hr-inner ' ><span class='hr-inner-style'><\/span><\/span><\/div><\/p>\n<div  class='av-social-sharing-box  avia-builder-el-7  el_after_av_hr  el_before_av_hr  '><div class='av-share-box'><h5 class='av-share-link-description av-no-toc '>Compartir esta noticia<\/h5><ul class='av-share-box-list noLightbox'><li class='av-share-link av-social-link-facebook' ><a target=\"_blank\" aria-label=\"Compartir en Facebook\" href='https:\/\/www.facebook.com\/sharer.php?u=https:\/\/radiorevelacionfm.cl\/?p=42331&#038;t=Destacan%20importancia%20del%20programa%20%E2%80%9C4%20a%207%E2%80%9D%20que%20beneficia%20a%20madres%20trabajadoras%20y%20a%20sus%20hijos' aria-hidden='false' data-av_icon='\ue8f3' data-av_iconfont='entypo-fontello' title='' data-avia-related-tooltip='Compartir en Facebook' rel=\"noopener\"><span class='avia_hidden_link_text'>Compartir en Facebook<\/span><\/a><\/li><li class='av-share-link av-social-link-twitter' ><a target=\"_blank\" aria-label=\"Compartir en Twitter\" href='https:\/\/twitter.com\/share?text=Destacan%20importancia%20del%20programa%20%E2%80%9C4%20a%207%E2%80%9D%20que%20beneficia%20a%20madres%20trabajadoras%20y%20a%20sus%20hijos&#038;url=https:\/\/radiorevelacionfm.cl\/?p=42331' aria-hidden='false' data-av_icon='\ue8f1' data-av_iconfont='entypo-fontello' title='' data-avia-related-tooltip='Compartir en Twitter' rel=\"noopener\"><span class='avia_hidden_link_text'>Compartir en Twitter<\/span><\/a><\/li><li class='av-share-link av-social-link-whatsapp' ><a target=\"_blank\" aria-label=\"Compartir en Whatsapp\" href='https:\/\/api.whatsapp.com\/send?text=https:\/\/radiorevelacionfm.cl\/?p=42331' aria-hidden='false' data-av_icon='\uf232' data-av_iconfont='entypo-fontello' title='' data-avia-related-tooltip='Compartir en Whatsapp' rel=\"noopener\"><span class='avia_hidden_link_text'>Compartir en Whatsapp<\/span><\/a><\/li><li class='av-share-link av-social-link-linkedin' ><a target=\"_blank\" aria-label=\"Compartir en LinkedIn\" href='https:\/\/linkedin.com\/shareArticle?mini=true&#038;title=Destacan%20importancia%20del%20programa%20%E2%80%9C4%20a%207%E2%80%9D%20que%20beneficia%20a%20madres%20trabajadoras%20y%20a%20sus%20hijos&#038;url=https:\/\/radiorevelacionfm.cl\/?p=42331' aria-hidden='false' data-av_icon='\ue8fc' data-av_iconfont='entypo-fontello' title='' data-avia-related-tooltip='Compartir en LinkedIn' rel=\"noopener\"><span class='avia_hidden_link_text'>Compartir en LinkedIn<\/span><\/a><\/li><li class='av-share-link av-social-link-mail' ><a  aria-label=\"Compartir por correo\" href='mailto:?subject=Destacan%20importancia%20del%20programa%20%E2%80%9C4%20a%207%E2%80%9D%20que%20beneficia%20a%20madres%20trabajadoras%20y%20a%20sus%20hijos&#038;body=https:\/\/radiorevelacionfm.cl\/?p=42331' aria-hidden='false' data-av_icon='\ue805' data-av_iconfont='entypo-fontello' title='' data-avia-related-tooltip='Compartir por correo'><span class='avia_hidden_link_text'>Compartir por correo<\/span><\/a><\/li><\/ul><\/div><\/div>\n<div  style='height:50px' class='hr hr-invisible   avia-builder-el-8  el_after_av_social_share  el_before_av_comments_list '><span class='hr-inner ' ><span class='hr-inner-style'><\/span><\/span><\/div>\n<div  class='av-buildercomment  av-blog-meta-html-info-disabled av-blog-meta-tag-disabled  '><\/div>\n","protected":false},"excerpt":{"rendered":"","protected":false},"author":1,"featured_media":42332,"comment_status":"open","ping_status":"open","sticky":false,"template":"","format":"standard","meta":{"footnotes":""},"categories":[38],"tags":[],"class_list":["post-42331","post","type-post","status-publish","format-standard","has-post-thumbnail","hentry","category-regional"],"jetpack_featured_media_url":"https:\/\/radiorevelacionfm.cl\/wp-content\/uploads\/2024\/05\/chacabuco-lanzamiento-4-a-7-3-1_optimized.jpg","_links":{"self":[{"href":"https:\/\/radiorevelacionfm.cl\/index.php?rest_route=\/wp\/v2\/posts\/42331","targetHints":{"allow":["GET"]}}],"collection":[{"href":"https:\/\/radiorevelacionfm.cl\/index.php?rest_route=\/wp\/v2\/posts"}],"about":[{"href":"https:\/\/radiorevelacionfm.cl\/index.php?rest_route=\/wp\/v2\/types\/post"}],"author":[{"embeddable":true,"href":"https:\/\/radiorevelacionfm.cl\/index.php?rest_route=\/wp\/v2\/users\/1"}],"replies":[{"embeddable":true,"href":"https:\/\/radiorevelacionfm.cl\/index.php?rest_route=%2Fwp%2Fv2%2Fcomments&post=42331"}],"version-history":[{"count":1,"href":"https:\/\/radiorevelacionfm.cl\/index.php?rest_route=\/wp\/v2\/posts\/42331\/revisions"}],"predecessor-version":[{"id":42333,"href":"https:\/\/radiorevelacionfm.cl\/index.php?rest_route=\/wp\/v2\/posts\/42331\/revisions\/42333"}],"wp:featuredmedia":[{"embeddable":true,"href":"https:\/\/radiorevelacionfm.cl\/index.php?rest_route=\/wp\/v2\/media\/42332"}],"wp:attachment":[{"href":"https:\/\/radiorevelacionfm.cl\/index.php?rest_route=%2Fwp%2Fv2%2Fmedia&parent=42331"}],"wp:term":[{"taxonomy":"category","embeddable":true,"href":"https:\/\/radiorevelacionfm.cl\/index.php?rest_route=%2Fwp%2Fv2%2Fcategories&post=42331"},{"taxonomy":"post_tag","embeddable":true,"href":"https:\/\/radiorevelacionfm.cl\/index.php?rest_route=%2Fwp%2Fv2%2Ftags&post=42331"}],"curies":[{"name":"wp","href":"https:\/\/api.w.org\/{rel}","templated":true}]}}