{"id":4233,"date":"2021-05-18T10:37:19","date_gmt":"2021-05-18T13:37:19","guid":{"rendered":"https:\/\/radiorevelacionfm.cl\/?p=4233"},"modified":"2021-05-18T10:37:19","modified_gmt":"2021-05-18T13:37:19","slug":"tribunal-ambiental-de-valdivia-inicia-hoy-18-de-mayo-alegatos-por-central-los-maquis","status":"publish","type":"post","link":"https:\/\/radiorevelacionfm.cl\/?p=4233","title":{"rendered":"Tribunal Ambiental de Valdivia inicia hoy 18 de mayo alegatos por central Los Maquis"},"content":{"rendered":"<div class=\"flex_column av_one_full  flex_column_div av-zero-column-padding first  avia-builder-el-0  el_before_av_one_full  avia-builder-el-first  \" style='border-radius:0px; '><div  class='avia-image-container  av-styling-    avia-builder-el-1  avia-builder-el-no-sibling  avia-align-center '  itemprop=\"image\" itemscope=\"itemscope\" itemtype=\"https:\/\/schema.org\/ImageObject\"  ><div class='avia-image-container-inner'><div class='avia-image-overlay-wrap'><img decoding=\"async\" class='wp-image-0 avia-img-lazy-loading-not-0 avia_image' src=\"https:\/\/radiorevelacionfm.cl\/wp-content\/uploads\/2021\/05\/CENTRAL-MAQUI_LIBRE-03-2-Baja-1-1.jpg\" alt='' title=''   itemprop=\"thumbnailUrl\"  \/><\/div><\/div><\/div><\/div><div class=\"flex_column av_one_full  flex_column_div av-zero-column-padding first  avia-builder-el-2  el_after_av_one_full  el_before_av_one_full  column-top-margin\" style='border-radius:0px; '><section class=\"av_textblock_section \"  itemscope=\"itemscope\" itemtype=\"https:\/\/schema.org\/BlogPosting\" itemprop=\"blogPost\" ><div class='avia_textblock  '   itemprop=\"text\" ><p style=\"text-align: center;\"><strong><span style=\"font-size: 18pt;\">Tribunal Ambiental de Valdivia inicia hoy 18 de mayo alegatos por central Los Maquis<\/span><\/strong><\/p>\n<div id=\"gtx-trans\" style=\"position: absolute; left: -50px; top: 4.31534px;\">\n<div class=\"gtx-trans-icon\"><\/div>\n<\/div>\n<\/div><\/section><\/div><div class=\"flex_column av_one_full  flex_column_div av-zero-column-padding first  avia-builder-el-4  el_after_av_one_full  el_before_av_hr  column-top-margin\" style='border-radius:0px; '><section class=\"av_textblock_section \"  itemscope=\"itemscope\" itemtype=\"https:\/\/schema.org\/BlogPosting\" itemprop=\"blogPost\" ><div class='avia_textblock  '   itemprop=\"text\" ><p style=\"text-align: justify;\"><span lang=\"ES\">Los d\u00edas 18 y 19 de mayo sesionar\u00e1 el Tribunal Ambiental de Valdivia para escuchar los fundamentos de las partes en dos recursos de reclamaci\u00f3n interpuestos por un grupo de vecinos y vecinas de Puerto Guadal por lo que consideran la construcci\u00f3n ilegal de la central hidroel\u00e9ctrica Los Maquis, de Edelays\u00e9n.<\/span><\/p>\n<p style=\"text-align: justify;\"><span lang=\"ES\">Dos son las causas que se tramitan en sede judicial: uno suscrito por 8 pobladores contra el Servicio de Evaluaci\u00f3n Ambiental (SEA) por negarse a invalidar la autorizaci\u00f3n que dio a la empresa para iniciar faenas sin someterse a evaluaci\u00f3n ambiental; la segunda en contra de la Superintendencia del Medio Ambiente por desestimar la denuncia de 51 personas sobre el actuar del SEA y Edelays\u00e9n.<\/span><\/p>\n<p style=\"text-align: justify;\"><span lang=\"ES\">El 18 de mayo ser\u00e1n los alegatos por la causa contra el Servicio de Evaluaci\u00f3n Ambiental; el 19 de mayo en contra de la Superintendencia del Medio Ambiente.<\/span><\/p>\n<p style=\"text-align: justify;\"><span lang=\"ES\">Las comunidades han sido patrocinadas ante el Tercer Tribunal Ambiental por el abogado Rodrigo Meneses Tapia, del Estudio Jur\u00eddico LAWen; mientras que los alegatos ser\u00e1n desarrollados por los abogados de ONG FIMA, Marcos Emilfork y Antonio Madrid.<\/span><\/p>\n<p style=\"text-align: justify;\"><span lang=\"ES\">La acci\u00f3n se impulsa cuestionando que la autoridad ambiental permitiera a Edelays\u00e9n construir la central hidroel\u00e9ctrica sin evaluaci\u00f3n ambiental ni participaci\u00f3n ciudadana, en circunstancias que la Ley de Bases del Medio Ambiente establece en su art\u00edculo 10 letra p) que deben ingresar al sistema toda \u00abejecuci\u00f3n de obras, programas o actividades en parques nacionales, reservas nacionales, monumentos naturales, reservas de zonas v\u00edrgenes, santuarios de la naturaleza, parques marinos, reservas marinas o en cualesquiera otras \u00e1reas colocadas bajo protecci\u00f3n oficial, en los casos en que la legislaci\u00f3n respectiva lo permita\u00bb. La central Los Maquis se emplaza dentro de la Zona de Inter\u00e9s Tur\u00edstico Chelenko (ZOIT), cuyo decreto de constituci\u00f3n y plan de acci\u00f3n alude a la protecci\u00f3n y valoraci\u00f3n \u00abde sus recursos naturales\u00bb y \u00abasegura el desarrollo sustentable de sus comunidades locales\u00bb.<\/span><\/p>\n<p style=\"text-align: justify;\">Asimismo, se acusa a Edelays\u00e9n de eludir el Sistema de Evaluaci\u00f3n de Impacto Ambiental toda vez que, primero, entreg\u00f3 a la autoridad ambiental antecedentes que difieren de las faenas que efectivamente est\u00e1 materializando y, segundo, entreg\u00f3 antecedentes del todo insuficientes para descartar la afectaci\u00f3n a un \u00e1rea puesta bajo protecci\u00f3n oficial.<\/p>\n<p style=\"text-align: justify;\"><strong><span lang=\"ES\">Corte Suprema<\/span><\/strong><\/p>\n<p style=\"text-align: justify;\"><span lang=\"ES\">El mi\u00e9rcoles 05 de mayo se inform\u00f3 que la Corte Suprema rechaz\u00f3 el recurso de protecci\u00f3n interpuesto por 4 vecinos y vecinas de Puerto Guadal en contra del proyecto.\u00a0\u00a0<\/span><\/p>\n<p style=\"text-align: justify;\">Aunque con ello ratific\u00f3 el fallo de la Corte de Apelaciones de Coyhaique, elimin\u00f3 pr\u00e1cticamente todos los fundamentos del Tribunal de Alzada para desestimar la acci\u00f3n judicial de la comunidad. S\u00f3lo se concord\u00f3 en rechazar el recurso porque intenta impugnar\u00a0 actuaciones administrativas cuya antig\u00fcedad al momento de recurrir a la justicia era ya superior a 30 d\u00edas, lo que har\u00eda formalmente improcedente la cautela urgente que proporciona el recurso de protecci\u00f3n.<\/p>\n<p style=\"text-align: justify;\">\u00abPese a que igualmente no compartimos este fallo de la Corte Suprema, no podemos sino recordar, para evaluarlo en su real contenido y relevancia, que la Corte de Apelaciones de Coyhaique consider\u00f3 -para rechazar esta acci\u00f3n- que los recurrentes no habr\u00edan podido probar la ilegalidad y arbitrariedad de la actual construcci\u00f3n del proyecto de Edelays\u00e9n. Dicha afirmaci\u00f3n, que fue discutida en el Recurso de Apelaci\u00f3n ante la Corte Suprema, fue eliminada por \u00e9sta en el fallo conocido el d\u00eda de hoy\u00bb manifest\u00f3 Erwin Sandoval, vicepresidente de la Corporaci\u00f3n Privada para el Desarrollo de Ays\u00e9n.<\/p>\n<p style=\"text-align: justify;\">\u00abPor lo tanto, pese al rechazo del recurso, ciertamente que \u00e9ste en caso alguno permitir\u00eda sostener que la construcci\u00f3n del proyecto Los Maquis se ajuste a la legalidad vigente. La Corte Suprema fue especialmente cautelosa y clara en ese aspecto, rechazando el recurso nada m\u00e1s que por consideraciones formales\u00bb indic\u00f3 el dirigente.<\/p>\n<p style=\"text-align: justify;\"><span lang=\"ES\">La supresi\u00f3n deliberada por parte del M\u00e1ximo Tribunal de los otros fundamentos en el fallo, como que el proyecto se habr\u00eda ajustado a la normativa, ser\u00e1 fundamental en los litigios que se siguen en el Tribunal Ambiental de Valdivia.<\/span><\/p>\n<\/div><\/section><\/div><div  style='height:50px' class='hr hr-invisible   avia-builder-el-6  el_after_av_one_full  el_before_av_social_share '><span class='hr-inner ' ><span class='hr-inner-style'><\/span><\/span><\/div><\/p>\n<div  class='av-social-sharing-box  avia-builder-el-7  el_after_av_hr  el_before_av_hr  '><div class='av-share-box'><h5 class='av-share-link-description av-no-toc '>Compartir esta noticia<\/h5><ul class='av-share-box-list noLightbox'><li class='av-share-link av-social-link-facebook' ><a target=\"_blank\" aria-label=\"Compartir en Facebook\" href='https:\/\/www.facebook.com\/sharer.php?u=https:\/\/radiorevelacionfm.cl\/?p=4233&#038;t=Tribunal%20Ambiental%20de%20Valdivia%20inicia%20hoy%2018%20de%20mayo%20alegatos%20por%20central%20Los%20Maquis' aria-hidden='false' data-av_icon='\ue8f3' data-av_iconfont='entypo-fontello' title='' data-avia-related-tooltip='Compartir en Facebook' rel=\"noopener\"><span class='avia_hidden_link_text'>Compartir en Facebook<\/span><\/a><\/li><li class='av-share-link av-social-link-twitter' ><a target=\"_blank\" aria-label=\"Compartir en Twitter\" href='https:\/\/twitter.com\/share?text=Tribunal%20Ambiental%20de%20Valdivia%20inicia%20hoy%2018%20de%20mayo%20alegatos%20por%20central%20Los%20Maquis&#038;url=https:\/\/radiorevelacionfm.cl\/?p=4233' aria-hidden='false' data-av_icon='\ue8f1' data-av_iconfont='entypo-fontello' title='' data-avia-related-tooltip='Compartir en Twitter' rel=\"noopener\"><span class='avia_hidden_link_text'>Compartir en Twitter<\/span><\/a><\/li><li class='av-share-link av-social-link-whatsapp' ><a target=\"_blank\" aria-label=\"Compartir en Whatsapp\" href='https:\/\/api.whatsapp.com\/send?text=https:\/\/radiorevelacionfm.cl\/?p=4233' aria-hidden='false' data-av_icon='\uf232' data-av_iconfont='entypo-fontello' title='' data-avia-related-tooltip='Compartir en Whatsapp' rel=\"noopener\"><span class='avia_hidden_link_text'>Compartir en Whatsapp<\/span><\/a><\/li><li class='av-share-link av-social-link-linkedin' ><a target=\"_blank\" aria-label=\"Compartir en LinkedIn\" href='https:\/\/linkedin.com\/shareArticle?mini=true&#038;title=Tribunal%20Ambiental%20de%20Valdivia%20inicia%20hoy%2018%20de%20mayo%20alegatos%20por%20central%20Los%20Maquis&#038;url=https:\/\/radiorevelacionfm.cl\/?p=4233' aria-hidden='false' data-av_icon='\ue8fc' data-av_iconfont='entypo-fontello' title='' data-avia-related-tooltip='Compartir en LinkedIn' rel=\"noopener\"><span class='avia_hidden_link_text'>Compartir en LinkedIn<\/span><\/a><\/li><li class='av-share-link av-social-link-mail' ><a  aria-label=\"Compartir por correo\" href='mailto:?subject=Tribunal%20Ambiental%20de%20Valdivia%20inicia%20hoy%2018%20de%20mayo%20alegatos%20por%20central%20Los%20Maquis&#038;body=https:\/\/radiorevelacionfm.cl\/?p=4233' aria-hidden='false' data-av_icon='\ue805' data-av_iconfont='entypo-fontello' title='' data-avia-related-tooltip='Compartir por correo'><span class='avia_hidden_link_text'>Compartir por correo<\/span><\/a><\/li><\/ul><\/div><\/div>\n<div  style='height:50px' class='hr hr-invisible   avia-builder-el-8  el_after_av_social_share  el_before_av_comments_list '><span class='hr-inner ' ><span class='hr-inner-style'><\/span><\/span><\/div>\n<div  class='av-buildercomment  av-blog-meta-html-info-disabled av-blog-meta-tag-disabled  '><\/div>\n","protected":false},"excerpt":{"rendered":"","protected":false},"author":1,"featured_media":0,"comment_status":"open","ping_status":"open","sticky":false,"template":"","format":"standard","meta":{"footnotes":""},"categories":[39],"tags":[],"class_list":["post-4233","post","type-post","status-publish","format-standard","hentry","category-medio-ambiente"],"jetpack_featured_media_url":"","_links":{"self":[{"href":"https:\/\/radiorevelacionfm.cl\/index.php?rest_route=\/wp\/v2\/posts\/4233","targetHints":{"allow":["GET"]}}],"collection":[{"href":"https:\/\/radiorevelacionfm.cl\/index.php?rest_route=\/wp\/v2\/posts"}],"about":[{"href":"https:\/\/radiorevelacionfm.cl\/index.php?rest_route=\/wp\/v2\/types\/post"}],"author":[{"embeddable":true,"href":"https:\/\/radiorevelacionfm.cl\/index.php?rest_route=\/wp\/v2\/users\/1"}],"replies":[{"embeddable":true,"href":"https:\/\/radiorevelacionfm.cl\/index.php?rest_route=%2Fwp%2Fv2%2Fcomments&post=4233"}],"version-history":[{"count":1,"href":"https:\/\/radiorevelacionfm.cl\/index.php?rest_route=\/wp\/v2\/posts\/4233\/revisions"}],"predecessor-version":[{"id":4235,"href":"https:\/\/radiorevelacionfm.cl\/index.php?rest_route=\/wp\/v2\/posts\/4233\/revisions\/4235"}],"wp:attachment":[{"href":"https:\/\/radiorevelacionfm.cl\/index.php?rest_route=%2Fwp%2Fv2%2Fmedia&parent=4233"}],"wp:term":[{"taxonomy":"category","embeddable":true,"href":"https:\/\/radiorevelacionfm.cl\/index.php?rest_route=%2Fwp%2Fv2%2Fcategories&post=4233"},{"taxonomy":"post_tag","embeddable":true,"href":"https:\/\/radiorevelacionfm.cl\/index.php?rest_route=%2Fwp%2Fv2%2Ftags&post=4233"}],"curies":[{"name":"wp","href":"https:\/\/api.w.org\/{rel}","templated":true}]}}