{"id":42325,"date":"2024-05-19T23:53:20","date_gmt":"2024-05-20T02:53:20","guid":{"rendered":"https:\/\/radiorevelacionfm.cl\/?p=42325"},"modified":"2024-05-19T23:55:02","modified_gmt":"2024-05-20T02:55:02","slug":"campana-sigue-la-corriente-del-agua-y-utilizala-en-regla-se-desarrollara-en-la-junta-lago-verde-y-puerto-cisnes","status":"publish","type":"post","link":"https:\/\/radiorevelacionfm.cl\/?p=42325","title":{"rendered":"Realizar\u00e1n charlas sobre Campa\u00f1a \u201cSigue la Corriente del Agua y Util\u00edzala en Regla\u00bb en La Junta, Lago Verde y Puerto Cisnes"},"content":{"rendered":"<div class=\"flex_column av_one_full  flex_column_div av-zero-column-padding first  avia-builder-el-0  el_before_av_one_full  avia-builder-el-first  \" style='border-radius:0px; '><div  class='avia-image-container  av-styling-    avia-builder-el-1  avia-builder-el-no-sibling  avia-align-center '  itemprop=\"image\" itemscope=\"itemscope\" itemtype=\"https:\/\/schema.org\/ImageObject\"  ><div class='avia-image-container-inner'><div class='avia-image-overlay-wrap'><img decoding=\"async\" class='wp-image-42327 avia-img-lazy-loading-not-42327 avia_image' src=\"https:\/\/radiorevelacionfm.cl\/wp-content\/uploads\/2024\/05\/dga-1-1-1_optimized.jpg\" alt='' title='dga-1-(1)-(1)_optimized' height=\"600\" width=\"1168\"  itemprop=\"thumbnailUrl\" srcset=\"https:\/\/radiorevelacionfm.cl\/wp-content\/uploads\/2024\/05\/dga-1-1-1_optimized.jpg 1168w, https:\/\/radiorevelacionfm.cl\/wp-content\/uploads\/2024\/05\/dga-1-1-1_optimized-300x154.jpg 300w, https:\/\/radiorevelacionfm.cl\/wp-content\/uploads\/2024\/05\/dga-1-1-1_optimized-1030x529.jpg 1030w, https:\/\/radiorevelacionfm.cl\/wp-content\/uploads\/2024\/05\/dga-1-1-1_optimized-768x395.jpg 768w, https:\/\/radiorevelacionfm.cl\/wp-content\/uploads\/2024\/05\/dga-1-1-1_optimized-705x362.jpg 705w, https:\/\/radiorevelacionfm.cl\/wp-content\/uploads\/2024\/05\/dga-1-1-1_optimized-450x231.jpg 450w, https:\/\/radiorevelacionfm.cl\/wp-content\/uploads\/2024\/05\/dga-1-1-1_optimized-600x308.jpg 600w\" sizes=\"(max-width: 1168px) 100vw, 1168px\" \/><\/div><\/div><\/div><\/div>\n<div class=\"flex_column av_one_full  flex_column_div av-zero-column-padding first  avia-builder-el-2  el_after_av_one_full  el_before_av_one_full  column-top-margin\" style='border-radius:0px; '><section class=\"av_textblock_section \"  itemscope=\"itemscope\" itemtype=\"https:\/\/schema.org\/BlogPosting\" itemprop=\"blogPost\" ><div class='avia_textblock  '   itemprop=\"text\" ><p style=\"text-align: center;\"><strong><span style=\"font-size: 18pt;\">Realizar\u00e1n charlas sobre Campa\u00f1a \u201cSigue la Corriente del Agua y Util\u00edzala en Regla\u00bb en La Junta, Lago Verde y Puerto Cisnes<\/span><\/strong><\/p>\n<div id=\"gtx-trans\" style=\"position: absolute; left: -50px; top: 4.31534px;\">\n<div class=\"gtx-trans-icon\"><\/div>\n<\/div>\n<\/div><\/section><\/div><div class=\"flex_column av_one_full  flex_column_div av-zero-column-padding first  avia-builder-el-4  el_after_av_one_full  el_before_av_hr  column-top-margin\" style='border-radius:0px; '><section class=\"av_textblock_section \"  itemscope=\"itemscope\" itemtype=\"https:\/\/schema.org\/BlogPosting\" itemprop=\"blogPost\" ><div class='avia_textblock  '   itemprop=\"text\" ><p style=\"text-align: justify;\">El Secretario Regional Ministerial de Obras P\u00fablicas, Patricio Sanhueza Ulloa inform\u00f3 que los d\u00edas 22, 23 y 24 de mayo profesionales de la Direcci\u00f3n de Aguas del MOP en la regi\u00f3n de Ays\u00e9n y de INDAP, en el marco de la campa\u00f1a \u201cSigue la Corriente del Agua y Util\u00edzala en Regla\u201d, efectuar\u00e1n charlas y atender\u00e1n requerimientos de las comunidades de La Junta, Lago Verde y Puerto Cisnes.<\/p>\n<p style=\"text-align: justify;\">La iniciativa que se impulsa desde el gobierno, mandata al Ministerio de Obras P\u00fablicas y al Ministerio de Agricultura para difundir la regularizaci\u00f3n de los derechos de aprovechamiento de aguas, y \u00a0en este sentido, las dirigencias campesinas y los representantes de las organizaciones en los Consejos Asesores Regionales y en los Consejos de \u00c1rea propiciados por INDAP, han incorporado en sus planes de trabajo estas charlas de difusi\u00f3n, para dar a conocer a los agricultores y a todas las personas usuarias de aprovechamiento de aguas, el procedimiento que deben seguir para poder regularizar sus derechos de agua, en el marco de un trabajo intersectorial y colaborativo entre ambos Servicios P\u00fablicos y la comunidad.<\/p>\n<p style=\"text-align: justify;\">De esta forma, \u201cnuestra Direcci\u00f3n de Aguas junto a INDAP contin\u00faan desarrollando en la regi\u00f3n la campa\u00f1a: \u201cSigue la Corriente del Agua y util\u00edzala en regla\u201d, que tiene como fin efectuar un acompa\u00f1amiento a las personas usuarias para incentivar la inscripci\u00f3n en el Conservador de Bienes Ra\u00edces de sus derechos de aprovechamiento de aguas y registrarlo en el Catastro P\u00fablico de Aguas de la DGA, con el objeto de que todos y todas podamos tener el agua en regla (regularizada), y podamos avanzar hacia la seguridad h\u00eddrica. Adem\u00e1s, en esta instancia tambi\u00e9n se entregar\u00e1 informaci\u00f3n acerca del monitoreo de extracciones efectivas en el caso de los titulares de derechos de aprovechamiento de aguas y se efectuar\u00e1 promoci\u00f3n a la organizaci\u00f3n de usuarios de aguas en general, por lo tanto como Ministerio de Obras P\u00fablicas estamos trabajando desde diversas \u00e1reas en el recurso h\u00eddrico y su regulaci\u00f3n, as\u00ed que hacemos una invitaci\u00f3n a la comunidad para que participe en esta instancia que realizaremos este mi\u00e9rcoles 22, a las 17:00 horas, en la Sede Comunitaria de La Junta; el jueves 23, a las 11 horas, en la Sede Comunitaria en Lago Verde y el viernes 24 de mayo, a las 10:30 horas, en la biblioteca de Puerto Cisnes\u201d, expres\u00f3 el SEREMI del MOP.<\/p>\n<p style=\"text-align: justify;\">El Director de Aguas del MOP en la regi\u00f3n de Ays\u00e9n, H\u00e9ctor Cort\u00e9s Gaete sobre la iniciativa destac\u00f3 que \u201ceste operativo que realizan nuestros funcionarios de la DGA, comprende un extenso espacio territorial de la regi\u00f3n, y permitir\u00e1 atender las dudas respecto a la tem\u00e1tica de los derechos de aprovechamiento de aguas en relaci\u00f3n a las modificaciones que ha experimentado el C\u00f3digo de Aguas. Invitamos a todas las familias que a\u00fan no han regularizado sus derechos de aprovechamiento de Aguas a ponerlos en regla y aprovechar esta instancia para acercarse a los profesionales de la DGA para realizar sus consultas, en particular a inscribir sus derechos de agua en los Conservadores de Bienes Ra\u00edces y en el Catastro P\u00fablico de Agua, en las fechas y plazos difundidos para realizar esta gesti\u00f3n y el monitoreo efectivo de extracciones\u201d.<\/p>\n<p style=\"text-align: justify;\">Por su parte, la Jefa de la Agencia de \u00c1rea La Junta, INDAP, Carolina Vel\u00e1squez Vega relev\u00f3 que \u201cINDAP a trav\u00e9s de sus funcionarios recibe a las personas usuarias, les explica el procedimiento, los acompa\u00f1a e informa respecto al tr\u00e1mite y sus alcances. Adem\u00e1s, esta charla de difusi\u00f3n permite que se puedan resolver dudas directamente con la Direcci\u00f3n de Aguas lo que tiene que ver con el catastro de los derechos p\u00fablicos de aguas, las visitas que realizan para corroborar las resoluciones, los tiempos y plazos que se han divulgado lo que para nosotros es muy importante que conozcan los usuarios para poder seguir esta cadena de pasitos que deben realizar. Para nosotros es muy importante tambi\u00e9n, que esta charla se acerque a las localidades y la invitaci\u00f3n es para que las personas tambi\u00e9n se acerquen a las charlas y que lleven sus resoluciones o hasta donde tengan su tr\u00e1mite realizado para que puedan resolver las dudas en esta instancia, y recordar tambi\u00e9n que INDAP cuenta con el instrumento \u201cBono Legal del Agua\u201d que es un apoyo econ\u00f3mico para reembolsar al usuario los gastos que significan esta regularizaci\u00f3n de los derechos de agua, y la inscripci\u00f3n en el Conservador de Bienes Ra\u00edces, entre otros\u201d.<\/p>\n<\/div><\/section><\/div><\/p>\n<div  style='height:50px' class='hr hr-invisible   avia-builder-el-6  el_after_av_one_full  el_before_av_social_share '><span class='hr-inner ' ><span class='hr-inner-style'><\/span><\/span><\/div>\n<div  class='av-social-sharing-box  avia-builder-el-7  el_after_av_hr  el_before_av_hr  '><div class='av-share-box'><h5 class='av-share-link-description av-no-toc '>Compartir esta noticia<\/h5><ul class='av-share-box-list noLightbox'><li class='av-share-link av-social-link-facebook' ><a target=\"_blank\" aria-label=\"Compartir en Facebook\" href='https:\/\/www.facebook.com\/sharer.php?u=https:\/\/radiorevelacionfm.cl\/?p=42325&#038;t=Realizar%C3%A1n%20charlas%20sobre%20Campa%C3%B1a%20%E2%80%9CSigue%20la%20Corriente%20del%20Agua%20y%20Util%C3%ADzala%20en%20Regla%C2%BB%20en%20La%20Junta%2C%20Lago%20Verde%20y%20Puerto%20Cisnes' aria-hidden='false' data-av_icon='\ue8f3' data-av_iconfont='entypo-fontello' title='' data-avia-related-tooltip='Compartir en Facebook' rel=\"noopener\"><span class='avia_hidden_link_text'>Compartir en Facebook<\/span><\/a><\/li><li class='av-share-link av-social-link-twitter' ><a target=\"_blank\" aria-label=\"Compartir en Twitter\" href='https:\/\/twitter.com\/share?text=Realizar%C3%A1n%20charlas%20sobre%20Campa%C3%B1a%20%E2%80%9CSigue%20la%20Corriente%20del%20Agua%20y%20Util%C3%ADzala%20en%20Regla%C2%BB%20en%20La%20Junta%2C%20Lago%20Verde%20y%20Puerto%20Cisnes&#038;url=https:\/\/radiorevelacionfm.cl\/?p=42325' aria-hidden='false' data-av_icon='\ue8f1' data-av_iconfont='entypo-fontello' title='' data-avia-related-tooltip='Compartir en Twitter' rel=\"noopener\"><span class='avia_hidden_link_text'>Compartir en Twitter<\/span><\/a><\/li><li class='av-share-link av-social-link-whatsapp' ><a target=\"_blank\" aria-label=\"Compartir en Whatsapp\" href='https:\/\/api.whatsapp.com\/send?text=https:\/\/radiorevelacionfm.cl\/?p=42325' aria-hidden='false' data-av_icon='\uf232' data-av_iconfont='entypo-fontello' title='' data-avia-related-tooltip='Compartir en Whatsapp' rel=\"noopener\"><span class='avia_hidden_link_text'>Compartir en Whatsapp<\/span><\/a><\/li><li class='av-share-link av-social-link-linkedin' ><a target=\"_blank\" aria-label=\"Compartir en LinkedIn\" href='https:\/\/linkedin.com\/shareArticle?mini=true&#038;title=Realizar%C3%A1n%20charlas%20sobre%20Campa%C3%B1a%20%E2%80%9CSigue%20la%20Corriente%20del%20Agua%20y%20Util%C3%ADzala%20en%20Regla%C2%BB%20en%20La%20Junta%2C%20Lago%20Verde%20y%20Puerto%20Cisnes&#038;url=https:\/\/radiorevelacionfm.cl\/?p=42325' aria-hidden='false' data-av_icon='\ue8fc' data-av_iconfont='entypo-fontello' title='' data-avia-related-tooltip='Compartir en LinkedIn' rel=\"noopener\"><span class='avia_hidden_link_text'>Compartir en LinkedIn<\/span><\/a><\/li><li class='av-share-link av-social-link-mail' ><a  aria-label=\"Compartir por correo\" href='mailto:?subject=Realizar%C3%A1n%20charlas%20sobre%20Campa%C3%B1a%20%E2%80%9CSigue%20la%20Corriente%20del%20Agua%20y%20Util%C3%ADzala%20en%20Regla%C2%BB%20en%20La%20Junta%2C%20Lago%20Verde%20y%20Puerto%20Cisnes&#038;body=https:\/\/radiorevelacionfm.cl\/?p=42325' aria-hidden='false' data-av_icon='\ue805' data-av_iconfont='entypo-fontello' title='' data-avia-related-tooltip='Compartir por correo'><span class='avia_hidden_link_text'>Compartir por correo<\/span><\/a><\/li><\/ul><\/div><\/div>\n<div  style='height:50px' class='hr hr-invisible   avia-builder-el-8  el_after_av_social_share  el_before_av_comments_list '><span class='hr-inner ' ><span class='hr-inner-style'><\/span><\/span><\/div>\n<div  class='av-buildercomment  av-blog-meta-html-info-disabled av-blog-meta-tag-disabled  '><\/div>\n","protected":false},"excerpt":{"rendered":"","protected":false},"author":1,"featured_media":42327,"comment_status":"open","ping_status":"open","sticky":false,"template":"","format":"standard","meta":{"footnotes":""},"categories":[38],"tags":[],"class_list":["post-42325","post","type-post","status-publish","format-standard","has-post-thumbnail","hentry","category-regional"],"jetpack_featured_media_url":"https:\/\/radiorevelacionfm.cl\/wp-content\/uploads\/2024\/05\/dga-1-1-1_optimized.jpg","_links":{"self":[{"href":"https:\/\/radiorevelacionfm.cl\/index.php?rest_route=\/wp\/v2\/posts\/42325","targetHints":{"allow":["GET"]}}],"collection":[{"href":"https:\/\/radiorevelacionfm.cl\/index.php?rest_route=\/wp\/v2\/posts"}],"about":[{"href":"https:\/\/radiorevelacionfm.cl\/index.php?rest_route=\/wp\/v2\/types\/post"}],"author":[{"embeddable":true,"href":"https:\/\/radiorevelacionfm.cl\/index.php?rest_route=\/wp\/v2\/users\/1"}],"replies":[{"embeddable":true,"href":"https:\/\/radiorevelacionfm.cl\/index.php?rest_route=%2Fwp%2Fv2%2Fcomments&post=42325"}],"version-history":[{"count":3,"href":"https:\/\/radiorevelacionfm.cl\/index.php?rest_route=\/wp\/v2\/posts\/42325\/revisions"}],"predecessor-version":[{"id":42330,"href":"https:\/\/radiorevelacionfm.cl\/index.php?rest_route=\/wp\/v2\/posts\/42325\/revisions\/42330"}],"wp:featuredmedia":[{"embeddable":true,"href":"https:\/\/radiorevelacionfm.cl\/index.php?rest_route=\/wp\/v2\/media\/42327"}],"wp:attachment":[{"href":"https:\/\/radiorevelacionfm.cl\/index.php?rest_route=%2Fwp%2Fv2%2Fmedia&parent=42325"}],"wp:term":[{"taxonomy":"category","embeddable":true,"href":"https:\/\/radiorevelacionfm.cl\/index.php?rest_route=%2Fwp%2Fv2%2Fcategories&post=42325"},{"taxonomy":"post_tag","embeddable":true,"href":"https:\/\/radiorevelacionfm.cl\/index.php?rest_route=%2Fwp%2Fv2%2Ftags&post=42325"}],"curies":[{"name":"wp","href":"https:\/\/api.w.org\/{rel}","templated":true}]}}