{"id":42322,"date":"2024-05-19T23:39:36","date_gmt":"2024-05-20T02:39:36","guid":{"rendered":"https:\/\/radiorevelacionfm.cl\/?p=42322"},"modified":"2024-05-19T23:39:36","modified_gmt":"2024-05-20T02:39:36","slug":"invitan-a-conversatorio-sobre-normativa-laboral-como-la-ley-40-horas-y-de-conciliacion-de-la-vida-personal-familiar-y-laboral-entre-otros","status":"publish","type":"post","link":"https:\/\/radiorevelacionfm.cl\/?p=42322","title":{"rendered":"Invitan a conversatorio sobre normativa laboral como la ley 40 horas y de conciliaci\u00f3n de la vida personal, familiar y laboral, entre otros"},"content":{"rendered":"<div class=\"flex_column av_one_full  flex_column_div av-zero-column-padding first  avia-builder-el-0  el_before_av_one_full  avia-builder-el-first  \" style='border-radius:0px; '><div  class='avia-image-container  av-styling-    avia-builder-el-1  avia-builder-el-no-sibling  avia-align-center '  itemprop=\"image\" itemscope=\"itemscope\" itemtype=\"https:\/\/schema.org\/ImageObject\"  ><div class='avia-image-container-inner'><div class='avia-image-overlay-wrap'><img decoding=\"async\" class='wp-image-42323 avia-img-lazy-loading-not-42323 avia_image' src=\"https:\/\/radiorevelacionfm.cl\/wp-content\/uploads\/2024\/05\/afiche_normativalab_ptoaysen-1_optimized-1_optimized-1.jpeg\" alt='' title='afiche_normativalab_ptoaysen-(1)_optimized-(1)_optimized (1)' height=\"1139\" width=\"809\"  itemprop=\"thumbnailUrl\" srcset=\"https:\/\/radiorevelacionfm.cl\/wp-content\/uploads\/2024\/05\/afiche_normativalab_ptoaysen-1_optimized-1_optimized-1.jpeg 809w, https:\/\/radiorevelacionfm.cl\/wp-content\/uploads\/2024\/05\/afiche_normativalab_ptoaysen-1_optimized-1_optimized-1-213x300.jpeg 213w, https:\/\/radiorevelacionfm.cl\/wp-content\/uploads\/2024\/05\/afiche_normativalab_ptoaysen-1_optimized-1_optimized-1-732x1030.jpeg 732w, https:\/\/radiorevelacionfm.cl\/wp-content\/uploads\/2024\/05\/afiche_normativalab_ptoaysen-1_optimized-1_optimized-1-768x1081.jpeg 768w, https:\/\/radiorevelacionfm.cl\/wp-content\/uploads\/2024\/05\/afiche_normativalab_ptoaysen-1_optimized-1_optimized-1-501x705.jpeg 501w, https:\/\/radiorevelacionfm.cl\/wp-content\/uploads\/2024\/05\/afiche_normativalab_ptoaysen-1_optimized-1_optimized-1-450x634.jpeg 450w, https:\/\/radiorevelacionfm.cl\/wp-content\/uploads\/2024\/05\/afiche_normativalab_ptoaysen-1_optimized-1_optimized-1-600x845.jpeg 600w\" sizes=\"(max-width: 809px) 100vw, 809px\" \/><\/div><\/div><\/div><\/div><div class=\"flex_column av_one_full  flex_column_div av-zero-column-padding first  avia-builder-el-2  el_after_av_one_full  el_before_av_one_full  column-top-margin\" style='border-radius:0px; '><section class=\"av_textblock_section \"  itemscope=\"itemscope\" itemtype=\"https:\/\/schema.org\/BlogPosting\" itemprop=\"blogPost\" ><div class='avia_textblock  '   itemprop=\"text\" ><p style=\"text-align: center;\"><strong><span style=\"font-size: 18pt;\">Invitan a conversatorio sobre normativa laboral como la ley 40 horas y de conciliaci\u00f3n de la vida personal, familiar y laboral, entre otros<\/span><\/strong><\/p>\n<div id=\"gtx-trans\" style=\"position: absolute; left: -50px; top: 4.31534px;\">\n<div class=\"gtx-trans-icon\"><\/div>\n<\/div>\n<\/div><\/section><\/div><div class=\"flex_column av_one_full  flex_column_div av-zero-column-padding first  avia-builder-el-4  el_after_av_one_full  el_before_av_hr  column-top-margin\" style='border-radius:0px; '><section class=\"av_textblock_section \"  itemscope=\"itemscope\" itemtype=\"https:\/\/schema.org\/BlogPosting\" itemprop=\"blogPost\" ><div class='avia_textblock  '   itemprop=\"text\" ><p style=\"text-align: justify;\"><em>En el contexto del Mes del Trabajador y la Trabajadora, se invita a trabajadores\/as y empleadores\/as a una instancia informativa este mi\u00e9rcoles 22 de mayo, a las 18:00 hrs. en dependencias de la C\u00e1mara de Comercio de Puerto Ays\u00e9n.<\/em><\/p>\n<p class=\"v1MsoNormal\" style=\"text-align: justify;\">Con el prop\u00f3sito de informar y aclarar dudas sobre leyes y procedimientos laborales en el contexto del Mes del Trabajador y la Trabajadora, la Delegaci\u00f3n Presidencial Provincial de Ays\u00e9n junto al Seremi de Trabajo y Previsi\u00f3n Social, Direcci\u00f3n del Trabajo, DT; Instituto de Seguridad Laboral, ISL y Defensor\u00eda laboral invitan a trabajadores\/as y empleadores\/as a informarse sobre leyes y procedimientos laborales.<\/p>\n<p class=\"v1MsoNormal\" style=\"text-align: justify;\">En este sentido, el delegado presidencial provincial de Ays\u00e9n, Jorge D\u00edaz Guzm\u00e1n, invit\u00f3 a la comunidad a participar, haciendo hincapi\u00e9 en la Ley de 40 Horas, \u00abLa ley que reduce la jornada laboral a 40 horas es una iniciativa que parti\u00f3 en abril de este a\u00f1o, esta medida genera un cambio fundamental a muchos trabajadores y trabajadoras de este pa\u00eds; especialmente de Ays\u00e9n, y como es una ley nueva merece promoci\u00f3n difusi\u00f3n y mayor conocimiento por lo cual\u00a0 estamos invitando a los trabajadores, trabajadoras y empleadores para reunirnos en un conversatorio a las 18 horas de este mi\u00e9rcoles en la C\u00e1mara de Comercio de Ays\u00e9n\u00bb, manifest\u00f3.<\/p>\n<p class=\"v1MsoNormal\" style=\"text-align: justify;\">Por su parte, el Seremi de Trabajo y Previsi\u00f3n Social, Rodrigo D\u00edaz Cordaro, detall\u00f3 sobre el objetivo de la actividad, \u00abEn estos dos a\u00f1os de Gobierno del Presidente Gabriel Boric hemos avanzado en 22 iniciativas que tienen relaci\u00f3n con nuestro Ministerio de Trabajo y Previsi\u00f3n Social, entre ellas, avances significativos para las y los trabajadores, como la Ley de 40 Horas, Ley de Conciliaci\u00f3n vida personal, familiar y laboral, la ampliaci\u00f3n de la Ley Sanna y pr\u00f3ximamente entrar\u00e1 en vigencia la Ley contra la violencia y acoso laboral, conocida como ley Karin, entre otros\u00bb.<\/p>\n<p class=\"v1MsoNormal\" style=\"text-align: justify;\">Con respecto a los temas, el Seremi D\u00edaz Cordaro mencion\u00f3, \u00abEn este Mes del Trabajador y la Trabajadora quisimos organizar una instancia de conversaci\u00f3n, donde informaremos sobre la Ley de 40 Horas, ley de conciliaci\u00f3n, ley de accidentes laborales y enfermedades profesionales, permisos de la Ley Tea, c\u00f3mo tramitar denuncias laborales y cu\u00e1l es el procedimiento jur\u00eddico posterior, entre otros relevantes temas, que son importantes que tanto las y los trabajadores como las y los empleadores conozcan. Los esperamos\u00bb.<\/p>\n<p class=\"v1MsoNormal\" style=\"text-align: justify;\">Esta actividad est\u00e1 inserta en las iniciativas comunitarias de Gobierno en Terreno de la delegaci\u00f3n y se realizar\u00e1 este mi\u00e9rcoles 22 de marzo, a las 18:00 en la C\u00e1mara de Comercio de Puerto Ays\u00e9n, ubicada en calle Caupolic\u00e1n 660.<\/p>\n<\/div><\/section><\/div><div  style='height:50px' class='hr hr-invisible   avia-builder-el-6  el_after_av_one_full  el_before_av_social_share '><span class='hr-inner ' ><span class='hr-inner-style'><\/span><\/span><\/div><\/p>\n<div  class='av-social-sharing-box  avia-builder-el-7  el_after_av_hr  el_before_av_hr  '><div class='av-share-box'><h5 class='av-share-link-description av-no-toc '>Compartir esta noticia<\/h5><ul class='av-share-box-list noLightbox'><li class='av-share-link av-social-link-facebook' ><a target=\"_blank\" aria-label=\"Compartir en Facebook\" href='https:\/\/www.facebook.com\/sharer.php?u=https:\/\/radiorevelacionfm.cl\/?p=42322&#038;t=Invitan%20a%20conversatorio%20sobre%20normativa%20laboral%20como%20la%20ley%2040%20horas%20y%20de%20conciliaci%C3%B3n%20de%20la%20vida%20personal%2C%20familiar%20y%20laboral%2C%20entre%20otros' aria-hidden='false' data-av_icon='\ue8f3' data-av_iconfont='entypo-fontello' title='' data-avia-related-tooltip='Compartir en Facebook' rel=\"noopener\"><span class='avia_hidden_link_text'>Compartir en Facebook<\/span><\/a><\/li><li class='av-share-link av-social-link-twitter' ><a target=\"_blank\" aria-label=\"Compartir en Twitter\" href='https:\/\/twitter.com\/share?text=Invitan%20a%20conversatorio%20sobre%20normativa%20laboral%20como%20la%20ley%2040%20horas%20y%20de%20conciliaci%C3%B3n%20de%20la%20vida%20personal%2C%20familiar%20y%20laboral%2C%20entre%20otros&#038;url=https:\/\/radiorevelacionfm.cl\/?p=42322' aria-hidden='false' data-av_icon='\ue8f1' data-av_iconfont='entypo-fontello' title='' data-avia-related-tooltip='Compartir en Twitter' rel=\"noopener\"><span class='avia_hidden_link_text'>Compartir en Twitter<\/span><\/a><\/li><li class='av-share-link av-social-link-whatsapp' ><a target=\"_blank\" aria-label=\"Compartir en Whatsapp\" href='https:\/\/api.whatsapp.com\/send?text=https:\/\/radiorevelacionfm.cl\/?p=42322' aria-hidden='false' data-av_icon='\uf232' data-av_iconfont='entypo-fontello' title='' data-avia-related-tooltip='Compartir en Whatsapp' rel=\"noopener\"><span class='avia_hidden_link_text'>Compartir en Whatsapp<\/span><\/a><\/li><li class='av-share-link av-social-link-linkedin' ><a target=\"_blank\" aria-label=\"Compartir en LinkedIn\" href='https:\/\/linkedin.com\/shareArticle?mini=true&#038;title=Invitan%20a%20conversatorio%20sobre%20normativa%20laboral%20como%20la%20ley%2040%20horas%20y%20de%20conciliaci%C3%B3n%20de%20la%20vida%20personal%2C%20familiar%20y%20laboral%2C%20entre%20otros&#038;url=https:\/\/radiorevelacionfm.cl\/?p=42322' aria-hidden='false' data-av_icon='\ue8fc' data-av_iconfont='entypo-fontello' title='' data-avia-related-tooltip='Compartir en LinkedIn' rel=\"noopener\"><span class='avia_hidden_link_text'>Compartir en LinkedIn<\/span><\/a><\/li><li class='av-share-link av-social-link-mail' ><a  aria-label=\"Compartir por correo\" href='mailto:?subject=Invitan%20a%20conversatorio%20sobre%20normativa%20laboral%20como%20la%20ley%2040%20horas%20y%20de%20conciliaci%C3%B3n%20de%20la%20vida%20personal%2C%20familiar%20y%20laboral%2C%20entre%20otros&#038;body=https:\/\/radiorevelacionfm.cl\/?p=42322' aria-hidden='false' data-av_icon='\ue805' data-av_iconfont='entypo-fontello' title='' data-avia-related-tooltip='Compartir por correo'><span class='avia_hidden_link_text'>Compartir por correo<\/span><\/a><\/li><\/ul><\/div><\/div>\n<div  style='height:50px' class='hr hr-invisible   avia-builder-el-8  el_after_av_social_share  el_before_av_comments_list '><span class='hr-inner ' ><span class='hr-inner-style'><\/span><\/span><\/div>\n<div  class='av-buildercomment  av-blog-meta-html-info-disabled av-blog-meta-tag-disabled  '><\/div>\n","protected":false},"excerpt":{"rendered":"","protected":false},"author":1,"featured_media":42323,"comment_status":"open","ping_status":"open","sticky":false,"template":"","format":"standard","meta":{"footnotes":""},"categories":[56],"tags":[],"class_list":["post-42322","post","type-post","status-publish","format-standard","has-post-thumbnail","hentry","category-trabajo"],"jetpack_featured_media_url":"https:\/\/radiorevelacionfm.cl\/wp-content\/uploads\/2024\/05\/afiche_normativalab_ptoaysen-1_optimized-1_optimized-1.jpeg","_links":{"self":[{"href":"https:\/\/radiorevelacionfm.cl\/index.php?rest_route=\/wp\/v2\/posts\/42322","targetHints":{"allow":["GET"]}}],"collection":[{"href":"https:\/\/radiorevelacionfm.cl\/index.php?rest_route=\/wp\/v2\/posts"}],"about":[{"href":"https:\/\/radiorevelacionfm.cl\/index.php?rest_route=\/wp\/v2\/types\/post"}],"author":[{"embeddable":true,"href":"https:\/\/radiorevelacionfm.cl\/index.php?rest_route=\/wp\/v2\/users\/1"}],"replies":[{"embeddable":true,"href":"https:\/\/radiorevelacionfm.cl\/index.php?rest_route=%2Fwp%2Fv2%2Fcomments&post=42322"}],"version-history":[{"count":1,"href":"https:\/\/radiorevelacionfm.cl\/index.php?rest_route=\/wp\/v2\/posts\/42322\/revisions"}],"predecessor-version":[{"id":42324,"href":"https:\/\/radiorevelacionfm.cl\/index.php?rest_route=\/wp\/v2\/posts\/42322\/revisions\/42324"}],"wp:featuredmedia":[{"embeddable":true,"href":"https:\/\/radiorevelacionfm.cl\/index.php?rest_route=\/wp\/v2\/media\/42323"}],"wp:attachment":[{"href":"https:\/\/radiorevelacionfm.cl\/index.php?rest_route=%2Fwp%2Fv2%2Fmedia&parent=42322"}],"wp:term":[{"taxonomy":"category","embeddable":true,"href":"https:\/\/radiorevelacionfm.cl\/index.php?rest_route=%2Fwp%2Fv2%2Fcategories&post=42322"},{"taxonomy":"post_tag","embeddable":true,"href":"https:\/\/radiorevelacionfm.cl\/index.php?rest_route=%2Fwp%2Fv2%2Ftags&post=42322"}],"curies":[{"name":"wp","href":"https:\/\/api.w.org\/{rel}","templated":true}]}}