{"id":42316,"date":"2024-05-19T23:26:30","date_gmt":"2024-05-20T02:26:30","guid":{"rendered":"https:\/\/radiorevelacionfm.cl\/?p=42316"},"modified":"2024-05-19T23:26:30","modified_gmt":"2024-05-20T02:26:30","slug":"carabineros-recibe-17-carros-para-el-servicio-policial-en-seis-comunas-de-la-region-de-aysen","status":"publish","type":"post","link":"https:\/\/radiorevelacionfm.cl\/?p=42316","title":{"rendered":"Carabineros recibe 17 carros para el servicio policial en seis comunas de la regi\u00f3n de Ays\u00e9n"},"content":{"rendered":"<div class=\"flex_column av_one_full  flex_column_div av-zero-column-padding first  avia-builder-el-0  el_before_av_one_full  avia-builder-el-first  \" style='border-radius:0px; '><div  class='avia-image-container  av-styling-    avia-builder-el-1  avia-builder-el-no-sibling  avia-align-center '  itemprop=\"image\" itemscope=\"itemscope\" itemtype=\"https:\/\/schema.org\/ImageObject\"  ><div class='avia-image-container-inner'><div class='avia-image-overlay-wrap'><img decoding=\"async\" class='wp-image-42317 avia-img-lazy-loading-not-42317 avia_image' src=\"https:\/\/radiorevelacionfm.cl\/wp-content\/uploads\/2024\/05\/520abe5f-d566-45a3-8acb-7554870da2d6-1_optimized.jpg\" alt='' title='520abe5f-d566-45a3-8acb-7554870da2d6-(1)_optimized' height=\"600\" width=\"901\"  itemprop=\"thumbnailUrl\" srcset=\"https:\/\/radiorevelacionfm.cl\/wp-content\/uploads\/2024\/05\/520abe5f-d566-45a3-8acb-7554870da2d6-1_optimized.jpg 901w, https:\/\/radiorevelacionfm.cl\/wp-content\/uploads\/2024\/05\/520abe5f-d566-45a3-8acb-7554870da2d6-1_optimized-300x200.jpg 300w, https:\/\/radiorevelacionfm.cl\/wp-content\/uploads\/2024\/05\/520abe5f-d566-45a3-8acb-7554870da2d6-1_optimized-768x511.jpg 768w, https:\/\/radiorevelacionfm.cl\/wp-content\/uploads\/2024\/05\/520abe5f-d566-45a3-8acb-7554870da2d6-1_optimized-705x469.jpg 705w, https:\/\/radiorevelacionfm.cl\/wp-content\/uploads\/2024\/05\/520abe5f-d566-45a3-8acb-7554870da2d6-1_optimized-450x300.jpg 450w, https:\/\/radiorevelacionfm.cl\/wp-content\/uploads\/2024\/05\/520abe5f-d566-45a3-8acb-7554870da2d6-1_optimized-600x400.jpg 600w\" sizes=\"(max-width: 901px) 100vw, 901px\" \/><\/div><\/div><\/div><\/div><div class=\"flex_column av_one_full  flex_column_div av-zero-column-padding first  avia-builder-el-2  el_after_av_one_full  el_before_av_one_full  column-top-margin\" style='border-radius:0px; '><section class=\"av_textblock_section \"  itemscope=\"itemscope\" itemtype=\"https:\/\/schema.org\/BlogPosting\" itemprop=\"blogPost\" ><div class='avia_textblock  '   itemprop=\"text\" ><p style=\"text-align: center;\"><span style=\"font-size: 18pt;\"><b><span lang=\"ES-CL\">Carabineros recibe 17 carros para el servicio policial en seis comunas de la regi\u00f3n de Ays\u00e9n<\/span><\/b><\/span><\/p>\n<div id=\"gtx-trans\" style=\"position: absolute; left: -50px; top: 4.31534px;\">\n<div class=\"gtx-trans-icon\"><\/div>\n<\/div>\n<\/div><\/section><\/div><div class=\"flex_column av_one_full  flex_column_div av-zero-column-padding first  avia-builder-el-4  el_after_av_one_full  el_before_av_hr  column-top-margin\" style='border-radius:0px; '><section class=\"av_textblock_section \"  itemscope=\"itemscope\" itemtype=\"https:\/\/schema.org\/BlogPosting\" itemprop=\"blogPost\" ><div class='avia_textblock  '   itemprop=\"text\" ><p class=\"v1MsoNormal\" style=\"text-align: justify;\"><span lang=\"ES-CL\">Tras cerca de siete meses de procesos licitatorios, Carabineros de la regi\u00f3n de Ays\u00e9n \u2013en la ciudad de Coyhaique- recibi\u00f3 17 veh\u00edculos para el servicio policial adquiridos con aportes del Gobierno Regional, los cuales ser\u00e1n distribuidos en seis comunas de la regi\u00f3n.<\/span><\/p>\n<p class=\"v1MsoNormal\" style=\"text-align: justify;\"><span lang=\"ES-CL\">La entrega se realiz\u00f3 en el Estadio Regional de esta ciudad y cont\u00f3 con la presencia de la Ministra del Interior y Seguridad P\u00fablica, Carolina Toh\u00e1; el Delegado Presidencial Regional de Ays\u00e9n, Rodrigo Araya Morales; la Gobernadora Regional de Ays\u00e9n, Andrea Mac\u00edas Palma y el Jefe de Zona de Carabineros Ays\u00e9n, General Patricio Santos Poblete, Parlamentarios, Ministerio P\u00fablico, Defensor\u00eda Penal P\u00fablica, alcaldes, Seremis, autoridades provinciales y comunales, jefes de servicios, representantes de juntas de vecinos e invitados especiales.<\/span><\/p>\n<p class=\"v1MsoNormal\" style=\"text-align: justify;\"><b><span lang=\"ES-CL\">M\u00e1s inversi\u00f3n es m\u00e1s seguridad<\/span><\/b><\/p>\n<p class=\"v1MsoNormal\" style=\"text-align: justify;\"><span lang=\"ES-CL\">Se trata de veh\u00edculos 4&#215;4 que tras viajar m\u00e1s de 1.800 km v\u00eda terrestre y mar\u00edtima, arribaron a la regi\u00f3n. De estos 17 veh\u00edculos, 5 est\u00e1n destinados a la comuna de Ays\u00e9n, 4 a la comuna de Cisnes, 3 para Coyhaique, 2 para Cochrane, 2 para Chile Chico y 1 para R\u00edo Ib\u00e1\u00f1ez.<\/span><\/p>\n<p class=\"v1MsoNormal\" style=\"text-align: justify;\"><span lang=\"ES-CL\">\u00abRecordemos que son parte de 35 veh\u00edculos (el 90% por reposici\u00f3n de otros m\u00f3viles) que ya llegaron y que fueron comprados gracias a la transferencia financiera de cerca de 3 mil millones de pesos del Gobierno Regional y que complementan otros 34 veh\u00edculos que fueron entregados por el Gobierno central desde el a\u00f1o 2022 hasta esta fecha. Por lo tanto, todos los cuarteles de Carabineros en la regi\u00f3n van a contar con veh\u00edculos nuevos para brindar un mejor servicio\u00bb.<\/span><\/p>\n<p class=\"v1MsoNormal\" style=\"text-align: justify;\"><span lang=\"ES-CL\">La llegada de estos nuevos carros se traduce en una disminuci\u00f3n de los tiempos de respuesta operativa y detener en flagrancia a quienes cometen delitos.<\/span><\/p>\n<p class=\"v1MsoNormal\" style=\"text-align: justify;\"><span lang=\"ES-CL\">\u00abSon veh\u00edculos de alto est\u00e1ndar con sistemas de grabaci\u00f3n que permiten cautelar el procedimiento protocolizado y que dan seguridad a las personas que son sometidas al control, de un actuar profesional\u00bb.<\/span><\/p>\n<p class=\"v1MsoNormal\" style=\"text-align: justify;\"><span lang=\"ES-CL\">Los primeros diez veh\u00edculos fueron entregados en el mes de marzo, a los cuales se suman estas 17 unidades, restando otros ocho, de los cuales seis son buggy y dos veh\u00edculos con capacidad criminal\u00edstica para la investigaci\u00f3n ex post a la ocurrencia del delito.<\/span><\/p>\n<p class=\"v1MsoNormal\" style=\"text-align: justify;\"><span lang=\"ES-CL\">\u00abPor lo tanto, estamos tremendamente felices y esperamos que estos veh\u00edculos que van a patrullar tambi\u00e9n cuiden adecuadamente a nuestros carabineros. Son veh\u00edculos blindados, se aumentan las medidas de seguridad y confort para quienes cumplen una tarea tan dif\u00edcil como la que desarrolla nuestra Instituci\u00f3n\u00bb, expres\u00f3 el General Patricio Santos.<\/span><\/p>\n<p class=\"v1MsoNormal\" style=\"text-align: justify;\"><span lang=\"ES-CL\">Tambi\u00e9n ser\u00e1n adquiridos pr\u00f3ximamente dos lanchas, 14 drones y sistemas modulares para reforzar el trabajo en la frontera.<\/span><\/p>\n<p class=\"v1MsoNormal\" style=\"text-align: justify;\"><span lang=\"ES-CL\">En materias aspiracionales, la Instituci\u00f3n busca a futuro poder contar con una Escuela de Formaci\u00f3n para formar a 150 carabineros.<\/span><\/p>\n<p class=\"v1MsoNormal\" style=\"text-align: justify;\"><span lang=\"ES-CL\">El Jefe de Zona Ays\u00e9n destac\u00f3 el principio de intersectorialidad que fija la pol\u00edtica nacional de seguridad, el cual cobra fuerza en cada jornada en la regi\u00f3n a trav\u00e9s de un trabajo en equipo junto a las diversas autoridades.<\/span><\/p>\n<p class=\"v1MsoNormal\" style=\"text-align: justify;\"><b><span lang=\"ES-CL\">Mejora continua y coordinaci\u00f3n<\/span><\/b><\/p>\n<p class=\"v1MsoNormal\" style=\"text-align: justify;\"><span lang=\"ES-CL\">Asimismo, el Oficial General indic\u00f3 que esto se suma a esfuerzos que se desarrollan en diversas materias, entre estos la capacitaci\u00f3n al personal.<\/span><\/p>\n<p class=\"v1MsoNormal\" style=\"text-align: justify;\"><span lang=\"ES-CL\">\u00abHoy tenemos cerca del 90% del recurso humano capacitado en materias de derechos humanos, de persecuci\u00f3n penal, respeto de v\u00edctimas, trato con personas de g\u00e9nero y tambi\u00e9n en materias de violencia intrafamiliar, quienes fueron certificados en una ceremonia a la cual concurri\u00f3 la Ministra del Interior y Seguridad P\u00fablica\u00bb, indic\u00f3.<\/span><\/p>\n<p class=\"v1MsoNormal\" style=\"text-align: justify;\"><span lang=\"ES-CL\">Paralelamente, este trabajo se complementa con los esfuerzos locales que desarrollan los municipios, toda vez que existen veh\u00edculos adquiridos por el Gobierno central a trav\u00e9s de la Subsecretar\u00eda de Prevenci\u00f3n del Delito para los patrullajes mixtos en el marco del convenio OS-14 con Carabineros.<\/span><\/p>\n<p class=\"v1MsoNormal\" style=\"text-align: justify;\"><span lang=\"ES-CL\">En definitiva, nos permite trabajar con ellos en incivilidades o en cuestiones que no son emergencias policiales, notificaciones, patrullajes preventivos, fiscalizaciones de tr\u00e1nsito entre otras materias.<\/span><\/p>\n<p class=\"v1MsoNormal\" style=\"text-align: justify;\"><b><span lang=\"ES-CL\">Realidad delictual<\/span><\/b><\/p>\n<p class=\"v1MsoNormal\" style=\"text-align: justify;\"><span lang=\"ES-CL\">Despu\u00e9s de Magallanes, Ays\u00e9n es la segunda regi\u00f3n m\u00e1s segura del pa\u00eds considerando la disminuci\u00f3n de los delitos de mayor connotaci\u00f3n social en los \u00faltimos 10 a 15 a\u00f1os con est\u00e1ndares de victimizaci\u00f3n que no superan el 8%<\/span><\/p>\n<p class=\"v1MsoNormal\" style=\"text-align: justify;\"><span lang=\"ES-CL\">\u00abNuestra principal funci\u00f3n se da en la seguridad y estar donde las personas nos demandan\u00bb, indic\u00f3 el General Santos.<\/span><\/p>\n<p class=\"v1MsoNormal\" style=\"text-align: justify;\"><span lang=\"ES-CL\">El principal delito que afecta a la regi\u00f3n es la violencia intrafamiliar, la cual sumado al delito de lesiones, da\u00f1os y amenazas, cuadruplican los delitos de robo.<\/span><\/p>\n<p class=\"v1MsoNormal\" style=\"text-align: justify;\"><span lang=\"ES-CL\">Los robos en la regi\u00f3n son 1,3 diarios. En los \u00faltimos diez a\u00f1os, la regi\u00f3n no supera los 500 delitos de robo. En t\u00e9rminos de tasa, menos de una persona de cada cien \u2013en el a\u00f1o- son v\u00edctimas de robo.<\/span><\/p>\n<p class=\"v1MsoNormal\" style=\"text-align: justify;\"><span lang=\"ES-CL\">\u00abLos robos que ocurren, el 17% acontece en el comercio establecido, cerca del 60% ocurre en la v\u00eda p\u00fablica y el 20% restante ocurre en los domicilios\u00bb, indic\u00f3.<\/span><\/p>\n<p class=\"v1MsoNormal\" style=\"text-align: justify;\"><span lang=\"ES-CL\">No obstante, \u00aben la regi\u00f3n todos estos delitos tienen una tremenda persecuci\u00f3n. La regi\u00f3n es la que tiene la m\u00e1s alta eficiencia en cuanto a la persecuci\u00f3n penal (&#8230;). Tenemos los m\u00e1s altos est\u00e1ndares de detenci\u00f3n por flagrancia, es decir, en cerca de un cuarto de los delitos que ocurren en la regi\u00f3n, logramos detener a las personas en flagrancia\u00bb, destac\u00f3 el Jefe de Zona Ays\u00e9n.<\/span><\/p>\n<p class=\"v1MsoNormal\" style=\"text-align: justify;\"><span lang=\"ES-CL\">El General Santos destac\u00f3 \u00abel trabajo coordinado de todas las agencias, la PDI con todas sus capacidades en la regi\u00f3n y el Ministerio P\u00fablico, somos capaces de detener a las personas y seguir procesos para que estos delitos -que son los m\u00e1s graves- no queden impunes\u00bb, destac\u00f3.<\/span><\/p>\n<p class=\"v1MsoNormal\" style=\"text-align: justify;\"><span lang=\"ES-CL\">As\u00ed tambi\u00e9n agradeci\u00f3 los esfuerzos del Gobierno regional y al Gobierno central, permitiendo orientar los intereses hacia lo que demanda la comunidad y trabajar en conjunto con funci\u00f3n de generar las condiciones de seguridad para la comunidad.<\/span><\/p>\n<p class=\"v1MsoNormal\" style=\"text-align: justify;\"><b><span lang=\"ES-CL\">Esp\u00edritu colaborativo<\/span><\/b><\/p>\n<p class=\"v1MsoNormal\" style=\"text-align: justify;\"><span lang=\"ES-CL\">Por su parte la Gobernadora Regional de Ays\u00e9n, Andrea Mac\u00edas Palma indic\u00f3 que se debe no solo actuar de manera reactiva, sino que se requiere avanzar en prevenci\u00f3n.<\/span><\/p>\n<p class=\"v1MsoNormal\" style=\"text-align: justify;\"><span lang=\"ES-CL\">Agreg\u00f3 que, dentro de un breve tiempo, Carabineros contar\u00e1 con una lancha en el lago general Carrera, para efectuar patrullajes lacustres a trav\u00e9s de un medio que no solo ve temas de seguridad, sino que tambi\u00e9n traslada medicamentos a personas de lugares remotos como El Avellano y Puerto Cristal.<\/span><\/p>\n<p class=\"v1MsoNormal\" style=\"text-align: justify;\"><span lang=\"ES-CL\">A\u00f1adi\u00f3 que la pol\u00edtica debe tener un foco territorial y, avanzar en descentralizaci\u00f3n es fundamental \u2013al igual que el fortalecimiento del trabajo colaborativo- para impulsar acciones que permitan cambiar la vida a las personas<\/span><\/p>\n<p class=\"v1MsoNormal\" style=\"text-align: justify;\"><b><span lang=\"ES-CL\">Atenci\u00f3n integral a problemas<\/span><\/b><\/p>\n<p class=\"v1MsoNormal\" style=\"text-align: justify;\"><span lang=\"ES-CL\">Para la Ministra del Interior y Seguridad P\u00fablica, Carolina Toh\u00e1, esta estrategia va a significar dejar 100% vigente toda la flota vehicular de Carabineros, la cual, al momento de asumir la actual administraci\u00f3n, ten\u00eda un 50% de obsolescencia, es decir, la mitad de los veh\u00edculos estaba fuera de su vida \u00fatil\u00bb, indic\u00f3.<\/span><\/p>\n<p class=\"v1MsoNormal\" style=\"text-align: justify;\"><span lang=\"ES-CL\">Paralelamente se\u00f1al\u00f3 que \u00abal momento de asumir el Gobierno, el 65% de los municipios del pa\u00eds ten\u00eda veh\u00edculos de seguridad, hoy esa cifra alcanza al 98%\u00bb, en tanto que, en t\u00e9rminos de patrullajes mixtos, hay convenios con 9 de los 10 municipios, permitiendo brindar una atenci\u00f3n m\u00e1s integral de los problemas.<\/span><\/p>\n<p class=\"v1MsoNormal\" style=\"text-align: justify;\"><span lang=\"ES-CL\">\u00abHay muchos delitos que no son m\u00e1s masivos que antes, pero son m\u00e1s violentos y cuando son m\u00e1s violentos generan m\u00e1s temor, m\u00e1s da\u00f1o y tienen una capacidad de contaminar mucho mayor (&#8230;) en esta regi\u00f3n tenemos una gran preocupaci\u00f3n por llegar a tiempo, por prepararnos, por anticiparnos (&#8230;)\u00bb, dijo la autoridad, quien destac\u00f3 el esp\u00edritu colaborativo, se\u00f1alando que es el recurso m\u00e1s importante y el que m\u00e1s resultados pueda dar.<\/span><\/p>\n<\/div><\/section><\/div><div  style='height:50px' class='hr hr-invisible   avia-builder-el-6  el_after_av_one_full  el_before_av_social_share '><span class='hr-inner ' ><span class='hr-inner-style'><\/span><\/span><\/div><\/p>\n<div  class='av-social-sharing-box  avia-builder-el-7  el_after_av_hr  el_before_av_hr  '><div class='av-share-box'><h5 class='av-share-link-description av-no-toc '>Compartir esta noticia<\/h5><ul class='av-share-box-list noLightbox'><li class='av-share-link av-social-link-facebook' ><a target=\"_blank\" aria-label=\"Compartir en Facebook\" href='https:\/\/www.facebook.com\/sharer.php?u=https:\/\/radiorevelacionfm.cl\/?p=42316&#038;t=Carabineros%20recibe%2017%20carros%20para%20el%20servicio%20policial%20en%20seis%20comunas%20de%20la%20regi%C3%B3n%20de%20Ays%C3%A9n' aria-hidden='false' data-av_icon='\ue8f3' data-av_iconfont='entypo-fontello' title='' data-avia-related-tooltip='Compartir en Facebook' rel=\"noopener\"><span class='avia_hidden_link_text'>Compartir en Facebook<\/span><\/a><\/li><li class='av-share-link av-social-link-twitter' ><a target=\"_blank\" aria-label=\"Compartir en Twitter\" href='https:\/\/twitter.com\/share?text=Carabineros%20recibe%2017%20carros%20para%20el%20servicio%20policial%20en%20seis%20comunas%20de%20la%20regi%C3%B3n%20de%20Ays%C3%A9n&#038;url=https:\/\/radiorevelacionfm.cl\/?p=42316' aria-hidden='false' data-av_icon='\ue8f1' data-av_iconfont='entypo-fontello' title='' data-avia-related-tooltip='Compartir en Twitter' rel=\"noopener\"><span class='avia_hidden_link_text'>Compartir en Twitter<\/span><\/a><\/li><li class='av-share-link av-social-link-whatsapp' ><a target=\"_blank\" aria-label=\"Compartir en Whatsapp\" href='https:\/\/api.whatsapp.com\/send?text=https:\/\/radiorevelacionfm.cl\/?p=42316' aria-hidden='false' data-av_icon='\uf232' data-av_iconfont='entypo-fontello' title='' data-avia-related-tooltip='Compartir en Whatsapp' rel=\"noopener\"><span class='avia_hidden_link_text'>Compartir en Whatsapp<\/span><\/a><\/li><li class='av-share-link av-social-link-linkedin' ><a target=\"_blank\" aria-label=\"Compartir en LinkedIn\" href='https:\/\/linkedin.com\/shareArticle?mini=true&#038;title=Carabineros%20recibe%2017%20carros%20para%20el%20servicio%20policial%20en%20seis%20comunas%20de%20la%20regi%C3%B3n%20de%20Ays%C3%A9n&#038;url=https:\/\/radiorevelacionfm.cl\/?p=42316' aria-hidden='false' data-av_icon='\ue8fc' data-av_iconfont='entypo-fontello' title='' data-avia-related-tooltip='Compartir en LinkedIn' rel=\"noopener\"><span class='avia_hidden_link_text'>Compartir en LinkedIn<\/span><\/a><\/li><li class='av-share-link av-social-link-mail' ><a  aria-label=\"Compartir por correo\" href='mailto:?subject=Carabineros%20recibe%2017%20carros%20para%20el%20servicio%20policial%20en%20seis%20comunas%20de%20la%20regi%C3%B3n%20de%20Ays%C3%A9n&#038;body=https:\/\/radiorevelacionfm.cl\/?p=42316' aria-hidden='false' data-av_icon='\ue805' data-av_iconfont='entypo-fontello' title='' data-avia-related-tooltip='Compartir por correo'><span class='avia_hidden_link_text'>Compartir por correo<\/span><\/a><\/li><\/ul><\/div><\/div>\n<div  style='height:50px' class='hr hr-invisible   avia-builder-el-8  el_after_av_social_share  el_before_av_comments_list '><span class='hr-inner ' ><span class='hr-inner-style'><\/span><\/span><\/div>\n<div  class='av-buildercomment  av-blog-meta-html-info-disabled av-blog-meta-tag-disabled  '><\/div>\n","protected":false},"excerpt":{"rendered":"","protected":false},"author":1,"featured_media":42317,"comment_status":"open","ping_status":"open","sticky":false,"template":"","format":"standard","meta":{"footnotes":""},"categories":[36],"tags":[],"class_list":["post-42316","post","type-post","status-publish","format-standard","has-post-thumbnail","hentry","category-policial"],"jetpack_featured_media_url":"https:\/\/radiorevelacionfm.cl\/wp-content\/uploads\/2024\/05\/520abe5f-d566-45a3-8acb-7554870da2d6-1_optimized.jpg","_links":{"self":[{"href":"https:\/\/radiorevelacionfm.cl\/index.php?rest_route=\/wp\/v2\/posts\/42316","targetHints":{"allow":["GET"]}}],"collection":[{"href":"https:\/\/radiorevelacionfm.cl\/index.php?rest_route=\/wp\/v2\/posts"}],"about":[{"href":"https:\/\/radiorevelacionfm.cl\/index.php?rest_route=\/wp\/v2\/types\/post"}],"author":[{"embeddable":true,"href":"https:\/\/radiorevelacionfm.cl\/index.php?rest_route=\/wp\/v2\/users\/1"}],"replies":[{"embeddable":true,"href":"https:\/\/radiorevelacionfm.cl\/index.php?rest_route=%2Fwp%2Fv2%2Fcomments&post=42316"}],"version-history":[{"count":1,"href":"https:\/\/radiorevelacionfm.cl\/index.php?rest_route=\/wp\/v2\/posts\/42316\/revisions"}],"predecessor-version":[{"id":42318,"href":"https:\/\/radiorevelacionfm.cl\/index.php?rest_route=\/wp\/v2\/posts\/42316\/revisions\/42318"}],"wp:featuredmedia":[{"embeddable":true,"href":"https:\/\/radiorevelacionfm.cl\/index.php?rest_route=\/wp\/v2\/media\/42317"}],"wp:attachment":[{"href":"https:\/\/radiorevelacionfm.cl\/index.php?rest_route=%2Fwp%2Fv2%2Fmedia&parent=42316"}],"wp:term":[{"taxonomy":"category","embeddable":true,"href":"https:\/\/radiorevelacionfm.cl\/index.php?rest_route=%2Fwp%2Fv2%2Fcategories&post=42316"},{"taxonomy":"post_tag","embeddable":true,"href":"https:\/\/radiorevelacionfm.cl\/index.php?rest_route=%2Fwp%2Fv2%2Ftags&post=42316"}],"curies":[{"name":"wp","href":"https:\/\/api.w.org\/{rel}","templated":true}]}}