{"id":42313,"date":"2024-05-19T16:03:18","date_gmt":"2024-05-19T19:03:18","guid":{"rendered":"https:\/\/radiorevelacionfm.cl\/?p=42313"},"modified":"2024-05-19T16:03:18","modified_gmt":"2024-05-19T19:03:18","slug":"sernameg-interpone-querella-por-tercer-femicidio-frustrado-en-coyhaique-en-lo-que-va-del-ano","status":"publish","type":"post","link":"https:\/\/radiorevelacionfm.cl\/?p=42313","title":{"rendered":"SernamEG interpone querella por tercer femicidio frustrado en Coyhaique en lo que va del a\u00f1o"},"content":{"rendered":"<div class=\"flex_column av_one_full  flex_column_div av-zero-column-padding first  avia-builder-el-0  el_before_av_one_full  avia-builder-el-first  \" style='border-radius:0px; '><div  class='avia-image-container  av-styling-    avia-builder-el-1  avia-builder-el-no-sibling  avia-align-center '  itemprop=\"image\" itemscope=\"itemscope\" itemtype=\"https:\/\/schema.org\/ImageObject\"  ><div class='avia-image-container-inner'><div class='avia-image-overlay-wrap'><img decoding=\"async\" class='wp-image-42314 avia-img-lazy-loading-not-42314 avia_image' src=\"https:\/\/radiorevelacionfm.cl\/wp-content\/uploads\/2024\/05\/SernamEG-1-1.jpg\" alt='' title='SernamEG (1) (1)' height=\"600\" width=\"866\"  itemprop=\"thumbnailUrl\" srcset=\"https:\/\/radiorevelacionfm.cl\/wp-content\/uploads\/2024\/05\/SernamEG-1-1.jpg 866w, https:\/\/radiorevelacionfm.cl\/wp-content\/uploads\/2024\/05\/SernamEG-1-1-300x208.jpg 300w, https:\/\/radiorevelacionfm.cl\/wp-content\/uploads\/2024\/05\/SernamEG-1-1-768x532.jpg 768w, https:\/\/radiorevelacionfm.cl\/wp-content\/uploads\/2024\/05\/SernamEG-1-1-705x488.jpg 705w, https:\/\/radiorevelacionfm.cl\/wp-content\/uploads\/2024\/05\/SernamEG-1-1-450x312.jpg 450w, https:\/\/radiorevelacionfm.cl\/wp-content\/uploads\/2024\/05\/SernamEG-1-1-600x416.jpg 600w\" sizes=\"(max-width: 866px) 100vw, 866px\" \/><\/div><\/div><\/div><\/div><div class=\"flex_column av_one_full  flex_column_div av-zero-column-padding first  avia-builder-el-2  el_after_av_one_full  el_before_av_one_full  column-top-margin\" style='border-radius:0px; '><section class=\"av_textblock_section \"  itemscope=\"itemscope\" itemtype=\"https:\/\/schema.org\/BlogPosting\" itemprop=\"blogPost\" ><div class='avia_textblock  '   itemprop=\"text\" ><p style=\"text-align: center;\"><strong><span style=\"font-size: 18pt;\">SernamEG interpone querella por tercer femicidio frustrado en Coyhaique en lo que va del a\u00f1o\u00a0<\/span><\/strong><\/p>\n<div id=\"gtx-trans\" style=\"position: absolute; left: -50px; top: 4.31534px;\">\n<div class=\"gtx-trans-icon\"><\/div>\n<\/div>\n<\/div><\/section><\/div><div class=\"flex_column av_one_full  flex_column_div av-zero-column-padding first  avia-builder-el-4  el_after_av_one_full  el_before_av_hr  column-top-margin\" style='border-radius:0px; '><section class=\"av_textblock_section \"  itemscope=\"itemscope\" itemtype=\"https:\/\/schema.org\/BlogPosting\" itemprop=\"blogPost\" ><div class='avia_textblock  '   itemprop=\"text\" ><p dir=\"ltr\" style=\"text-align: justify;\">La Directora Regional del Servicio Nacional de la Mujer y la Equidad de G\u00e9nero, Patricia Baeza Cabezas, inform\u00f3 que el Juzgado de Garant\u00eda de Coyhaique declar\u00f3 admisible la querella del servicio por el delito de femicidio frustrado, referida a un hecho perpetrado en la capital de la regi\u00f3n el pasado 10 de mayo.<\/p>\n<p dir=\"ltr\" style=\"text-align: justify;\">Con este caso, el n\u00famero de femicidios frustrados en lo que va de este 2024 alcanza a tres en la Regi\u00f3n de Ays\u00e9n, espec\u00edficamente en la ciudad de Coyhaique.<\/p>\n<p dir=\"ltr\" style=\"text-align: justify;\">A ra\u00edz de esto, desde SernamEG levantaron una alerta por la alarmante frecuencia con la que est\u00e1n ocurriendo estos delitos en la regi\u00f3n, sobre todo teniendo en cuenta que, de acuerdo a los datos del Ministerio de la Mujer y Equidad de G\u00e9nero que publica El Mostrador, los primeros cuatro meses de 2024 Chile registr\u00f3 un aumento del 42% de femicidios en comparaci\u00f3n con el mismo per\u00edodo en 2023.<\/p>\n<p dir=\"ltr\" style=\"text-align: justify;\">\u00abEstamos tremendamente preocupados como servicio por las estad\u00edsticas y por los casos que se han dado en la regi\u00f3n. En ese marco, queremos reforzar la importancia de prevenir temas de violencia y, de alguna manera, hacer un llamado a la comunidad y a las mujeres que son v\u00edctimas de violencia, puedan hacer sus denuncias a los tel\u00e9fonos que hemos repetido de manera reiterada siempre que hemos tenido la oportunidad: con Carabineros de Chile a trav\u00e9s del 133, y Polic\u00eda de Investigaciones (134). Tambi\u00e9n pueden recibir orientaci\u00f3n a trav\u00e9s del tel\u00e9fono del Servicio Nacional de la Mujer y la Equidad de G\u00e9nero, el 1455\u00bb, enfatiz\u00f3 la Directora Regional de SernamEG Ays\u00e9n, Patricia Baeza Cabezas.<\/p>\n<p dir=\"ltr\" style=\"text-align: justify;\">Adem\u00e1s, la Directora se\u00f1al\u00f3 que para recibir atenci\u00f3n en los Centros de las Mujeres de SernamEG no es necesario contar con una denuncia previa, sino que todas las personas que lo necesiten pueden acudir para recibir orientaci\u00f3n y apoyo en temas de violencias de g\u00e9nero. En la Regi\u00f3n de Ays\u00e9n, el servicio cuenta con dos centros, uno en Coyhaique y otro en Puerto Ays\u00e9n, cuyas direcciones y tel\u00e9fonos se encuentran en la p\u00e1gina web\u00a0<a href=\"http:\/\/www.sernameg.gob.cl\/\" target=\"_blank\" rel=\"noopener noreferrer\">www.sernameg.gob.cl<\/a>.<\/p>\n<\/div><\/section><\/div><div  style='height:50px' class='hr hr-invisible   avia-builder-el-6  el_after_av_one_full  el_before_av_social_share '><span class='hr-inner ' ><span class='hr-inner-style'><\/span><\/span><\/div><\/p>\n<div  class='av-social-sharing-box  avia-builder-el-7  el_after_av_hr  el_before_av_hr  '><div class='av-share-box'><h5 class='av-share-link-description av-no-toc '>Compartir esta noticia<\/h5><ul class='av-share-box-list noLightbox'><li class='av-share-link av-social-link-facebook' ><a target=\"_blank\" aria-label=\"Compartir en Facebook\" href='https:\/\/www.facebook.com\/sharer.php?u=https:\/\/radiorevelacionfm.cl\/?p=42313&#038;t=SernamEG%20interpone%20querella%20por%20tercer%20femicidio%20frustrado%20en%20Coyhaique%20en%20lo%20que%20va%20del%20a%C3%B1o' aria-hidden='false' data-av_icon='\ue8f3' data-av_iconfont='entypo-fontello' title='' data-avia-related-tooltip='Compartir en Facebook' rel=\"noopener\"><span class='avia_hidden_link_text'>Compartir en Facebook<\/span><\/a><\/li><li class='av-share-link av-social-link-twitter' ><a target=\"_blank\" aria-label=\"Compartir en Twitter\" href='https:\/\/twitter.com\/share?text=SernamEG%20interpone%20querella%20por%20tercer%20femicidio%20frustrado%20en%20Coyhaique%20en%20lo%20que%20va%20del%20a%C3%B1o&#038;url=https:\/\/radiorevelacionfm.cl\/?p=42313' aria-hidden='false' data-av_icon='\ue8f1' data-av_iconfont='entypo-fontello' title='' data-avia-related-tooltip='Compartir en Twitter' rel=\"noopener\"><span class='avia_hidden_link_text'>Compartir en Twitter<\/span><\/a><\/li><li class='av-share-link av-social-link-whatsapp' ><a target=\"_blank\" aria-label=\"Compartir en Whatsapp\" href='https:\/\/api.whatsapp.com\/send?text=https:\/\/radiorevelacionfm.cl\/?p=42313' aria-hidden='false' data-av_icon='\uf232' data-av_iconfont='entypo-fontello' title='' data-avia-related-tooltip='Compartir en Whatsapp' rel=\"noopener\"><span class='avia_hidden_link_text'>Compartir en Whatsapp<\/span><\/a><\/li><li class='av-share-link av-social-link-linkedin' ><a target=\"_blank\" aria-label=\"Compartir en LinkedIn\" href='https:\/\/linkedin.com\/shareArticle?mini=true&#038;title=SernamEG%20interpone%20querella%20por%20tercer%20femicidio%20frustrado%20en%20Coyhaique%20en%20lo%20que%20va%20del%20a%C3%B1o&#038;url=https:\/\/radiorevelacionfm.cl\/?p=42313' aria-hidden='false' data-av_icon='\ue8fc' data-av_iconfont='entypo-fontello' title='' data-avia-related-tooltip='Compartir en LinkedIn' rel=\"noopener\"><span class='avia_hidden_link_text'>Compartir en LinkedIn<\/span><\/a><\/li><li class='av-share-link av-social-link-mail' ><a  aria-label=\"Compartir por correo\" href='mailto:?subject=SernamEG%20interpone%20querella%20por%20tercer%20femicidio%20frustrado%20en%20Coyhaique%20en%20lo%20que%20va%20del%20a%C3%B1o&#038;body=https:\/\/radiorevelacionfm.cl\/?p=42313' aria-hidden='false' data-av_icon='\ue805' data-av_iconfont='entypo-fontello' title='' data-avia-related-tooltip='Compartir por correo'><span class='avia_hidden_link_text'>Compartir por correo<\/span><\/a><\/li><\/ul><\/div><\/div>\n<div  style='height:50px' class='hr hr-invisible   avia-builder-el-8  el_after_av_social_share  el_before_av_comments_list '><span class='hr-inner ' ><span class='hr-inner-style'><\/span><\/span><\/div>\n<div  class='av-buildercomment  av-blog-meta-html-info-disabled av-blog-meta-tag-disabled  '><\/div>\n","protected":false},"excerpt":{"rendered":"","protected":false},"author":1,"featured_media":42314,"comment_status":"open","ping_status":"open","sticky":false,"template":"","format":"standard","meta":{"footnotes":""},"categories":[38],"tags":[],"class_list":["post-42313","post","type-post","status-publish","format-standard","has-post-thumbnail","hentry","category-regional"],"jetpack_featured_media_url":"https:\/\/radiorevelacionfm.cl\/wp-content\/uploads\/2024\/05\/SernamEG-1-1.jpg","_links":{"self":[{"href":"https:\/\/radiorevelacionfm.cl\/index.php?rest_route=\/wp\/v2\/posts\/42313","targetHints":{"allow":["GET"]}}],"collection":[{"href":"https:\/\/radiorevelacionfm.cl\/index.php?rest_route=\/wp\/v2\/posts"}],"about":[{"href":"https:\/\/radiorevelacionfm.cl\/index.php?rest_route=\/wp\/v2\/types\/post"}],"author":[{"embeddable":true,"href":"https:\/\/radiorevelacionfm.cl\/index.php?rest_route=\/wp\/v2\/users\/1"}],"replies":[{"embeddable":true,"href":"https:\/\/radiorevelacionfm.cl\/index.php?rest_route=%2Fwp%2Fv2%2Fcomments&post=42313"}],"version-history":[{"count":1,"href":"https:\/\/radiorevelacionfm.cl\/index.php?rest_route=\/wp\/v2\/posts\/42313\/revisions"}],"predecessor-version":[{"id":42315,"href":"https:\/\/radiorevelacionfm.cl\/index.php?rest_route=\/wp\/v2\/posts\/42313\/revisions\/42315"}],"wp:featuredmedia":[{"embeddable":true,"href":"https:\/\/radiorevelacionfm.cl\/index.php?rest_route=\/wp\/v2\/media\/42314"}],"wp:attachment":[{"href":"https:\/\/radiorevelacionfm.cl\/index.php?rest_route=%2Fwp%2Fv2%2Fmedia&parent=42313"}],"wp:term":[{"taxonomy":"category","embeddable":true,"href":"https:\/\/radiorevelacionfm.cl\/index.php?rest_route=%2Fwp%2Fv2%2Fcategories&post=42313"},{"taxonomy":"post_tag","embeddable":true,"href":"https:\/\/radiorevelacionfm.cl\/index.php?rest_route=%2Fwp%2Fv2%2Ftags&post=42313"}],"curies":[{"name":"wp","href":"https:\/\/api.w.org\/{rel}","templated":true}]}}